{"id":107395,"date":"2025-09-11T09:00:11","date_gmt":"2025-09-11T09:00:11","guid":{"rendered":"https:\/\/www.europesays.com\/es\/107395\/"},"modified":"2025-09-11T09:00:11","modified_gmt":"2025-09-11T09:00:11","slug":"david-ferrer-sobre-las-numerosas-bajas-de-espana-en-la-davis-no-quiero-perder-mas-el-tiempo-en-lamentar-los-que-no-estan-tenis","status":"publish","type":"post","link":"https:\/\/www.europesays.com\/es\/107395\/","title":{"rendered":"David Ferrer, sobre las numerosas bajas de Espa\u00f1a en la Davis: \u00abNo quiero perder m\u00e1s el tiempo en lamentar los que no est\u00e1n\u00bb | Tenis"},"content":{"rendered":"<p>David Ferrer, capit\u00e1n del equipo espa\u00f1ol de la Copa Davis, declar\u00f3 este mi\u00e9rcoles que Espa\u00f1a, pese a las bajas de Carlos Alcaraz, Marcel Granollers y Alejandro Davidovich, es \u00abun pel\u00edn m\u00e1s favorita\u00bb si juega \u00abbien y compite\u00bb ante Dinamarca en la segunda ronda clasificatoria del torneo, que se disputa este fin de semana en Marbella.<\/p>\n<p>La selecci\u00f3n nacional realiz\u00f3 este mi\u00e9rcoles su segundo entrenamiento en las pistas del Club de Tenis Puente Romano, tras haber probado la tierra batida de Marbella en una primera toma de contacto el martes, y a su finalizaci\u00f3n el equipo atendi\u00f3 a los periodistas tres d\u00edas antes del cruce ante Dinamarca, en la que destaca Holger Rune, n\u00famero 11 del mundo, por un billete a las finales de la Davis.<\/p>\n<p>Ferrer subray\u00f3 su confianza en el nivel de su equipo, formado por Jaume Munar, Pablo Carre\u00f1o, el valenciano Pedro Mart\u00ednez y Roberto Carball\u00e9s, el definitivo despu\u00e9s de hasta tres bajas confirmadas, las de Alcaraz y el malague\u00f1o Davidovich por cansancio y la \u00faltima por lesi\u00f3n de Granollers, que conquist\u00f3 hace unos d\u00edas el Abierto de Estados Unidos en la modalidad de dobles. <\/p>\n<p>M\u00e1s informaci\u00f3n<\/p>\n<p>\u00abObviamente, hay dos bajas muy importantes, la de Carlos Alcaraz y Marcel Granollers, pero lo aceptamos y lo afrontamos. Son cosas que pueden suceder. Ya no quiero perder m\u00e1s el tiempo en lamentar los que podr\u00edan haber estado y no est\u00e1n. Yo conf\u00edo en mi equipo, han debutado todos ya en Copa Davis y eso te da confianza para saber que son jugadores de equipo y que van a dar el m\u00e1ximo\u00bb, argument\u00f3 el alicantino.<\/p>\n<p>Tras asegurar que \u00ablos entrenamientos van muy bien\u00bb, indic\u00f3 que Munar llega \u00abcon mucha confianza, haciendo un muy buen resultado en el \u00faltimo Gran Slam\u00bb, en el que alcanz\u00f3 los octavos en Nueva York, mientras que Carball\u00e9s, \u00abdespu\u00e9s de la lesi\u00f3n, ya viene bien f\u00edsicamente y Pedro Mart\u00ednez tambi\u00e9n ha venido de competir la semana pasada en tierra batida, y eso siempre es importante para encarar el a\u00f1o\u00bb.<\/p>\n<p>Ferrer los ve a todos \u00aben perfectas condiciones para afrontar una eliminatoria\u00bb que saben que \u00abva a ser dif\u00edcil\u00bb, si bien reiter\u00f3 que su confianza es plena. \u00abHonestamente, creo que nosotros tendremos oportunidades y que si estamos bien y competimos, somos un pel\u00edn m\u00e1s favoritos\u00bb, a\u00f1adi\u00f3.<\/p>\n<p>Jaume Munar, el n\u00famero uno de Espa\u00f1a en Marbella<\/p>\n<p>El mallorqu\u00edn Jaume Munar, a sus 28 a\u00f1os, ser\u00e1 el n\u00famero uno espa\u00f1ol en la eliminatoria de segunda ronda ante Dinamarca despu\u00e9s de la renuncia de Alcaraz. Llega a la cita tras caer en octavos de final del Abierto de Estados Unidos ante Lorenzo Musetti y se siente \u00aborgulloso de estar en la posici\u00f3n\u00bb que ha alcanzado en el ranking, el 37 del mundo.<\/p>\n<p>\u00abEstoy muy contento de estar aqu\u00ed por lo que representa y por las ganas que tenemos de estar con la selecci\u00f3n. Personalmente, he tenido muy buenos resultados en Puente Romano y en Marbella, tengo grandes recuerdos. Estoy listo para si tengo que estar en pista, pues dar mi cien por cien\u00bb, asegur\u00f3 Munar, que rest\u00f3 importancia a su rol en la eliminatoria.<\/p>\n<p>\u201cEl tema de ser el n\u00famero uno del equipo creo que no representa ninguna diferencia. Est\u00e1bamos un equipo muy similar en Suiza y, si no recuerdo mal, yo era el jugador n\u00famero tres. Tenemos tambi\u00e9n a Pablo Carre\u00f1o, que todos sabemos el nivel de tenis que tiene, que ha tenido y d\u00f3nde ha estado, con lo cual yo no me considero ni mucho menos mejor jugador que ninguno de ellos, soy uno m\u00e1s\u00bb, asever\u00f3 el balear.<\/p>\n<p>Sobre la victoria de Alcaraz en Estados Unidos, destac\u00f3 que su logro fue \u00abespectacular\u00bb y que \u00abfue a un nivel m\u00e1s\u00bb, pues est\u00e1n \u00abhablando de un talento generacional, de alguien que va a competir para superar r\u00e9cords; como rival no me gusta tanto, como compa\u00f1ero y espa\u00f1ol, obviamente a disfrutarlo y a ser conscientes de lo que tenemos en casa\u00bb, recalc\u00f3. <\/p>\n<p>Su compa\u00f1ero Pablo Carre\u00f1o analiz\u00f3 c\u00f3mo llegan a los partidos frente a los daneses. \u00abTenemos una relaci\u00f3n muy buena todos. Creo que vienen jugando muy bien tanto Jaume como Pedro en estos \u00faltimos meses, Roberto tambi\u00e9n lo ha demostrado al principio del a\u00f1o que tiene un gran nivel. En mi caso, despu\u00e9s de la lesi\u00f3n y del par\u00f3n que he tenido en verano, poco a poco he ido cogiendo ritmo, as\u00ed que estamos preparados para esta eliminatoria\u00bb, afirm\u00f3.<\/p>\n<p>Pedro Mart\u00ednez, natural de Alzira, se\u00f1al\u00f3, por su parte, que estar en Marbella con el equipo espa\u00f1ol \u00abes algo por lo que todos\u00bb luchan \u00abdurante el a\u00f1o\u00bb y resalt\u00f3 que llegan \u00abtodos en buenas condiciones f\u00edsicas para jugar\u00bb una eliminatoria que \u00abva a ser dif\u00edcil\u00bb, pero que conf\u00eda en que \u00abse pueda sacar adelante\u201d.<\/p>\n<p>Roberto Carball\u00e9s, para finalizar, dijo que es un \u00abprivilegio\u00bb poder estar en la &#8216;Armada&#8217;. \u00abSomos un equipo en el que todos nos conocemos desde hace mucho tiempo, estuvimos juntos en el CAR de peque\u00f1os y se nota que el ambiente es muy bueno\u00bb, subray\u00f3. <\/p>\n","protected":false},"excerpt":{"rendered":"David Ferrer, capit\u00e1n del equipo espa\u00f1ol de la Copa Davis, declar\u00f3 este mi\u00e9rcoles que Espa\u00f1a, pese a las&hellip;\n","protected":false},"author":2,"featured_media":107396,"comment_status":"","ping_status":"","sticky":false,"template":"","format":"standard","meta":{"footnotes":""},"categories":[274],"tags":[168,25,24,23,167,327,326],"class_list":{"0":"post-107395","1":"post","2":"type-post","3":"status-publish","4":"format-standard","5":"has-post-thumbnail","7":"category-tenis","8":"tag-deportes","9":"tag-es","10":"tag-espana","11":"tag-spain","12":"tag-sports","13":"tag-tenis","14":"tag-tennis"},"share_on_mastodon":{"url":"","error":""},"_links":{"self":[{"href":"https:\/\/www.europesays.com\/es\/wp-json\/wp\/v2\/posts\/107395","targetHints":{"allow":["GET"]}}],"collection":[{"href":"https:\/\/www.europesays.com\/es\/wp-json\/wp\/v2\/posts"}],"about":[{"href":"https:\/\/www.europesays.com\/es\/wp-json\/wp\/v2\/types\/post"}],"author":[{"embeddable":true,"href":"https:\/\/www.europesays.com\/es\/wp-json\/wp\/v2\/users\/2"}],"replies":[{"embeddable":true,"href":"https:\/\/www.europesays.com\/es\/wp-json\/wp\/v2\/comments?post=107395"}],"version-history":[{"count":0,"href":"https:\/\/www.europesays.com\/es\/wp-json\/wp\/v2\/posts\/107395\/revisions"}],"wp:featuredmedia":[{"embeddable":true,"href":"https:\/\/www.europesays.com\/es\/wp-json\/wp\/v2\/media\/107396"}],"wp:attachment":[{"href":"https:\/\/www.europesays.com\/es\/wp-json\/wp\/v2\/media?parent=107395"}],"wp:term":[{"taxonomy":"category","embeddable":true,"href":"https:\/\/www.europesays.com\/es\/wp-json\/wp\/v2\/categories?post=107395"},{"taxonomy":"post_tag","embeddable":true,"href":"https:\/\/www.europesays.com\/es\/wp-json\/wp\/v2\/tags?post=107395"}],"curies":[{"name":"wp","href":"https:\/\/api.w.org\/{rel}","templated":true}]}}