{"id":107411,"date":"2025-09-11T09:10:08","date_gmt":"2025-09-11T09:10:08","guid":{"rendered":"https:\/\/www.europesays.com\/es\/107411\/"},"modified":"2025-09-11T09:10:08","modified_gmt":"2025-09-11T09:10:08","slug":"el-romance-mas-polemico-de-harry-potter-que-pedian-los-fans-se-hara-realidad-en-una-nueva-y-epica-pelicula-vandal","status":"publish","type":"post","link":"https:\/\/www.europesays.com\/es\/107411\/","title":{"rendered":"El romance m\u00e1s pol\u00e9mico de Harry Potter que ped\u00edan los fans se har\u00e1 realidad en una nueva y \u00e9pica pel\u00edcula &#8211; Vandal"},"content":{"rendered":"<ol>\n<li><a href=\"https:\/\/news.google.com\/rss\/articles\/CBMi6AFBVV95cUxNNDhna3pkNjU4bFdyeUFxY3VqcDBaVkhHWjRfRWs0S2FDazFxLWVKRkwyX1hQeTJEZ1I4cUFWbnpyMEc4ZU1SQ09SR29zVV9zM3NoZG5Ld0daMmJGLVpFTU03SVhMcUFjWUxyRk43UzREZzdDejZjNmo3TTQyck42Q0xoTXFYVkJqM2c4RVVsaFpGQi1ISWFIX2Y0a2JoSTlFVURDMW5IVzlyeWV1aUptbnFjMzdnaVpSTzNFbjNWcVF1a2tQcFl3ak15WlNHTE5fN1VsYkZLaEtPeUJoeC1pb3ZQMTBYNU1k0gHuAUFVX3lxTFA0Y29tdDRhUWJxckI5d1plNmU0ZDdZM25kTjBWYl9manptM0FuWHIyZmdIODNlWWVPZzZQbjBNTnhHMnJ1R25JM0R3Tnl4OUMxZUYtMllMLXdfUUdIeEhBOFU0c0tQVHNYMmJIWi1WeWh3cjJZcmVBMkxIMUh5Um81NENaNlhkOXJLc2txaTc1bUNtLVNLMGlES1JINVlaZmZUM2VZc3NWeXVzQl8tVTBXeUg4QlV5c0tFdHRCcEJQNjNSRS1mRDB4eXFFR1lIMU1nMmo1QTFNZmZXUm9QSW54TV91UFQxc2ZzTWdPRWc?oc=5\" target=\"_blank\" rel=\"nofollow noopener\">El romance m\u00e1s pol\u00e9mico de Harry Potter que ped\u00edan los fans se har\u00e1 realidad en una nueva y \u00e9pica pel\u00edcula<\/a>&nbsp;&nbsp;Vandal<\/li>\n<li><a href=\"https:\/\/news.google.com\/rss\/articles\/CBMiggJBVV95cUxPSnBUMmFBRnQtQVA1MjJOLUhqSGdrd1NYYzVaOGVHV3NzNlZWdllIRkdGQ2xNMlRyQjhWX2hfb2hUaF8wUHdSRGlseEtyS3Z0VzUtQ3NDRzU5MFJVVllDU3h5MnZmalAzUWRTUi1sMGM2cFBnYmoyN3loVlZ5N3NpN0xDS0o5SlVNZlpnd1pWVWpmTG9VdWZ1dGZZLWpDMC1Ia3E5cWNSM001UjJ1UDBzM0JNUWRjWWxwSlBnYWZRQ2VDUkhqd05RSXRrV1I0NUlLUGp6N3FONmFBSHJRczB4aHFXR2o0YWVneFRkckIweF9QajJsd3RnQWdNbTBxaTBxbWfSAZYCQVVfeXFMUGs2d1JuUVJGcHNhS2c1VzlMVTJoYXhBa0RMQTJ6ckpRV3FtVmxQN3FkQ3BFUG9QeFlFT1BBX05fUi1TQ1I3eEVUb2gxektkaDdrdkJDbFd6aHpvaHpEWUJWZHQyTUNaVGlBWk81OHVaMVcwVGNuUnY1U3lrRUNnVFYxMkxVQlpCQTZ3LVpDZ0hiazNLYkdPdnVZVzhNWGxwVWFsX3VOMzBoY09BZkZ5M3VsVjl3MHRWNlg1MlRWQXNySnBnTTFvak45aXZINkpvSlYwUGxBSWNnUWprSzk0LTlWZVNIUzJVUGozMFdtNHJDNVNWRXpOdWdpRm1abGlPVU9SdEZBajZINDFNZkpOcTlDM014Smc?oc=5\" target=\"_blank\" rel=\"nofollow noopener\">El romance entre Malfoy y Hermione solo se dio en fan-fictions de \u2018Harry Potter\u2019, pero este se reconvirti\u00f3 en<\/a>&nbsp;&nbsp;Diario AS<\/li>\n<li><a href=\"https:\/\/news.google.com\/rss\/articles\/CBMizgFBVV95cUxPSm1BeENCWmNfSXYtLWQ1OGppS09adVpkS1gxc2daSGJWWjZ1cGhScmZ1WnQ1dU0xTzRUdUY4YkRVRUxBZkk3YmRBREZiT0dYRGhmNDFRWFVQQnBEMGdGT0d2Y2w0Q2lUNXNFMkJURGhCcjItSUdEcHROZlRQSVVkRFlYMnlUVHhIbmI2WVNKLTYwSzJZVUVzM09KYS01V3hVNUFTR2d5N2VzaVhkTVZxbXpYMkZBSzA1dVF2MUFGUDFwX2I0N1ozaGNFUDV5QQ?oc=5\" target=\"_blank\" rel=\"nofollow noopener\">Comenz\u00f3 como un fanfic de Hermione y Draco enrollados y Legendary se acaba de gastar un pastizal para hacerle una pel\u00edcula<\/a>&nbsp;&nbsp;VidaExtra<\/li>\n<li><a href=\"https:\/\/news.google.com\/rss\/articles\/CBMilgFBVV95cUxQZjVlT2d4VUJqZ0JfeTFjNWNRMGtYN29lTGJtTVRyeGlaSlVSMGV6Y0VHVTNyZzZOZEtMOU9kbXJfRXVIb0RYamROR05KNUNZUlk3N1RkTW9MSDhJYlk1N2pmODV5ZU56UkZ1WF83OVVielhONGUxeVRFQ2YyR1JmdW1BTElRUXc4S1ZfbjBFd0pvMTVFbEE?oc=5\" target=\"_blank\" rel=\"nofollow noopener\">\u00bfQu\u00e9 es \u2018Alchemised\u2019? El libro que empez\u00f3 como un \u2018fan-fiction\u2019 de \u2018Harry Potter\u2019 que podr\u00eda ser pel\u00edcula<\/a>&nbsp;&nbsp;Yahoo en Espa\u00f1ol Vida y Estilo<\/li>\n<li><a href=\"https:\/\/news.google.com\/rss\/articles\/CBMidkFVX3lxTE1WUF9yV1Boa2Z2UGhLNUtVdVRfUERJd3gwWGZfaXh1NDhOdFNLR09tMlZ1MUtCZTBPWngzcUo1VnJPSFM1RUhqNkppa0l3ZWZfTDV3bVRTMkxqTFY2bDFjVXBFVUlXWFczdGdGdnZBYkZfUFhlS1E?oc=5\" target=\"_blank\" rel=\"nofollow noopener\">\u00bfDraco y Hermione juntos? As\u00ed ser\u00eda la nueva pel\u00edcula inspirada en Harry Potter<\/a>&nbsp;&nbsp;palomaynacho.com<\/li>\n<\/ol>\n","protected":false},"excerpt":{"rendered":"El romance m\u00e1s pol\u00e9mico de Harry Potter que ped\u00edan los fans se har\u00e1 realidad en una nueva y&hellip;\n","protected":false},"author":2,"featured_media":107412,"comment_status":"","ping_status":"","sticky":false,"template":"","format":"standard","meta":{"footnotes":""},"categories":[169],"tags":[177,146,147,25,24,2065,176,175,23],"class_list":{"0":"post-107411","1":"post","2":"type-post","3":"status-publish","4":"format-standard","5":"has-post-thumbnail","7":"category-cine","8":"tag-cine","9":"tag-entertainment","10":"tag-entretenimiento","11":"tag-es","12":"tag-espana","13":"tag-faltan-tags","14":"tag-film","15":"tag-movies","16":"tag-spain"},"share_on_mastodon":{"url":"","error":""},"_links":{"self":[{"href":"https:\/\/www.europesays.com\/es\/wp-json\/wp\/v2\/posts\/107411","targetHints":{"allow":["GET"]}}],"collection":[{"href":"https:\/\/www.europesays.com\/es\/wp-json\/wp\/v2\/posts"}],"about":[{"href":"https:\/\/www.europesays.com\/es\/wp-json\/wp\/v2\/types\/post"}],"author":[{"embeddable":true,"href":"https:\/\/www.europesays.com\/es\/wp-json\/wp\/v2\/users\/2"}],"replies":[{"embeddable":true,"href":"https:\/\/www.europesays.com\/es\/wp-json\/wp\/v2\/comments?post=107411"}],"version-history":[{"count":0,"href":"https:\/\/www.europesays.com\/es\/wp-json\/wp\/v2\/posts\/107411\/revisions"}],"wp:featuredmedia":[{"embeddable":true,"href":"https:\/\/www.europesays.com\/es\/wp-json\/wp\/v2\/media\/107412"}],"wp:attachment":[{"href":"https:\/\/www.europesays.com\/es\/wp-json\/wp\/v2\/media?parent=107411"}],"wp:term":[{"taxonomy":"category","embeddable":true,"href":"https:\/\/www.europesays.com\/es\/wp-json\/wp\/v2\/categories?post=107411"},{"taxonomy":"post_tag","embeddable":true,"href":"https:\/\/www.europesays.com\/es\/wp-json\/wp\/v2\/tags?post=107411"}],"curies":[{"name":"wp","href":"https:\/\/api.w.org\/{rel}","templated":true}]}}