{"id":107421,"date":"2025-09-11T09:15:09","date_gmt":"2025-09-11T09:15:09","guid":{"rendered":"https:\/\/www.europesays.com\/es\/107421\/"},"modified":"2025-09-11T09:15:09","modified_gmt":"2025-09-11T09:15:09","slug":"las-bolsas-europeas-suben-antes-del-veredicto-del-bce-y-los-datos-de-eeuu","status":"publish","type":"post","link":"https:\/\/www.europesays.com\/es\/107421\/","title":{"rendered":"Las bolsas europeas suben antes del veredicto del BCE y los datos de EEUU"},"content":{"rendered":"\n<p class=\"yf-1090901\">11 sep (Reuters) &#8211; Las acciones europeas sub\u00edan el jueves, mientras los inversores esperaban con cautela el veredicto de pol\u00edtica monetaria del Banco Central Europeo y un dato clave sobre la inflaci\u00f3n en Estados Unidos m\u00e1s tarde en el d\u00eda.<\/p>\n<p class=\"yf-1090901\">El \u00edndice paneuropeo STOXX 600 sub\u00eda un 0,1%, hasta los 553,03 puntos, a las 0711 GMT, con el sector de bienes personales y para el hogar a la cabeza, con una subida del 0,5%.<\/p>\n<p class=\"yf-1090901\">El sector se vio impulsado por la subida del 1,5% de Kering , despu\u00e9s de que el propietario de Gucci dijera que no comprar\u00e1 la totalidad de la marca de moda italiana Valentino hasta al menos 2028, retrasando la ejecuci\u00f3n de una costosa operaci\u00f3n que ha estado lastrando al grupo, fuertemente endeudado.<\/p>\n<p class=\"yf-1090901\">El principal acontecimiento del d\u00eda ser\u00e1 la decisi\u00f3n del Banco Central Europeo sobre los tipos de inter\u00e9s, prevista para las 1215 GMT.<\/p>\n<p class=\"yf-1090901\">La mayor\u00eda de los economistas no esperan cambios en los costes de endeudamiento, pero los inversores analizar\u00e1n con lupa comentarios de la presidenta Christine Lagarde sobre c\u00f3mo influir\u00e1n las tensas perspectivas comerciales y pol\u00edticas del continente en las perspectivas de una mayor relajaci\u00f3n.<\/p>\n<p class=\"yf-1090901\">Entre otros valores, Covestro sub\u00eda un 6,3% despu\u00e9s de que un art\u00edculo de Reuters dijera que el gigante petrolero estatal de Abu Dhabi ADNOC est\u00e1 preparando soluciones para hacer frente a una investigaci\u00f3n de la UE sobre subvenciones en su oferta de 14.700 millones de euros (17.190 millones de d\u00f3lares) por la empresa.<\/p>\n<p class=\"yf-1090901\">M\u00e1s adelante en la sesi\u00f3n, los inversores centrar\u00e1n su atenci\u00f3n en los datos de inflaci\u00f3n al consumo de Estados Unidos. Los economistas prev\u00e9n que los precios hayan repuntado en agosto, pero es poco probable que eso haga descarrilar el tan esperado recorte de los tipos de inter\u00e9s por parte de la Reserva Federal la semana que viene.<\/p>\n<p class=\"yf-1090901\">(1 d\u00f3lar = 0,8553 euros)<\/p>\n<p class=\"yf-1090901\">(Informaci\u00f3n de Tristan Veyet en Gdansk, Johann M Cherian en Bengaluru; edici\u00f3n de Mrigank Dhaniwala; edici\u00f3n en espa\u00f1ol de Paula Villalba)<\/p>\n","protected":false},"excerpt":{"rendered":"11 sep (Reuters) &#8211; Las acciones europeas sub\u00edan el jueves, mientras los inversores esperaban con cautela el veredicto&hellip;\n","protected":false},"author":2,"featured_media":107422,"comment_status":"","ping_status":"","sticky":false,"template":"","format":"standard","meta":{"footnotes":""},"categories":[80],"tags":[101,82,95,94,25,24,96,23,6407],"class_list":{"0":"post-107421","1":"post","2":"type-post","3":"status-publish","4":"format-standard","5":"has-post-thumbnail","7":"category-economia","8":"tag-banco-central-europeo","9":"tag-business","10":"tag-economia","11":"tag-economy","12":"tag-es","13":"tag-espana","14":"tag-millones-de-euros","15":"tag-spain","16":"tag-tipos-de-interes"},"share_on_mastodon":{"url":"","error":""},"_links":{"self":[{"href":"https:\/\/www.europesays.com\/es\/wp-json\/wp\/v2\/posts\/107421","targetHints":{"allow":["GET"]}}],"collection":[{"href":"https:\/\/www.europesays.com\/es\/wp-json\/wp\/v2\/posts"}],"about":[{"href":"https:\/\/www.europesays.com\/es\/wp-json\/wp\/v2\/types\/post"}],"author":[{"embeddable":true,"href":"https:\/\/www.europesays.com\/es\/wp-json\/wp\/v2\/users\/2"}],"replies":[{"embeddable":true,"href":"https:\/\/www.europesays.com\/es\/wp-json\/wp\/v2\/comments?post=107421"}],"version-history":[{"count":0,"href":"https:\/\/www.europesays.com\/es\/wp-json\/wp\/v2\/posts\/107421\/revisions"}],"wp:featuredmedia":[{"embeddable":true,"href":"https:\/\/www.europesays.com\/es\/wp-json\/wp\/v2\/media\/107422"}],"wp:attachment":[{"href":"https:\/\/www.europesays.com\/es\/wp-json\/wp\/v2\/media?parent=107421"}],"wp:term":[{"taxonomy":"category","embeddable":true,"href":"https:\/\/www.europesays.com\/es\/wp-json\/wp\/v2\/categories?post=107421"},{"taxonomy":"post_tag","embeddable":true,"href":"https:\/\/www.europesays.com\/es\/wp-json\/wp\/v2\/tags?post=107421"}],"curies":[{"name":"wp","href":"https:\/\/api.w.org\/{rel}","templated":true}]}}