{"id":107425,"date":"2025-09-11T09:17:09","date_gmt":"2025-09-11T09:17:09","guid":{"rendered":"https:\/\/www.europesays.com\/es\/107425\/"},"modified":"2025-09-11T09:17:09","modified_gmt":"2025-09-11T09:17:09","slug":"sanchez-se-va-al-cine-y-no-vota-la-reduccion-de-la-jornada-laboral","status":"publish","type":"post","link":"https:\/\/www.europesays.com\/es\/107425\/","title":{"rendered":"S\u00e1nchez se va al cine y no vota la reducci\u00f3n de la jornada laboral"},"content":{"rendered":"<p style=\"\">Los n\u00fameros no sal\u00edan. El Gobierno lo sab\u00eda y llevaba varios d\u00edas articulando el relato para amortiguar la derrota. <a href=\"https:\/\/www.abc.es\/espana\/pp-vox-junts-alian-tumbarle-reduccion-jornada-20250910190449-nt.html\" target=\"_self\" data-voc-vtm-id=\"in-text-traffic\" title=\"Una derrota especialmente dolorosa\" data-mrf-link=\"www.abc.es\" rel=\"nofollow noopener\">Una derrota especialmente dolorosa<\/a> por tratarse de la primera votaci\u00f3n del reci\u00e9n inaugurado curso parlamentario, pero, adem\u00e1s, por neutralizar la medida estrella de la vicepresidenta  &#8230; segunda del Gobierno. Yolanda D\u00edaz ha seguido su propio carril en las negociaciones de <strong>la reducci\u00f3n de la jornada laboral<\/strong>, sin atender a las advertencias del PSOE, que recelaba de sus urgencias y que <a href=\"https:\/\/www.abc.es\/espana\/psoe-desliga-fracaso-yolanda-diaz-reduccion-jornada-20250911041553-nt.html\" target=\"_self\" data-voc-vtm-id=\"in-text-traffic\" title=\"no ha querido involucrarse en las conversaciones\" data-mrf-link=\"www.abc.es\" rel=\"nofollow noopener\">no ha querido involucrarse en las conversaciones<\/a> para no compartir el golpe.<\/p>\n<p class=\"voc-p\" style=\"\">Y no hay mayor distancia que la que marc\u00f3 el presidente del Gobierno. Ya no pol\u00edtica, sino f\u00edsica. Pedro S\u00e1nchez sali\u00f3 del Congreso de los Diputados tras someterse <a href=\"https:\/\/www.abc.es\/espana\/sanchez-mantiene-gobierno-limpio-feijoo-acusa-moverse-20250910100203-nt.html\" target=\"_self\" data-voc-vtm-id=\"in-text-traffic\" title=\"a la sesi\u00f3n de control a primera hora de la ma\u00f1ana\" data-mrf-link=\"www.abc.es\" rel=\"nofollow noopener\">a la sesi\u00f3n de control a primera hora de la ma\u00f1ana<\/a> y no asisti\u00f3 a la maratoniana jornada parlamentaria que acab\u00f3 con votaciones al filo de las 10 de la noche. <\/p>\n<p><img decoding=\"async\" loading=\"lazy\" src=\"https:\/\/www.europesays.com\/es\/wp-content\/uploads\/2025\/09\/WhatsAppImage2025-09-11at09.28.31-kfZ--760x427@diario_abc.jpeg\" class=\"voc-img\" width=\"760\" height=\"427\" alt=\"Registro del Congreso donde se puede ver que S\u00e1nchez no vot\u00f3\" data-voc-vtm-id=\"in-text-traffic\"\/><\/p>\n<p>Registro del Congreso donde se puede ver que S\u00e1nchez no vot\u00f3<\/p>\n<p>CONGRESO<\/p>\n<p class=\"voc-p\" style=\"\">El jefe del Ejecutivo no respald\u00f3 a su vicepresidenta segunda durante el debate de la iniciativa, pero es que ni siquiera vot\u00f3 para tratar de salvar el veto que PP, Vox y Junts hab\u00edan planteado en forma de enmienda a la totalidad de devoluci\u00f3n. Durante el intercambio dial\u00e9ctico, <strong>D\u00edaz rompi\u00f3 el tab\u00fa de atacar a la formaci\u00f3n de Carles Puigdemont<\/strong> y lanz\u00f3 duros reproches a su portavoz, Miriam Nogueras, a quien acus\u00f3 de representar al \u00abgran capital\u00bb.<\/p>\n<p class=\"voc-p\" style=\"\">En lugar de quedarse en el Congreso de los Diputados, <strong>S\u00e1nchez acudi\u00f3 al estreno de la \u00faltima pel\u00edcula de Alejandro Amen\u00e1bar<\/strong> sobre Cervantes, titulada &#8216;El Cautivo&#8217;. El jefe del Ejecutivo lo hizo acompa\u00f1ado del ministro del Interior y de su mujer, Bego\u00f1a G\u00f3mez, que esa ma\u00f1ana hab\u00eda tenido que declarar por cuarta vez ante el juez Juan Carlos Peinado para explicar las gestiones de su asesora en la c\u00e1tedra que dirig\u00eda. <\/p>\n<p class=\"voc-p\" style=\"\">La ausencia de S\u00e1nchez fue criticada por el PP, que apunt\u00f3 a la contradicci\u00f3n que supone que <strong>el debate sobre la reducci\u00f3n de la jornada laboral se produzca en un pleno de \u00abcerca de 13 horas\u00bb<\/strong>, con votaciones que se prolongaron hasta las 10 de la noche para \u00abno tener que trabajar en la Diada por exigencias del independentismo\u00bb.<\/p>\n","protected":false},"excerpt":{"rendered":"Los n\u00fameros no sal\u00edan. El Gobierno lo sab\u00eda y llevaba varios d\u00edas articulando el relato para amortiguar la&hellip;\n","protected":false},"author":2,"featured_media":107426,"comment_status":"","ping_status":"","sticky":false,"template":"","format":"standard","meta":{"footnotes":""},"categories":[8],"tags":[17,18,25,24,13,14,11,293,9416,19,20,9,10,15,16,33362,199,23,12,21,22,23661],"class_list":{"0":"post-107425","1":"post","2":"type-post","3":"status-publish","4":"format-standard","5":"has-post-thumbnail","7":"category-espana","8":"tag-breaking-news","9":"tag-breakingnews","10":"tag-es","11":"tag-espana","12":"tag-featured-news","13":"tag-featurednews","14":"tag-headlines","15":"tag-jornada","16":"tag-laboral","17":"tag-latest-news","18":"tag-latestnews","19":"tag-news","20":"tag-noticias","21":"tag-noticias-destacadas","22":"tag-noticiasdestacadas","23":"tag-reduccion","24":"tag-sanchez","25":"tag-spain","26":"tag-titulares","27":"tag-ultimas-noticias","28":"tag-ultimasnoticias","29":"tag-voto"},"share_on_mastodon":{"url":"","error":""},"_links":{"self":[{"href":"https:\/\/www.europesays.com\/es\/wp-json\/wp\/v2\/posts\/107425","targetHints":{"allow":["GET"]}}],"collection":[{"href":"https:\/\/www.europesays.com\/es\/wp-json\/wp\/v2\/posts"}],"about":[{"href":"https:\/\/www.europesays.com\/es\/wp-json\/wp\/v2\/types\/post"}],"author":[{"embeddable":true,"href":"https:\/\/www.europesays.com\/es\/wp-json\/wp\/v2\/users\/2"}],"replies":[{"embeddable":true,"href":"https:\/\/www.europesays.com\/es\/wp-json\/wp\/v2\/comments?post=107425"}],"version-history":[{"count":0,"href":"https:\/\/www.europesays.com\/es\/wp-json\/wp\/v2\/posts\/107425\/revisions"}],"wp:featuredmedia":[{"embeddable":true,"href":"https:\/\/www.europesays.com\/es\/wp-json\/wp\/v2\/media\/107426"}],"wp:attachment":[{"href":"https:\/\/www.europesays.com\/es\/wp-json\/wp\/v2\/media?parent=107425"}],"wp:term":[{"taxonomy":"category","embeddable":true,"href":"https:\/\/www.europesays.com\/es\/wp-json\/wp\/v2\/categories?post=107425"},{"taxonomy":"post_tag","embeddable":true,"href":"https:\/\/www.europesays.com\/es\/wp-json\/wp\/v2\/tags?post=107425"}],"curies":[{"name":"wp","href":"https:\/\/api.w.org\/{rel}","templated":true}]}}