{"id":107447,"date":"2025-09-11T09:31:11","date_gmt":"2025-09-11T09:31:11","guid":{"rendered":"https:\/\/www.europesays.com\/es\/107447\/"},"modified":"2025-09-11T09:31:11","modified_gmt":"2025-09-11T09:31:11","slug":"carlos-sobera-desaparece-de-telecinco-tras-el-cambio-de-horario-de-supervivientes-all-stars-2025","status":"publish","type":"post","link":"https:\/\/www.europesays.com\/es\/107447\/","title":{"rendered":"Carlos Sobera desaparece de Telecinco tras el cambio de horario de &#8216;Supervivientes All Stars 2025&#8217;"},"content":{"rendered":"<p data-journey-content=\"true\" data-node-id=\"4\" class=\"css-i9p093 emevuu60\">&#8216;First Dates&#8217;, el programa de citas presentado por Carlos Sobera ha vivido un verano convulso en lo que a programaci\u00f3n se refiere. Durante a\u00f1os, &#8216;First Dates&#8217; fue uno de los pilares de Cuatro en el acceso al prime time. Sin embargo, en julio de <a href=\"https:\/\/www.diezminutos.es\/teleprograma\/programas-tv\/a65384897\/first-dates-summer-edition-telecinco-edicion-especial\/\" target=\"_blank\" data-vars-ga-outbound-link=\"https:\/\/www.diezminutos.es\/teleprograma\/programas-tv\/a65384897\/first-dates-summer-edition-telecinco-edicion-especial\/\" data-vars-ga-ux-element=\"Hyperlink\" data-vars-ga-call-to-action=\"Mediaset decidi\u00f3 trasladarlo de manera sorpresiva a Telecinco\" data-node-id=\"4.1\" class=\"body-link css-177bzfx emevuu60\" rel=\"nofollow noopener\">Mediaset decidi\u00f3 trasladarlo de manera sorpresiva a Telecinco<\/a> tras <a href=\"https:\/\/www.diezminutos.es\/teleprograma\/programas-tv\/a65093772\/final-supervivientes-2025-ganador-pruebas-y-votaciones\/\" target=\"_blank\" data-vars-ga-outbound-link=\"https:\/\/www.diezminutos.es\/teleprograma\/programas-tv\/a65093772\/final-supervivientes-2025-ganador-pruebas-y-votaciones\/\" data-vars-ga-ux-element=\"Hyperlink\" data-vars-ga-call-to-action=\"el final de &#039;Supervivientes 2025&#039;\" data-node-id=\"4.3\" class=\"body-link css-177bzfx emevuu60\" rel=\"nofollow noopener\">el final de &#8216;Supervivientes 2025&#8217;<\/a>. El movimiento buscaba reforzar el arranque de la parrilla de su principal cadena en una \u00e9poca, la estival, tradicionalmente complicada para retener a la audiencia.<\/p>\n<p><img draggable=\"true\" alt=\"carlos sobera first dates\" title=\"Carlos Sobera- First Dates\" loading=\"lazy\" width=\"1866\" height=\"1183\" decoding=\"async\" data-nimg=\"1\" style=\"color:transparent;width:100%;height:auto;\"   src=\"https:\/\/www.europesays.com\/es\/wp-content\/uploads\/2025\/09\/sobera-first-dates-1563520973.jpg\" class=\"css-0 e1g79fud0\"\/><\/p>\n<p>Captura Mediaset<\/p>\n<p data-journey-content=\"true\" data-node-id=\"8\" class=\"css-i9p093 emevuu60\">En un principio se trataba de una estrategia temporal, pero los buenos datos de audiencia sorprendieron a la propia cadena, que pronto empez\u00f3 a valorar la permanencia del programa en el access de Telecinco m\u00e1s all\u00e1 del verano para competir frente a &#8216;<a href=\"https:\/\/www.diezminutos.es\/el-hormiguero\/\" target=\"_blank\" data-vars-ga-outbound-link=\"https:\/\/www.diezminutos.es\/el-hormiguero\/\" data-vars-ga-ux-element=\"Hyperlink\" data-vars-ga-call-to-action=\"El Hormiguero\" data-node-id=\"8.1\" class=\"body-link css-177bzfx emevuu60\" rel=\"nofollow noopener\">El Hormiguero<\/a>&#8216; y &#8216;<a href=\"https:\/\/www.diezminutos.es\/la-revuelta-david-broncano\/\" target=\"_blank\" data-vars-ga-outbound-link=\"https:\/\/www.diezminutos.es\/la-revuelta-david-broncano\/\" data-vars-ga-ux-element=\"Hyperlink\" data-vars-ga-call-to-action=\"La Revuelta\" data-node-id=\"8.3\" class=\"body-link css-177bzfx emevuu60\" rel=\"nofollow noopener\">La Revuelta<\/a>&#8216;. El \u00e9xito inmediato de Carlos Sobera en la nueva franja llev\u00f3 a Mediaset a confirmar que el formato no volver\u00eda a Cuatro de manera estable, sino que se consolidar\u00eda en la principal cadena como puente perfecto hacia el prime time. Sin embargo, la tranquilidad dur\u00f3 poco. La llegada de &#8216;<a href=\"https:\/\/www.diezminutos.es\/teleprograma\/programas-tv\/g66011988\/supervivientes-all-stars-2025-nominados-expulsado\/\" target=\"_blank\" data-vars-ga-outbound-link=\"https:\/\/www.diezminutos.es\/teleprograma\/programas-tv\/g66011988\/supervivientes-all-stars-2025-nominados-expulsado\/\" data-vars-ga-ux-element=\"Hyperlink\" data-vars-ga-call-to-action=\"Supervivientes All Stars 2025\" data-node-id=\"8.5\" class=\"body-link css-177bzfx emevuu60\" rel=\"nofollow noopener\">Supervivientes All Stars 2025<\/a>&#8216; cambi\u00f3 de nuevo las piezas del tablero.<\/p>\n<p data-journey-content=\"true\" data-node-id=\"10\" class=\"css-i9p093 emevuu60\">El reality estrella de Mediaset arranc\u00f3 el 4 de septiembre con una gran gala en prime time. Para hacerle hueco, <strong data-node-id=\"10.1\">Telecinco decidi\u00f3 eliminar &#8216;First Dates&#8217;<\/strong> de la parrilla esa noche, sin embargo, tan solo una semana despu\u00e9s, Mediaset ha decidido enviar a &#8216;First Dates&#8217; a Cuatro a partir del jueves 11 de septiembre.<\/p>\n<p>Telecinco apuesta por dos galas m\u00e1s semanales de &#8216;Supervivientes All Stars 2025&#8217; <img draggable=\"true\" alt=\"laura madrueno y los concursantes de supervivientes all stars 2025 tras la prueba del barro\" title=\"Laura Madrueno con los concursantes de Supervivientes All Stars 2025\" loading=\"lazy\" width=\"3000\" height=\"1636\" decoding=\"async\" data-nimg=\"1\" style=\"color:transparent;width:100%;height:auto;\"   src=\"https:\/\/www.europesays.com\/es\/wp-content\/uploads\/2025\/09\/laura-madrueno-division-equipos-supervivientes-all-stars-68be7d4699a2c.jpg\" class=\"css-0 e1g79fud0\"\/><\/p>\n<p>Telecinco<\/p>\n<p data-journey-content=\"true\" data-node-id=\"16\" class=\"css-i9p093 emevuu60\">Telecinco ha anunciado un cambio de estrategia en la emisi\u00f3n del programa que se aplicar\u00e1 de forma inmediata. <strong data-node-id=\"16.1\">Desde el lunes 15 de septiembre, Telecinco emitir\u00e1 &#8216;Supervivientes All Stars. \u00daltima hora&#8217; <\/strong>todos los lunes y los mi\u00e9rcoles a las 22.00. De este modo se <a href=\"https:\/\/www.diezminutos.es\/teleprograma\/programas-tv\/a65919851\/mediaset-first-dates-futuro-decision-inesperada-cambio-telecinco\/\" target=\"_blank\" data-vars-ga-outbound-link=\"https:\/\/www.diezminutos.es\/teleprograma\/programas-tv\/a65919851\/mediaset-first-dates-futuro-decision-inesperada-cambio-telecinco\/\" data-vars-ga-ux-element=\"Hyperlink\" data-vars-ga-call-to-action=\"termina el breve reinado de &#039;First Dates&#039; en el access prime time de Telecinco\" data-node-id=\"16.3\" data-mrf-link=\"https:\/\/www.diezminutos.es\/teleprograma\/programas-tv\/a65919851\/mediaset-first-dates-futuro-decision-inesperada-cambio-telecinco\/\" data-mrf-recirculation-id=\"[Article] In Text Link_5\" class=\"body-link css-177bzfx emevuu60\" rel=\"nofollow noopener\">termina el breve reinado de &#8216;First Dates&#8217; en el access prime time de Telecinco<\/a>, el comod\u00edn que han utilizado durante algunas semanas. <\/p>\n<p data-journey-content=\"true\" data-node-id=\"18\" class=\"css-i9p093 emevuu60\">El formato, que se emitir\u00e1 los lunes y mi\u00e9rcoles, ofrecer\u00e1 un resumen con las tramas m\u00e1s candentes de la aventura, sirviendo como antesala a los programas principales del concurso. Por su parte, Carlos Sobera y &#8216;First Dates&#8217; regresan a Cuatro ya que<strong data-node-id=\"18.1\"> durante el verano hab\u00eda cedido el formato a Telecinco con el objetivo de insuflar aire fresco a sus alica\u00eddas audiencias.<\/strong><\/p>\n<p><img src=\"https:\/\/www.europesays.com\/es\/wp-content\/uploads\/2025\/09\/1757583071_680_04c0b0af-4dfe-409a-8e0c-876f8f325877_1664867977.file\" alt=\"Headshot of Ignacio Herruzo Mart\u00ednez\" title=\"Headshot of Ignacio Herruzo Mart\u00ednez\" width=\"100%\" height=\"100%\" decoding=\"async\" loading=\"lazy\" class=\"css-o0wq4v ev8dhu53\"\/><\/p>\n<p>Ignacio es experto en cultura, pero desde hace m\u00e1s de 10 a\u00f1os se ha especializado en cine y series, tanto las que se estrenan en la gran pantalla como en las plataformas de streaming. Lo mismo te habla de los estrenos de Netflix, HBO Max o Amazon Prime Video, como que te cuenta la \u00faltima hora de \u2018Masterchef\u2019 o de cualquier otro programa de televisi\u00f3n. \u00a0\u00a0<\/p>\n<p>Con ya una larga experiencia como cr\u00edtico, conoce las mejores series y pel\u00edculas y le encanta verlas antes que t\u00fa para poder decirte si merecen la pena o no. Conoce todos los estrenos de la semana y le encanta recomendar series y pel\u00edculas a sus amigos, familiares y a los lectores, algo que ha ido haciendo en diferentes blogs personales y a trav\u00e9s de las redes sociales. Le gusta todo: sigue a grandes directores como Martin Scorsese, Quentin Tarantino o Steven Spielberg, y se sabe de memoria todo el universo de Marvel, Star Wars, El se\u00f1or de los anillos y el mundo Disney. \u00a0\u00a0\u00a0<\/p>\n<p>La cultura es su principal hobby y aunque se considera un cin\u00e9filo, tambi\u00e9n le encanta la m\u00fasica, sobre todo internacional, y los videojuegos, a los que dedica todo el tiempo que le deja el cine y las series, claro. El deporte es su otra pasi\u00f3n, que desarroll\u00f3 en sus inicios en el diario deportivo MARCA. \u00a0\u00a0Ignacio Herruzo es Graduado en Periodismo por la Universidad Rey Juan Carlos en 2012. Desde entonces no ha parado de escribir desde que comenz\u00f3 en 2013 en el grupo Hearst, donde ha ejercido de redactor en diferentes webs y revistas como Teleprograma, Supertele y Diez Minutos. \u00a0<\/p>\n","protected":false},"excerpt":{"rendered":"&#8216;First Dates&#8217;, el programa de citas presentado por Carlos Sobera ha vivido un verano convulso en lo que&hellip;\n","protected":false},"author":2,"featured_media":107448,"comment_status":"","ping_status":"","sticky":false,"template":"","format":"standard","meta":{"footnotes":""},"categories":[171],"tags":[253,146,147,25,24,23,214],"class_list":{"0":"post-107447","1":"post","2":"type-post","3":"status-publish","4":"format-standard","5":"has-post-thumbnail","7":"category-tv","8":"tag-discover","9":"tag-entertainment","10":"tag-entretenimiento","11":"tag-es","12":"tag-espana","13":"tag-spain","14":"tag-tv"},"share_on_mastodon":{"url":"","error":""},"_links":{"self":[{"href":"https:\/\/www.europesays.com\/es\/wp-json\/wp\/v2\/posts\/107447","targetHints":{"allow":["GET"]}}],"collection":[{"href":"https:\/\/www.europesays.com\/es\/wp-json\/wp\/v2\/posts"}],"about":[{"href":"https:\/\/www.europesays.com\/es\/wp-json\/wp\/v2\/types\/post"}],"author":[{"embeddable":true,"href":"https:\/\/www.europesays.com\/es\/wp-json\/wp\/v2\/users\/2"}],"replies":[{"embeddable":true,"href":"https:\/\/www.europesays.com\/es\/wp-json\/wp\/v2\/comments?post=107447"}],"version-history":[{"count":0,"href":"https:\/\/www.europesays.com\/es\/wp-json\/wp\/v2\/posts\/107447\/revisions"}],"wp:featuredmedia":[{"embeddable":true,"href":"https:\/\/www.europesays.com\/es\/wp-json\/wp\/v2\/media\/107448"}],"wp:attachment":[{"href":"https:\/\/www.europesays.com\/es\/wp-json\/wp\/v2\/media?parent=107447"}],"wp:term":[{"taxonomy":"category","embeddable":true,"href":"https:\/\/www.europesays.com\/es\/wp-json\/wp\/v2\/categories?post=107447"},{"taxonomy":"post_tag","embeddable":true,"href":"https:\/\/www.europesays.com\/es\/wp-json\/wp\/v2\/tags?post=107447"}],"curies":[{"name":"wp","href":"https:\/\/api.w.org\/{rel}","templated":true}]}}