{"id":107453,"date":"2025-09-11T09:35:14","date_gmt":"2025-09-11T09:35:14","guid":{"rendered":"https:\/\/www.europesays.com\/es\/107453\/"},"modified":"2025-09-11T09:35:14","modified_gmt":"2025-09-11T09:35:14","slug":"infecciones-por-candida-auris-en-espana-las-mas-altas-de-europa","status":"publish","type":"post","link":"https:\/\/www.europesays.com\/es\/107453\/","title":{"rendered":"Infecciones por Candida auris en Espa\u00f1a, las m\u00e1s altas de Europa"},"content":{"rendered":"<p>El informe del ECDC se basa en los datos remitidos por los sistemas nacionales de vigilancia epidemiol\u00f3gica y, como se indica en este, estos no son todo lo completos que ser\u00eda deseable, por lo que es muy probable que la magnitud del problema de las infecciones producidas por este hongo sea bastante mayor. En el informe se estudia la evoluci\u00f3n de los casos diagnosticados en un periodo de 11 a\u00f1os (2013-2023), confirmando un preocupante aumento de estos, especialmente en los \u00faltimos cuatro a\u00f1os. Esto puede deberse, no necesariamente de forma excluyente, a un aumento real de las infecciones por el hongo y a una mejor\u00eda de los sistemas de diagn\u00f3stico y vigilancia.<\/p>\n<p>Como en el informe previo,\u00a0<a href=\"https:\/\/www.eurosurveillance.org\/content\/10.2807\/1560-7917.ES.2022.27.46.2200846\" rel=\"noopener nofollow\" target=\"_blank\">datado en 2022<\/a>, se pone de manifiesto la gran concentraci\u00f3n de casos en unos pocos pa\u00edses, entre los que Espa\u00f1a ocupa una posici\u00f3n muy destacada. Los casos recogidos son agregados, por lo que no es posible analizar con detalle las razones de esos incrementos. En el caso espa\u00f1ol, la mayor\u00eda de esos casos proceden de un par de hospitales de la Comunidad Valenciana, donde se detectaron los primeros casos de brote de\u00a0C. auris\u00a0en 2016. Esos brotes nosocomiales siguen produciendo casos, si bien con menor incidencia que hace unos a\u00f1os. En otros hospitales, tras la detecci\u00f3n inicial se logr\u00f3 controlar la diseminaci\u00f3n del hongo y es ah\u00ed donde se debe realizar el mayor esfuerzo: detecci\u00f3n temprana de los posibles casos y aplicaci\u00f3n de las medidas de prevenci\u00f3n y control que impidan, o al menos limiten, la diseminaci\u00f3n del pat\u00f3geno.<\/p>\n<p>Por \u00faltimo, destaca la llamada a la implementaci\u00f3n de sistemas de vigilancia adecuados para este pat\u00f3geno, que puede producir infecciones muy graves en pacientes hospitalizados. La falta de estos sistemas impide un conocimiento de la situaci\u00f3n real, la adopci\u00f3n de medidas preventivas eficaces y una acci\u00f3n conjunta a nivel regional, nacional y europeo. Por ejemplo, en el informe no se recoge informaci\u00f3n sobre los posibles v\u00ednculos intra e internacionales de los linajes causantes de los brotes iniciales, lo que es esencial para entender la din\u00e1mica de expansi\u00f3n del pat\u00f3geno, como ya vimos en las primeras olas del SARS-CoV-2. Nos consta, por ejemplo, que los brotes de Italia y Espa\u00f1a, dos de los pa\u00edses con mayor prevalencia de infecciones por\u00a0C. auris, tienen or\u00edgenes diferentes. Ser\u00eda interesante disponer de informaci\u00f3n gen\u00f3mica sobre los dem\u00e1s pa\u00edses para entender, y en su caso controlar, las diferentes v\u00edas de entrada, establecimiento y expansi\u00f3n del hongo en cada pa\u00eds.<\/p>\n","protected":false},"excerpt":{"rendered":"El informe del ECDC se basa en los datos remitidos por los sistemas nacionales de vigilancia epidemiol\u00f3gica y,&hellip;\n","protected":false},"author":2,"featured_media":107454,"comment_status":"","ping_status":"","sticky":false,"template":"","format":"standard","meta":{"footnotes":""},"categories":[92],"tags":[25,24,165,24898,166,1452,23],"class_list":{"0":"post-107453","1":"post","2":"type-post","3":"status-publish","4":"format-standard","5":"has-post-thumbnail","7":"category-salud","8":"tag-es","9":"tag-espana","10":"tag-health","11":"tag-microbiologia","12":"tag-salud","13":"tag-salud-publica","14":"tag-spain"},"share_on_mastodon":{"url":"","error":""},"_links":{"self":[{"href":"https:\/\/www.europesays.com\/es\/wp-json\/wp\/v2\/posts\/107453","targetHints":{"allow":["GET"]}}],"collection":[{"href":"https:\/\/www.europesays.com\/es\/wp-json\/wp\/v2\/posts"}],"about":[{"href":"https:\/\/www.europesays.com\/es\/wp-json\/wp\/v2\/types\/post"}],"author":[{"embeddable":true,"href":"https:\/\/www.europesays.com\/es\/wp-json\/wp\/v2\/users\/2"}],"replies":[{"embeddable":true,"href":"https:\/\/www.europesays.com\/es\/wp-json\/wp\/v2\/comments?post=107453"}],"version-history":[{"count":0,"href":"https:\/\/www.europesays.com\/es\/wp-json\/wp\/v2\/posts\/107453\/revisions"}],"wp:featuredmedia":[{"embeddable":true,"href":"https:\/\/www.europesays.com\/es\/wp-json\/wp\/v2\/media\/107454"}],"wp:attachment":[{"href":"https:\/\/www.europesays.com\/es\/wp-json\/wp\/v2\/media?parent=107453"}],"wp:term":[{"taxonomy":"category","embeddable":true,"href":"https:\/\/www.europesays.com\/es\/wp-json\/wp\/v2\/categories?post=107453"},{"taxonomy":"post_tag","embeddable":true,"href":"https:\/\/www.europesays.com\/es\/wp-json\/wp\/v2\/tags?post=107453"}],"curies":[{"name":"wp","href":"https:\/\/api.w.org\/{rel}","templated":true}]}}