{"id":107479,"date":"2025-09-11T09:56:10","date_gmt":"2025-09-11T09:56:10","guid":{"rendered":"https:\/\/www.europesays.com\/es\/107479\/"},"modified":"2025-09-11T09:56:10","modified_gmt":"2025-09-11T09:56:10","slug":"critica-de-el-cautivo-cervantes-antes-del-quijote","status":"publish","type":"post","link":"https:\/\/www.europesays.com\/es\/107479\/","title":{"rendered":"Cr\u00edtica de &#8216;El cautivo&#8217;: Cervantes antes del Quijote"},"content":{"rendered":"<p class=\"ft-text\"><strong>\u2018El cautivo\u2019 <\/strong><\/p>\n<p class=\"ft-text\"><strong>A\u00f1o: <\/strong>2025<\/p>\n<p class=\"ft-text\"><strong>Direcci\u00f3n:<\/strong> Alejandro Amen\u00e1bar<\/p>\n<p class=\"ft-text\"><strong>Int\u00e9rpretes: <\/strong>Julio Pe\u00f1a, Alessandro Borghi, Miguel Rell\u00e1n<\/p>\n<p class=\"ft-text\"><strong>Estreno: <\/strong>12\/9\/2025<\/p>\n<p class=\"ft-text\">\u2605\u2605<\/p>\n<p class=\"ft-text\">No deja de ser curiosa la inclinaci\u00f3n de Alejandro Amen\u00e1bar hacia personajes hist\u00f3ricos despu\u00e9s de haber sorprendido en sus inicios con una habilidosa lectura de los c\u00f3digos del terror y el fant\u00e1stico en \u2018Tesis\u2019, \u2018Abre los ojos\u2019 y \u2018Los otros\u2019. El exitazo de \u2018Mar adentro\u2019 le hizo contemplar otros l\u00edcitos horizontes, pero salvo en aislados filmes como \u2018Regresi\u00f3n\u2019, no ha vuelto al g\u00e9nero del que surgi\u00f3 y ha preferido lanzar sus redes cinematogr\u00e1ficos sobre personajes como Miguel de Unamuno \u2013en \u2018Mientras dure la guerra\u2019\u2013 y ahora Miguel de Cervantes.<\/p>\n<p class=\"ft-text\"><strong>\u2018El cautivo\u2019 no es un \u2018biopic\u2019, sino una fantas\u00eda (provocadora, pol\u00e9mica si se quiere)<\/strong> ambientada en la c\u00e1rcel de Argel a la que llega el joven Cervantes tras ser capturado por los corsarios \u00e1rabes. Haciendo suya la idea de \u2018Las 1001 noches\u2019, el protagonista salva la vida explicando historias a sus compa\u00f1eros que se convierten tambi\u00e9n en fascinantes relatos para el Baj\u00e1 de Argel. <strong>Amen\u00e1bar cuenta la relaci\u00f3n amorosa entre los dos<\/strong>, las tensiones entre los reclusos \u2013soldados, archiveros, frailes, inquisidores\u2013 y pierde de vista aquello que da fuerza al filme en su primera mitad: el cuento, el relato, la invenci\u00f3n, como motor de todas las cosas, con elementos relacionados con las posteriores aventuras del quijotesco caballero de ficci\u00f3n.<\/p>\n<p data-close=\"closedContent\" class=\"subscribeHideForDisplay\">Suscr\u00edbete para seguir leyendo<\/p>\n","protected":false},"excerpt":{"rendered":"\u2018El cautivo\u2019 A\u00f1o: 2025 Direcci\u00f3n: Alejandro Amen\u00e1bar Int\u00e9rpretes: Julio Pe\u00f1a, Alessandro Borghi, Miguel Rell\u00e1n Estreno: 12\/9\/2025 \u2605\u2605 No&hellip;\n","protected":false},"author":2,"featured_media":107480,"comment_status":"","ping_status":"","sticky":false,"template":"","format":"standard","meta":{"footnotes":""},"categories":[169],"tags":[13339,210,25326,36447,177,1497,10773,146,147,25,24,176,175,28954,23],"class_list":{"0":"post-107479","1":"post","2":"type-post","3":"status-publish","4":"format-standard","5":"has-post-thumbnail","7":"category-cine","8":"tag-alejandro-amenabar","9":"tag-barcelona","10":"tag-cautivo","11":"tag-cervantes","12":"tag-cine","13":"tag-critica","14":"tag-critica-de-cine","15":"tag-entertainment","16":"tag-entretenimiento","17":"tag-es","18":"tag-espana","19":"tag-film","20":"tag-movies","21":"tag-quijote","22":"tag-spain"},"share_on_mastodon":{"url":"","error":""},"_links":{"self":[{"href":"https:\/\/www.europesays.com\/es\/wp-json\/wp\/v2\/posts\/107479","targetHints":{"allow":["GET"]}}],"collection":[{"href":"https:\/\/www.europesays.com\/es\/wp-json\/wp\/v2\/posts"}],"about":[{"href":"https:\/\/www.europesays.com\/es\/wp-json\/wp\/v2\/types\/post"}],"author":[{"embeddable":true,"href":"https:\/\/www.europesays.com\/es\/wp-json\/wp\/v2\/users\/2"}],"replies":[{"embeddable":true,"href":"https:\/\/www.europesays.com\/es\/wp-json\/wp\/v2\/comments?post=107479"}],"version-history":[{"count":0,"href":"https:\/\/www.europesays.com\/es\/wp-json\/wp\/v2\/posts\/107479\/revisions"}],"wp:featuredmedia":[{"embeddable":true,"href":"https:\/\/www.europesays.com\/es\/wp-json\/wp\/v2\/media\/107480"}],"wp:attachment":[{"href":"https:\/\/www.europesays.com\/es\/wp-json\/wp\/v2\/media?parent=107479"}],"wp:term":[{"taxonomy":"category","embeddable":true,"href":"https:\/\/www.europesays.com\/es\/wp-json\/wp\/v2\/categories?post=107479"},{"taxonomy":"post_tag","embeddable":true,"href":"https:\/\/www.europesays.com\/es\/wp-json\/wp\/v2\/tags?post=107479"}],"curies":[{"name":"wp","href":"https:\/\/api.w.org\/{rel}","templated":true}]}}