{"id":107492,"date":"2025-09-11T10:03:07","date_gmt":"2025-09-11T10:03:07","guid":{"rendered":"https:\/\/www.europesays.com\/es\/107492\/"},"modified":"2025-09-11T10:03:07","modified_gmt":"2025-09-11T10:03:07","slug":"el-proximo-lunes-la-audiencia-provincial-decidira-si-va-al-banquillo","status":"publish","type":"post","link":"https:\/\/www.europesays.com\/es\/107492\/","title":{"rendered":"el pr\u00f3ximo lunes la Audiencia Provincial decidir\u00e1 si va al banquillo"},"content":{"rendered":"<p style=\"\">Cuenta atr\u00e1s en el caso que tiene como protagonista a David S\u00e1nchez P\u00e9rez-Castej\u00f3n, hermano <a href=\"https:\/\/www.abc.es\/noticias\/pedro-sanchez\/\" title=\"www.abc.es\" data-voc-vtm-id=\"in-text-traffic\" data-mrf-link=\"www.abc.es\" rel=\"nofollow noopener\" target=\"_blank\">del presidente del Gobierno <\/a>de Espa\u00f1a. El pr\u00f3ximo lunes, 15 de septiembre, la Audiencia Provincial de Badajoz abordar\u00e1 los recursos de los once investigados -entre ellos, el l\u00edder del PSOE  &#8230; de Extremadura, Miguel \u00c1ngel Gallardo- y de la Fiscal\u00eda contra el auto de procesamiento que dict\u00f3, el pasado 28 de abril, la titular del Juzgado de Instrucci\u00f3n n\u00famero 3 de Badajoz, Beatriz Biedma. <strong>Todo por la creaci\u00f3n de la plaza que acab\u00f3 ocupando S\u00e1nchez <\/strong>en la Diputaci\u00f3n de Badajoz.<\/p>\n<p class=\"voc-p\" style=\"\">En su auto de transformaci\u00f3n, Biedma proces\u00f3 a David S\u00e1nchez y el resto de investigados por presuntos delitos de prevaricaci\u00f3n y tr\u00e1fico de influencias. Ante ese auto, presentaron recurso las defensas de todos los investigados. El abogado de S\u00e1nchez, el reconocido Emilio Cort\u00e9s, consideraba en su recurso que el procesamiento ten\u00eda un \u00abcar\u00e1cter pol\u00edtico e instrumental\u00bb.<\/p>\n<p class=\"voc-p\" style=\"\">La defensa del hermano de S\u00e1nchez sigue sosteniendo que no hay indicios criminales que justifiquen que pueda sentarse en el banquillo. En la misma l\u00ednea se posicion\u00f3 la Fiscal\u00eda, que tambi\u00e9n argument\u00f3 que la investigaci\u00f3n carec\u00eda de indicios suficientes para atribuir los dos delitos de los que se acusa a los once investigados: \u00ab<strong>El proceso est\u00e1 condenado al fracaso\u00bb, dec\u00eda el Ministerio P\u00fablico,<\/strong> que solicitaba el sobreseimiento de la causa. Mientras, la acusaci\u00f3n popular -Manos Limpias, HazteO\u00edr, Liberum, Iustitia, Vox, PP y Abogados Cristianos- piden tres a\u00f1os de prisi\u00f3n.<\/p>\n<p>\n\u00abUna \u00fanica resoluci\u00f3n\u00bb\n<\/p>\n<p class=\"voc-p\" style=\"\">Seg\u00fan informa la agencia EFE, los plazos ahora no tienen por qu\u00e9 limitarse a una sola sesi\u00f3n, pero<strong> una vez la Audiencia Provincial delibere, responder\u00e1 a todos ellos en una \u00ab\u00fanica resoluci\u00f3n\u00bb<\/strong>. De ratificarse lo expuesto por la juez Biedma, S\u00e1nchez, Gallardo y el resto de procesados tendr\u00e1n que sentarse en el banquillo. El juicio tendr\u00eda lugar en la propia Audiencia Provincial, pese a la condici\u00f3n de diputado auton\u00f3mico del l\u00edder del PSOE de Extremadura.<\/p>\n","protected":false},"excerpt":{"rendered":"Cuenta atr\u00e1s en el caso que tiene como protagonista a David S\u00e1nchez P\u00e9rez-Castej\u00f3n, hermano del presidente del Gobierno&hellip;\n","protected":false},"author":2,"featured_media":107493,"comment_status":"","ping_status":"","sticky":false,"template":"","format":"standard","meta":{"footnotes":""},"categories":[8],"tags":[4294,2953,17,18,10598,25,24,13,14,11,37,19,20,1051,9,10,15,16,5794,3444,199,23,12,21,22],"class_list":{"0":"post-107492","1":"post","2":"type-post","3":"status-publish","4":"format-standard","5":"has-post-thumbnail","7":"category-espana","8":"tag-audiencia","9":"tag-banquillo","10":"tag-breaking-news","11":"tag-breakingnews","12":"tag-decidira","13":"tag-es","14":"tag-espana","15":"tag-featured-news","16":"tag-featurednews","17":"tag-headlines","18":"tag-hermano","19":"tag-latest-news","20":"tag-latestnews","21":"tag-lunes","22":"tag-news","23":"tag-noticias","24":"tag-noticias-destacadas","25":"tag-noticiasdestacadas","26":"tag-provincial","27":"tag-proximo","28":"tag-sanchez","29":"tag-spain","30":"tag-titulares","31":"tag-ultimas-noticias","32":"tag-ultimasnoticias"},"share_on_mastodon":{"url":"","error":""},"_links":{"self":[{"href":"https:\/\/www.europesays.com\/es\/wp-json\/wp\/v2\/posts\/107492","targetHints":{"allow":["GET"]}}],"collection":[{"href":"https:\/\/www.europesays.com\/es\/wp-json\/wp\/v2\/posts"}],"about":[{"href":"https:\/\/www.europesays.com\/es\/wp-json\/wp\/v2\/types\/post"}],"author":[{"embeddable":true,"href":"https:\/\/www.europesays.com\/es\/wp-json\/wp\/v2\/users\/2"}],"replies":[{"embeddable":true,"href":"https:\/\/www.europesays.com\/es\/wp-json\/wp\/v2\/comments?post=107492"}],"version-history":[{"count":0,"href":"https:\/\/www.europesays.com\/es\/wp-json\/wp\/v2\/posts\/107492\/revisions"}],"wp:featuredmedia":[{"embeddable":true,"href":"https:\/\/www.europesays.com\/es\/wp-json\/wp\/v2\/media\/107493"}],"wp:attachment":[{"href":"https:\/\/www.europesays.com\/es\/wp-json\/wp\/v2\/media?parent=107492"}],"wp:term":[{"taxonomy":"category","embeddable":true,"href":"https:\/\/www.europesays.com\/es\/wp-json\/wp\/v2\/categories?post=107492"},{"taxonomy":"post_tag","embeddable":true,"href":"https:\/\/www.europesays.com\/es\/wp-json\/wp\/v2\/tags?post=107492"}],"curies":[{"name":"wp","href":"https:\/\/api.w.org\/{rel}","templated":true}]}}