{"id":107504,"date":"2025-09-11T10:10:16","date_gmt":"2025-09-11T10:10:16","guid":{"rendered":"https:\/\/www.europesays.com\/es\/107504\/"},"modified":"2025-09-11T10:10:16","modified_gmt":"2025-09-11T10:10:16","slug":"sabor-agridulce-para-nuria-bosch-y-francesc-barber-en-el-mundial-de-suiza","status":"publish","type":"post","link":"https:\/\/www.europesays.com\/es\/107504\/","title":{"rendered":"Sabor agridulce para N\u00faria Bosch y Francesc Barber en el Mundial de Suiza"},"content":{"rendered":"<p>La localidad de Zermatt, a los pies del Matterhorn, en Suiza, ha acogido esta semana la disputa del <strong>Campeonato del Mundo 2025 de la especialidad de Short Trac<\/strong>k de las categor\u00edas \u00e9lite y sub23 y con doble representaci\u00f3n menorquina, con los dos ciclistas de Ciutadella, F<strong>rancesc Barber (sub23) y N\u00faria Bosch (\u00e9lite)<\/strong>.<\/p>\n<p>En el Short Track sub23 masculino, el espa\u00f1ol Thibaut Fran\u00e7ois volv\u00eda a pelear con los mejores, al igual que hizo en la clasificatoria, para finalizar en la 13\u00aa plaza. Hugo Franco, por su parte, completado la carrera en el 28\u00b0 lugar mientras que<strong> Barber, en una prueba mundial muy exigente, tuvo que abandonar<\/strong> debido a que qued\u00f3 sin opciones, tras verse involucrado en una ca\u00edda con otro corredor en las primeras curvas del certamen.<\/p>\n<p>Por su parte, tras unos d\u00edas entrenando en Sierra Nevada, <strong>N\u00faria Bosch, tambi\u00e9n en el Short Track \u00e9lite femenino, ha concluido en esta ocasi\u00f3n en el puesto 36<\/strong>, en un recorrido con m\u00e1s desnivel y m\u00e1s variado de lo que se suele ver en la Copa del Mundo.<\/p>\n<p>A por el Cross-country<\/p>\n<p>Barber y Bosch recibieron la llamada de la seleccionadora espa\u00f1ola, Anna Villar, para formar parte del equipo nacional en la cita que se celebra en Suiza toda esta semana y una vez protagonizada su primera parte del campeonato, a los dos ciutadellencs les queda ahora la prueba de este s\u00e1bado la de Cross-country, con la que dar\u00e1n carpetazo a su nuevo Mundial. En esta ocaci\u00f3n la cita ser\u00e1 en la ciudad de Crans-Montana.<\/p>\n","protected":false},"excerpt":{"rendered":"La localidad de Zermatt, a los pies del Matterhorn, en Suiza, ha acogido esta semana la disputa del&hellip;\n","protected":false},"author":2,"featured_media":107505,"comment_status":"","ping_status":"","sticky":false,"template":"","format":"standard","meta":{"footnotes":""},"categories":[273],"tags":[313,312,168,25,24,8210,8211,23,167],"class_list":{"0":"post-107504","1":"post","2":"type-post","3":"status-publish","4":"format-standard","5":"has-post-thumbnail","7":"category-ciclismo","8":"tag-ciclismo","9":"tag-cycling","10":"tag-deportes","11":"tag-es","12":"tag-espana","13":"tag-francesc-barber","14":"tag-nuria-bosch","15":"tag-spain","16":"tag-sports"},"share_on_mastodon":{"url":"","error":""},"_links":{"self":[{"href":"https:\/\/www.europesays.com\/es\/wp-json\/wp\/v2\/posts\/107504","targetHints":{"allow":["GET"]}}],"collection":[{"href":"https:\/\/www.europesays.com\/es\/wp-json\/wp\/v2\/posts"}],"about":[{"href":"https:\/\/www.europesays.com\/es\/wp-json\/wp\/v2\/types\/post"}],"author":[{"embeddable":true,"href":"https:\/\/www.europesays.com\/es\/wp-json\/wp\/v2\/users\/2"}],"replies":[{"embeddable":true,"href":"https:\/\/www.europesays.com\/es\/wp-json\/wp\/v2\/comments?post=107504"}],"version-history":[{"count":0,"href":"https:\/\/www.europesays.com\/es\/wp-json\/wp\/v2\/posts\/107504\/revisions"}],"wp:featuredmedia":[{"embeddable":true,"href":"https:\/\/www.europesays.com\/es\/wp-json\/wp\/v2\/media\/107505"}],"wp:attachment":[{"href":"https:\/\/www.europesays.com\/es\/wp-json\/wp\/v2\/media?parent=107504"}],"wp:term":[{"taxonomy":"category","embeddable":true,"href":"https:\/\/www.europesays.com\/es\/wp-json\/wp\/v2\/categories?post=107504"},{"taxonomy":"post_tag","embeddable":true,"href":"https:\/\/www.europesays.com\/es\/wp-json\/wp\/v2\/tags?post=107504"}],"curies":[{"name":"wp","href":"https:\/\/api.w.org\/{rel}","templated":true}]}}