{"id":107508,"date":"2025-09-11T10:12:09","date_gmt":"2025-09-11T10:12:09","guid":{"rendered":"https:\/\/www.europesays.com\/es\/107508\/"},"modified":"2025-09-11T10:12:09","modified_gmt":"2025-09-11T10:12:09","slug":"el-alimerka-oviedo-baloncesto-aprende-a-sufrir","status":"publish","type":"post","link":"https:\/\/www.europesays.com\/es\/107508\/","title":{"rendered":"El Alimerka Oviedo Baloncesto aprende a sufrir"},"content":{"rendered":"<p> El segundo encuentro de pretemporada del Alimerka Oviedo Baloncesto tuvo un gui\u00f3n bien distinto a lo visto en el estreno del Palacio de los  &#8230; Deportes ante el San Pablo Burgos, pero se repiti\u00f3 el mismo final. Los hombres de Javi Rodr\u00edguez se mantienen invictos despu\u00e9s de sumar la victoria, por 96-95, ante el Alega Cantabria en un encuentro que se tuvo que resolver tras una pr\u00f3rroga y que a punto estuvo de tener otros cinco minutos extra.<\/p>\n<p class=\"v-p\">El juego de los ovetenses fue superior al del cuadro dirigido por Lolo Encinas, aunque los c\u00e1ntabros, liderados en la primera mitad por Reggie Johnson y en la recta final por el espigado p\u00edvot chino Jiahao Yu, de 2,20 metros, nunca dieron el encuentro por perdido.<\/p>\n<p class=\"v-p\">Tras un primer cuarto sin mucho acierto a canasta por ambos bandos, los ovetenses imprimieron su mejor juego, llegando a disfrutar de una renta m\u00e1xima de doce puntos (26-14). Pero momentos de desconexi\u00f3n, con falta de intensidad en ataque y una defensa ben\u00e9vola, permitieron a los c\u00e1ntabros recortar distancias y llevar el encuentro al descanso, con el 36-34 en el electr\u00f3nico.<\/p>\n<p class=\"v-p\">Tras el paso por el vestuario, los de Lolo Encinas entraron m\u00e1s r\u00e1pidos al partido, d\u00e1ndole r\u00e1pidamente la vuelta al marcador para situarse tres arriba, 36-39. Una situaci\u00f3n que no se daba desde el 4-5 de los compases iniciales. El desacierto en ataque de sus hombres, oblig\u00f3 a Javi Rodr\u00edguez a solicitar un tiempo muerto para intentar frenar la avalancha rival, que lleg\u00f3 a situar al Alega Cantabria ocho puntos arriba (47-55). <\/p>\n<p class=\"v-p\">Pero, como hab\u00eda sucedido anteriormente a los locales, esa diferencia se diluy\u00f3, para poner de nuevo la emoci\u00f3n, en un partido que viv\u00eda alternancias continuas de buen juego. La igualdad era m\u00e1xima, sin que ninguno de ambos conjuntos se pudiera escapar definitivamente hacia la victoria, la que lleg\u00f3 a rozar inicialmente el Alimerka, aunque un triple de Jiahao Yu, a falta de cuatro segundos, llev\u00f3 el encuentro a la pr\u00f3rroga. <\/p>\n<p class=\"v-p\">Un tiempo extra en el que los disc\u00edpulos de Javi Rodr\u00edguez fueron mejores, pero sin la claridad necesaria para no tener que sufrir hasta el final, cuando el Alega a punto estuvo de forzar una nueva pr\u00f3rroga.<\/p>\n<p class=\"v-p\">Hay que destacar el partido de Brycen Goodine, m\u00e1ximo anotador de la tarde con treinta y siete puntos. Una actuaci\u00f3n brillante, al igual que la de Calvin Hermanson, estando llamados a ser dos piezas fundamentales en el juego del Alimerka Oviedo. Por parte c\u00e1ntabra, Johnson, con veinticinco puntos, y el joven Yu fueron los hombres m\u00e1s destacados de Lolo Encinas.<\/p>\n<p class=\"v-p\">Los hombres de Javi Rodr\u00edguez tendr\u00e1n poco descanso, ya que el s\u00e1bado volver\u00e1n a jugar ante su afici\u00f3n, en esta ocasi\u00f3n recibiendo al Obradoiro.<\/p>\n","protected":false},"excerpt":{"rendered":"El segundo encuentro de pretemporada del Alimerka Oviedo Baloncesto tuvo un gui\u00f3n bien distinto a lo visto en&hellip;\n","protected":false},"author":2,"featured_media":107509,"comment_status":"","ping_status":"","sticky":false,"template":"","format":"standard","meta":{"footnotes":""},"categories":[269],"tags":[1795,37132,299,298,168,25,24,23,167,18389],"class_list":{"0":"post-107508","1":"post","2":"type-post","3":"status-publish","4":"format-standard","5":"has-post-thumbnail","7":"category-baloncesto","8":"tag-alimerka","9":"tag-aprende","10":"tag-baloncesto","11":"tag-basketball","12":"tag-deportes","13":"tag-es","14":"tag-espana","15":"tag-spain","16":"tag-sports","17":"tag-sufrir"},"share_on_mastodon":{"url":"","error":""},"_links":{"self":[{"href":"https:\/\/www.europesays.com\/es\/wp-json\/wp\/v2\/posts\/107508","targetHints":{"allow":["GET"]}}],"collection":[{"href":"https:\/\/www.europesays.com\/es\/wp-json\/wp\/v2\/posts"}],"about":[{"href":"https:\/\/www.europesays.com\/es\/wp-json\/wp\/v2\/types\/post"}],"author":[{"embeddable":true,"href":"https:\/\/www.europesays.com\/es\/wp-json\/wp\/v2\/users\/2"}],"replies":[{"embeddable":true,"href":"https:\/\/www.europesays.com\/es\/wp-json\/wp\/v2\/comments?post=107508"}],"version-history":[{"count":0,"href":"https:\/\/www.europesays.com\/es\/wp-json\/wp\/v2\/posts\/107508\/revisions"}],"wp:featuredmedia":[{"embeddable":true,"href":"https:\/\/www.europesays.com\/es\/wp-json\/wp\/v2\/media\/107509"}],"wp:attachment":[{"href":"https:\/\/www.europesays.com\/es\/wp-json\/wp\/v2\/media?parent=107508"}],"wp:term":[{"taxonomy":"category","embeddable":true,"href":"https:\/\/www.europesays.com\/es\/wp-json\/wp\/v2\/categories?post=107508"},{"taxonomy":"post_tag","embeddable":true,"href":"https:\/\/www.europesays.com\/es\/wp-json\/wp\/v2\/tags?post=107508"}],"curies":[{"name":"wp","href":"https:\/\/api.w.org\/{rel}","templated":true}]}}