{"id":107531,"date":"2025-09-11T10:24:07","date_gmt":"2025-09-11T10:24:07","guid":{"rendered":"https:\/\/www.europesays.com\/es\/107531\/"},"modified":"2025-09-11T10:24:07","modified_gmt":"2025-09-11T10:24:07","slug":"bbva-reduce-el-riesgo-de-perdida-de-clientes-por-la-opa-sobre-sabadell-expansion","status":"publish","type":"post","link":"https:\/\/www.europesays.com\/es\/107531\/","title":{"rendered":"BBVA reduce el riesgo de p\u00e9rdida de clientes por la opa sobre Sabadell &#8211; Expansi\u00f3n"},"content":{"rendered":"<ol>\n<li><a href=\"https:\/\/news.google.com\/rss\/articles\/CBMiiAFBVV95cUxPRC1ZN29pSUlTZko0WXUzMWFCUS1nRUVlMmtOVXZLeWEyR0pLSkxFSmVHRFBYY093cUlXdVBFUjZwdkVLZm5GcmM2SVp3ODVaQW5GQ3M2SVFEeWN4czN2ejllZ0JGSWxab3FPVkRWSi1WQXJZZDRaMEotcFBiZ0Vqb1g0T3ZjYlBV0gGIAUFVX3lxTE45WTVKN3pmX0VQY3p3MlA3eTgyTHJ3ZTRFWFNsRElQVHZMRGNackZiV3lwQU9SLUM3Z3N2c3lMajgxV0ljbmo5VUNDamtUcm5TTzN2bXNiSDMxY2RPdWgxcEh1OWNuaTNRblNYRTc1X0U2bVJ1Q09HUzZpVXB2QUJNZ1RvU2dmQVo?oc=5\" target=\"_blank\" rel=\"nofollow noopener\">BBVA reduce el riesgo de p\u00e9rdida de clientes por la opa sobre Sabadell<\/a>&nbsp;&nbsp;Expansi\u00f3n<\/li>\n<li><a href=\"https:\/\/news.google.com\/rss\/articles\/CBMi7AFBVV95cUxOY0NTd0FfU3VvUWJGZHY2WG9QX1JsSXgyeGY3emZFbUVOWFRpTllTdmlfZTBkajlFNXB5MklOT3loOTRBTEY2NXVWNGxxeWJ3TFVPOC1LZVVXRE9zajRtSDE5MDY2OERwTklxRTNSRzFfZmJMSXU2RXVva0thX1E2emNLdVMxQXI0TmpDM01JaWUtb1dCUFZob0xpZkU5ZUNlS0E3eEQ2TERKU0JRUTJyNHVWQ1BGcGFoM2ZWYTNIRHVPS1ZwWGhZdEVwQlhEdkF1VGpHQmdTVWlxdUxfZFh4TmwtcTM5UFJ5c1IxeA?oc=5\" target=\"_blank\" rel=\"nofollow noopener\">La Asociaci\u00f3n de Accionistas Minoritarios del Banco Sabadell: \u201cLa opa fracasar\u00e1, tiene los pies de barro\u201d<\/a>&nbsp;&nbsp;Cinco D\u00edas<\/li>\n<li><a href=\"https:\/\/news.google.com\/rss\/articles\/CBMinwJBVV95cUxNUXA1VzRmbU5GckhnNFJiNm84dWNqbzlSbzhNLXlsWElicXlSQXpTc3pQQl81ZmxYaDlvVXZ3U21BV2YteGlVTHVDSXV1QXlIeFNvSjJ5ZDk5QjVmQV9CclN5TDVjTVdNemgydTlNcm0zd2pVNllOZVV4cFFwdHBpRURvb1VzbXpWdEgwTHFldi1LNXc3SGV3MGhzcGRhVTJMSTNuYjdudmNiVjg5bERWa1lRZ1dMT0VXZ0ZiRGpOUEFDOFpJYko1MFZVRV9YMXdDbFJRVVBFTkVydndqOGlQSU4yUG5DSmVmVjQ1TUJUd19mTWo4d2hLTGs2Unoza0xydktQZ1VuUEoxX0VJOFpPWElMS3h6ZGpQMURva3EzWQ?oc=5\" target=\"_blank\" rel=\"nofollow noopener\">Carlos Torres, con Carlos Alsina en \u2018M\u00e1s de uno\u2019, sobre la OPA al Sabadell: \u201cLa oferta es enormemente atractiva y no vemos ninguna raz\u00f3n para cambiarla\u201d<\/a>&nbsp;&nbsp;Atresmedia<\/li>\n<li><a href=\"https:\/\/news.google.com\/rss\/articles\/CBMioAFBVV95cUxPZGJNWnNYTVh3VVY0b2VqZ3VSUUlqYWJYb1NQRXdXalZWM2hQMDBvOEJPLXd0cVlWLVl6MzhxQ0JBclBRaUN2eGxFaDhJVFBPb3VJN2ZhcXZTUnRUUExQWjFDSWJFcGFKaXZ5bXVOcmhhcTFaM1FYYzdFYVljcEF1UXVRN2JMWWdWejhxV1N0Q0dzNFZ5NkJVbnZWUUVpaUNw?oc=5\" target=\"_blank\" rel=\"nofollow noopener\">La CNMV aclara que BBVA dispone solo hasta el 23 de septiembre para mejorar el precio de la opa al Sabadell<\/a>&nbsp;&nbsp;ABC<\/li>\n<li><a href=\"https:\/\/news.google.com\/rss\/articles\/CBMipwFBVV95cUxPbDRORF90VjV6M2RQcmM5ZXVZSXY5aUQ3OVZnQTZwNVB0WGZpZTNsWXpYcy03eko0YjZtTHAwU203MTZDLTgwR3JUV0JrMklYS203b3YxeEhvRTczank5YkZoSFJJTnZYOUV3ZzFCdG1NbkRVaDJEQlZQTHlPTkpDcGVNellEU0FKZWNENWZFeGMzcTUwOHg2SVFRSkIwSkYzM082MUI2MA?oc=5\" target=\"_blank\" rel=\"nofollow noopener\">La correlaci\u00f3n entre BBVA y Sabadell se debilita en plena fase de aceptaci\u00f3n de la opa<\/a>&nbsp;&nbsp;El Confidencial<\/li>\n<\/ol>\n","protected":false},"excerpt":{"rendered":"BBVA reduce el riesgo de p\u00e9rdida de clientes por la opa sobre Sabadell&nbsp;&nbsp;Expansi\u00f3n La Asociaci\u00f3n de Accionistas Minoritarios&hellip;\n","protected":false},"author":2,"featured_media":107532,"comment_status":"","ping_status":"","sticky":false,"template":"","format":"standard","meta":{"footnotes":""},"categories":[80],"tags":[5219,82,95,94,2308,6133,25,24,23],"class_list":{"0":"post-107531","1":"post","2":"type-post","3":"status-publish","4":"format-standard","5":"has-post-thumbnail","7":"category-economia","8":"tag-banca","9":"tag-business","10":"tag-economia","11":"tag-economy","12":"tag-empresas","13":"tag-empresas-banca","14":"tag-es","15":"tag-espana","16":"tag-spain"},"share_on_mastodon":{"url":"","error":""},"_links":{"self":[{"href":"https:\/\/www.europesays.com\/es\/wp-json\/wp\/v2\/posts\/107531","targetHints":{"allow":["GET"]}}],"collection":[{"href":"https:\/\/www.europesays.com\/es\/wp-json\/wp\/v2\/posts"}],"about":[{"href":"https:\/\/www.europesays.com\/es\/wp-json\/wp\/v2\/types\/post"}],"author":[{"embeddable":true,"href":"https:\/\/www.europesays.com\/es\/wp-json\/wp\/v2\/users\/2"}],"replies":[{"embeddable":true,"href":"https:\/\/www.europesays.com\/es\/wp-json\/wp\/v2\/comments?post=107531"}],"version-history":[{"count":0,"href":"https:\/\/www.europesays.com\/es\/wp-json\/wp\/v2\/posts\/107531\/revisions"}],"wp:featuredmedia":[{"embeddable":true,"href":"https:\/\/www.europesays.com\/es\/wp-json\/wp\/v2\/media\/107532"}],"wp:attachment":[{"href":"https:\/\/www.europesays.com\/es\/wp-json\/wp\/v2\/media?parent=107531"}],"wp:term":[{"taxonomy":"category","embeddable":true,"href":"https:\/\/www.europesays.com\/es\/wp-json\/wp\/v2\/categories?post=107531"},{"taxonomy":"post_tag","embeddable":true,"href":"https:\/\/www.europesays.com\/es\/wp-json\/wp\/v2\/tags?post=107531"}],"curies":[{"name":"wp","href":"https:\/\/api.w.org\/{rel}","templated":true}]}}