{"id":107557,"date":"2025-09-11T10:41:09","date_gmt":"2025-09-11T10:41:09","guid":{"rendered":"https:\/\/www.europesays.com\/es\/107557\/"},"modified":"2025-09-11T10:41:09","modified_gmt":"2025-09-11T10:41:09","slug":"el-legado-creativo-de-david-bowie-se-abre-al-publico-en-londres-abc","status":"publish","type":"post","link":"https:\/\/www.europesays.com\/es\/107557\/","title":{"rendered":"El legado creativo de David Bowie se abre al p\u00fablico en Londres &#8211; ABC"},"content":{"rendered":"<ol>\n<li><a href=\"https:\/\/news.google.com\/rss\/articles\/CBMinwFBVV95cUxNcUxpUFMwUmxxaHhxd09BX0FlcGlsNVZYaVNPV1VaWEVPakhQT1AyeGtadk13UlF3MnlrUmh0X1FHWklicTl3aldWODRHYXFZLXlLdXdNWEJ2cUR6WDBKZzBnUldnaXNLOWNkcmIwS3dFV1dmOWpsVk9qSFNCYWtyejdxc0x0ZVF3TmUxOVhOSXFHankzWlBVcFBpXzFVaknSAaQBQVVfeXFMTlJkVGQyOS1iSnZaaVhRRm50MWJ4aDJLeE1oNnd3c1ZwclRkWjhCRzJhbWJUMk10ZEJ6bHZHb0ItTGZUWFc1V3FFaDVocGNWYTY0dW5IX095emI0OXc5NkoxZ0JEbnRyMjZYYVhDRWUzLUNfby0teXJXaF9BbVE3NVgyRzJEWndKbHFOS1Mwdjc4QVJaM0hxamZ2MFMxNmZ2QV9WN2U?oc=5\" target=\"_blank\" rel=\"nofollow noopener\">El legado creativo de David Bowie se abre al p\u00fablico en Londres<\/a>&nbsp;&nbsp;ABC<\/li>\n<li><a href=\"https:\/\/news.google.com\/rss\/articles\/CBMivwFBVV95cUxOX1NvWU1WTGpuZnhmckN3TjI1RzA4eWhYWHdUd082QlhQeVphREtGWGowdGM5UmFxU2RRWVgtc19Zc3ZTajhqWTY0TTR3alVtU3NDc3BTSXdpMUZLYWFfQ3cwdFgxcGdDcm9vSWZFb0RLNmh6TVZhOWhTTXBVTDFTWm9zei02c3BCTUFxdGlIc0loVnJTNTB1VHRYS1psRDR3aGJIQ1NrYlpIZ1FTU196Y282ZllISU1fZkxXOVFDZw?oc=5\" target=\"_blank\" rel=\"nofollow noopener\">Crean el Centro David Bowie en Londres, un homenaje inmersivo a su vida y obra<\/a>&nbsp;&nbsp;La Vanguardia<\/li>\n<li><a href=\"https:\/\/news.google.com\/rss\/articles\/CBMiowFBVV95cUxOMERPZjdzR01hUDNSaENwNV9BWkxoVFdIRWxNLTBWandpTUJBRmg4MEo3X19zdVF0UDN4ZFlndHJGUlN3bldybWFXWHNfRFJWaU00Q0xVUWVTTWtZczJKLUd6NnNmNFljM3J4Nkh0c1hIak14MjlQSmV3MzNEYXpjTG5CdGhqTEpnZzZRX29SYnZrX1pWdDFOekE0SFZNYWVpejU0?oc=5\" target=\"_blank\" rel=\"nofollow noopener\">David Bowie lo ense\u00f1a todo: as\u00ed es el nuevo museo con 90.000 objetos personales del m\u00fasico<\/a>&nbsp;&nbsp;El Correo<\/li>\n<li><a href=\"https:\/\/news.google.com\/rss\/articles\/CBMi2wFBVV95cUxQVkRrSDFtX0ptX0ctN3pVRDVxVE4wdnhKNnBtNnFVcDhyaVFLUXRnV1dZcVFUamhZUHBlVjE1SERXS2VfZDE0T2JxdzVkSEgyckFRVkoxY2Nza3pPOXNxSUZnRU95VldPSXlQcGtRMHVoOUQ5anBQLTU3bmF4SzdaNV9zRGlOQkdxTm54M3JueF9TZy1PNjFqdEI1N3RBRWhNTUo1enRKTVBWeWw2c0lEWHdlcWVMSTBuNWsyS1VpQUw0LTQ0ZG9JZjQwQl9jbjhtNkxkSVlYY3Y4Rms?oc=5\" target=\"_blank\" rel=\"nofollow noopener\">David Bowie trabajaba en un musical ambientado en el siglo XVIII cuando muri\u00f3<\/a>&nbsp;&nbsp;MSN<\/li>\n<li><a href=\"https:\/\/news.google.com\/rss\/articles\/CBMiowFBVV95cUxQblRCRWsyZW5nMnBIV2t1aFlrSElhSkFsYmFoTTREcU1pb0dkUXE3Yl9fbjM4WUJQT1VuSWdtX0dWcm8zOVlxeDJuTW45X01fdWtnTGhYRTBzeHV6bTFGZll4TDV2Ujc4VkxVQWJFbEZkQ0hMSzhSbm16QjVQclhNRE56ektNQy10TTJuRVFrYmUtQmpzaTdlT0I3ZlZtZ1doeFZR?oc=5\" target=\"_blank\" rel=\"nofollow noopener\">Revelan el proyecto final secreto de David Bowie: Un musical<\/a>&nbsp;&nbsp;Stereo Cien<\/li>\n<\/ol>\n","protected":false},"excerpt":{"rendered":"El legado creativo de David Bowie se abre al p\u00fablico en Londres&nbsp;&nbsp;ABC Crean el Centro David Bowie en&hellip;\n","protected":false},"author":2,"featured_media":106734,"comment_status":"","ping_status":"","sticky":false,"template":"","format":"standard","meta":{"footnotes":""},"categories":[170],"tags":[146,147,25,24,184,185,23],"class_list":{"0":"post-107557","1":"post","2":"type-post","3":"status-publish","4":"format-standard","5":"has-post-thumbnail","7":"category-musica","8":"tag-entertainment","9":"tag-entretenimiento","10":"tag-es","11":"tag-espana","12":"tag-music","13":"tag-musica","14":"tag-spain"},"share_on_mastodon":{"url":"","error":""},"_links":{"self":[{"href":"https:\/\/www.europesays.com\/es\/wp-json\/wp\/v2\/posts\/107557","targetHints":{"allow":["GET"]}}],"collection":[{"href":"https:\/\/www.europesays.com\/es\/wp-json\/wp\/v2\/posts"}],"about":[{"href":"https:\/\/www.europesays.com\/es\/wp-json\/wp\/v2\/types\/post"}],"author":[{"embeddable":true,"href":"https:\/\/www.europesays.com\/es\/wp-json\/wp\/v2\/users\/2"}],"replies":[{"embeddable":true,"href":"https:\/\/www.europesays.com\/es\/wp-json\/wp\/v2\/comments?post=107557"}],"version-history":[{"count":0,"href":"https:\/\/www.europesays.com\/es\/wp-json\/wp\/v2\/posts\/107557\/revisions"}],"wp:featuredmedia":[{"embeddable":true,"href":"https:\/\/www.europesays.com\/es\/wp-json\/wp\/v2\/media\/106734"}],"wp:attachment":[{"href":"https:\/\/www.europesays.com\/es\/wp-json\/wp\/v2\/media?parent=107557"}],"wp:term":[{"taxonomy":"category","embeddable":true,"href":"https:\/\/www.europesays.com\/es\/wp-json\/wp\/v2\/categories?post=107557"},{"taxonomy":"post_tag","embeddable":true,"href":"https:\/\/www.europesays.com\/es\/wp-json\/wp\/v2\/tags?post=107557"}],"curies":[{"name":"wp","href":"https:\/\/api.w.org\/{rel}","templated":true}]}}