{"id":107562,"date":"2025-09-11T10:44:16","date_gmt":"2025-09-11T10:44:16","guid":{"rendered":"https:\/\/www.europesays.com\/es\/107562\/"},"modified":"2025-09-11T10:44:16","modified_gmt":"2025-09-11T10:44:16","slug":"la-campana-deseos-extraordinarios-refleja-las-limitaciones-de-vivir-con-migrana-cronica-lider-en-informacion-social","status":"publish","type":"post","link":"https:\/\/www.europesays.com\/es\/107562\/","title":{"rendered":"La campa\u00f1a &#8216;Deseos Extraordinarios&#8217; refleja las limitaciones de vivir con migra\u00f1a cr\u00f3nica | L\u00edder en Informaci\u00f3n Social"},"content":{"rendered":"<p>\n      La Asociaci\u00f3n Espa\u00f1ola de Migra\u00f1a y Cefalea (Aemice) destac\u00f3 este jueves que \u201cel 70% de las personas que padecen migra\u00f1a desear\u00edan poder realizar actividades cotidianas sin dolor ni limitaciones\u201d en el marco de la campa\u00f1a \u2018&#8217;Deseos Extraordinarios&#8217; que presentar\u00e1 este jueves.\n    <\/p>\n<p>\u201cLa enfermedad no es solo un dolor de cabeza. Es una enfermedad neurol\u00f3gica que impacta en cada rinc\u00f3n de la vida\u201d, subray\u00f3 la presidenta de la asociaci\u00f3n, Isabel Colomina. Una afirmaci\u00f3n refrendada por los resultados obtenidos en la encuesta realizada a 888 personas con migra\u00f1a y cuyos resultados se presentar\u00e1n hoy con motivo del D\u00eda Internacional de Acci\u00f3n contra la Migra\u00f1a que se conmemora este 12 de septiembre.<\/p>\n<p>La campa\u00f1a \u2018&#8217;Deseos Extraordinarios&#8217; pretende concienciar a la sociedad sobre \u201cel impacto real de la migra\u00f1a\u201d poniendo el foco en \u201clas limitaciones invisibles\u201d que impone en la vida diaria, adem\u00e1s de \u201cromper el estigma derivado de la banalizaci\u00f3n social\u201d, inform\u00f3 Aemice en un comunicado.  <\/p>\n<p>Se calcula que en Espa\u00f1a hay cinco millones de personas afectadas por esta enfermedad neurol\u00f3gica. Ocho de cada diez casos son mujeres y casi un mill\u00f3n y medio de personas que tienen esta enfermedad neurol\u00f3gica presentan m\u00e1s de 15 d\u00edas de migra\u00f1a al mes (lo que se conoce como migra\u00f1a cr\u00f3nica).<\/p>\n<p>LLEVAR UNA VIDA NORMAL<\/p>\n<p>Seg\u00fan datos extra\u00eddos del estudio, \u201cel 71 % (627 personas) de los encuestados formularon como deseo extraordinario poder realizar actividades cotidianas sin dolor ni limitaciones; mientras que solo el 10 % (93 personas) pidi\u00f3 deseos m\u00e1s gen\u00e9ricos o sociales, como ganar la loter\u00eda, comprar una casa o salud para toda la familia\u201d. <\/p>\n<p>As\u00ed, las personas que viven con migra\u00f1a coincidieron en su deseo de poder jugar con sus hijos en el parque \u201csin tener que volverme a casa por el dolor\u201d, ir al cine como antes \u201csin miedo a que el ruido o las luces me provoquen una crisis\u201d.<\/p>\n<p>Estos resultados evidencian, seg\u00fan Colomina, \u201cevidencian c\u00f3mo actividades cotidianas que para la mayor\u00eda de la poblaci\u00f3n son normales, para quienes conviven con migra\u00f1a se convierten en un deseo extraordinario\u201d.       <\/p>\n<p>Finalmente, como manifiesta Colomina, \u201cse quiere invitar a la comprensi\u00f3n y mostrar que la banalizaci\u00f3n en muchas ocasiones surge del desconocimiento, y que solo con informaci\u00f3n y empat\u00eda podremos construir una sociedad que acompa\u00f1e, escuche y respete a quienes la sufren\u201d.       <\/p>\n<p>Esta tarde a las 18.00 horas se presentar\u00e1 la campa\u00f1a &#8216;Deseos Extraordinarios\u2019 en una jornada en CaixaForum Madrid en la que participar\u00e1n la presidenta de Aemice, Isabel Colomina; y la directora General de Humanizaci\u00f3n, Atenci\u00f3n y Seguridad del Paciente de la Consejer\u00eda de Sanidad de la Comunidad de Madrid, Celia Garc\u00eda. <\/p>\n<p>A lo largo del encuentro tendr\u00e1n lugar dos mesas debate en las que se abordar\u00e1n los retos en la ruta asistencial de la migra\u00f1a y la protecci\u00f3n social de las personas con migra\u00f1a en Espa\u00f1a. <\/p>\n","protected":false},"excerpt":{"rendered":"La Asociaci\u00f3n Espa\u00f1ola de Migra\u00f1a y Cefalea (Aemice) destac\u00f3 este jueves que \u201cel 70% de las personas que&hellip;\n","protected":false},"author":2,"featured_media":107563,"comment_status":"","ping_status":"","sticky":false,"template":"","format":"standard","meta":{"footnotes":""},"categories":[92],"tags":[37139,9521,2379,37138,25,24,165,36766,166,492,23],"class_list":{"0":"post-107562","1":"post","2":"type-post","3":"status-publish","4":"format-standard","5":"has-post-thumbnail","7":"category-salud","8":"tag-asociacion-espanola-de-migrana-y-cefalea","9":"tag-discamedia","10":"tag-discapacidad","11":"tag-enfermedad-neurologica","12":"tag-es","13":"tag-espana","14":"tag-health","15":"tag-migrana","16":"tag-salud","17":"tag-sociedad","18":"tag-spain"},"share_on_mastodon":{"url":"","error":""},"_links":{"self":[{"href":"https:\/\/www.europesays.com\/es\/wp-json\/wp\/v2\/posts\/107562","targetHints":{"allow":["GET"]}}],"collection":[{"href":"https:\/\/www.europesays.com\/es\/wp-json\/wp\/v2\/posts"}],"about":[{"href":"https:\/\/www.europesays.com\/es\/wp-json\/wp\/v2\/types\/post"}],"author":[{"embeddable":true,"href":"https:\/\/www.europesays.com\/es\/wp-json\/wp\/v2\/users\/2"}],"replies":[{"embeddable":true,"href":"https:\/\/www.europesays.com\/es\/wp-json\/wp\/v2\/comments?post=107562"}],"version-history":[{"count":0,"href":"https:\/\/www.europesays.com\/es\/wp-json\/wp\/v2\/posts\/107562\/revisions"}],"wp:featuredmedia":[{"embeddable":true,"href":"https:\/\/www.europesays.com\/es\/wp-json\/wp\/v2\/media\/107563"}],"wp:attachment":[{"href":"https:\/\/www.europesays.com\/es\/wp-json\/wp\/v2\/media?parent=107562"}],"wp:term":[{"taxonomy":"category","embeddable":true,"href":"https:\/\/www.europesays.com\/es\/wp-json\/wp\/v2\/categories?post=107562"},{"taxonomy":"post_tag","embeddable":true,"href":"https:\/\/www.europesays.com\/es\/wp-json\/wp\/v2\/tags?post=107562"}],"curies":[{"name":"wp","href":"https:\/\/api.w.org\/{rel}","templated":true}]}}