{"id":107580,"date":"2025-09-11T10:53:10","date_gmt":"2025-09-11T10:53:10","guid":{"rendered":"https:\/\/www.europesays.com\/es\/107580\/"},"modified":"2025-09-11T10:53:10","modified_gmt":"2025-09-11T10:53:10","slug":"la-jornada-ronda-rousey-descarta-pelear-en-evento-de-ufc-en-la-casa-blanca","status":"publish","type":"post","link":"https:\/\/www.europesays.com\/es\/107580\/","title":{"rendered":"La Jornada &#8211; Ronda Rousey descarta pelear en evento de UFC en la Casa Blanca"},"content":{"rendered":"<p class=\"nota-justify\">Ronda Rousey, estrella de las artes marciales mixtas, dej\u00f3 en claro que no tiene inter\u00e9s en participar en ning\u00fan evento de la UFC en la Casa Blanca con el presidente Donald Trump<\/p>\n<p class=\"nota-justify\">El mes pasado, el CEO de UFC y aliado del mandatario estadunidense, Dana White, anunci\u00f3 que se celebrar\u00e1 una pelea en jaula en el South Lawn en junio del 2026 como parte de la celebraci\u00f3n del 250 aniversario de la empresa.<\/p>\n<p class=\"nota-justify\">Durante una entrevista reciente en el podcast Lapsed Fan , se le pregunt\u00f3 a Rousey, de 38 a\u00f1os, si la hab\u00edan invitado al evento.<\/p>\n<p class=\"nota-justify\">\u00abNo pelear\u00e9 en la Casa Blanca\u00bb, declar\u00f3 sin rodeos la ex campeona de la UFC y ex superestrella de la WWE. \u00abDespu\u00e9s de que Mike Tyson fuera la pelea m\u00e1s importante del a\u00f1o, nunca digas nunca, pero no pelear\u00e9 Casa Blanca\u00bb.<\/p>\n<p class=\"nota-justify\">Cuando le preguntaron si participar\u00eda si se le diera la oportunidad, Rousey respondi\u00f3: \u00ab\u00bfAunque me la ofrecieran? Tengo cosas mejores que hacer\u00bb.<\/p>\n<p class=\"nota-justify\">La alineaci\u00f3n actual de competidores a\u00fan no se ha definido, aunque el destacado luchador irland\u00e9s Conor McGregor ha expresado su deseo de participar en el evento.<\/p>\n<p class=\"nota-justify\">El desaire de Rousey no es una sorpresa, ya que ella ya se hab\u00eda manifestado en contra de Trump, declarando en 2015 que no votar\u00eda por \u00e9l.<\/p>\n<p class=\"nota-justify\">\u00abSimplemente no confiar\u00eda en ese tipo para gobernar mi pa\u00eds\u00bb, dijo durante una aparici\u00f3n en CNN. \u00abNo quiero que una estrella de reality show dirija mi pa\u00eds\u00bb.<\/p>\n<p class=\"nota-justify\">A principios de este a\u00f1o, Rousey revel\u00f3 que una vez le hab\u00eda hecho una promesa a White de que nunca hablar\u00eda mal de Trump, un fan\u00e1tico dedicado de la UFC.<\/p>\n<p class=\"nota-justify\">\u201cEn 2016, Dana White me hizo prometer espec\u00edficamente que no dir\u00eda nada malo de Donald Trump porque cuando necesitaban un lugar y nadie se lo daba, \u00e9l lo hizo\u201d, dijo. \u201cY como siento que le debo la vida a Dana, le dije: &#8216;Est\u00e1 bien&#8217;\u201d.<\/p>\n","protected":false},"excerpt":{"rendered":"Ronda Rousey, estrella de las artes marciales mixtas, dej\u00f3 en claro que no tiene inter\u00e9s en participar en&hellip;\n","protected":false},"author":2,"featured_media":107581,"comment_status":"","ping_status":"","sticky":false,"template":"","format":"standard","meta":{"footnotes":""},"categories":[276],"tags":[4555,353,168,352,25,24,7080,9423,23,167,343],"class_list":{"0":"post-107580","1":"post","2":"type-post","3":"status-publish","4":"format-standard","5":"has-post-thumbnail","7":"category-ufc","8":"tag-artes-marciales-mixtas","9":"tag-dana-white","10":"tag-deportes","11":"tag-donald-trump","12":"tag-es","13":"tag-espana","14":"tag-noticia","15":"tag-ronda-rousey","16":"tag-spain","17":"tag-sports","18":"tag-ufc"},"share_on_mastodon":{"url":"","error":""},"_links":{"self":[{"href":"https:\/\/www.europesays.com\/es\/wp-json\/wp\/v2\/posts\/107580","targetHints":{"allow":["GET"]}}],"collection":[{"href":"https:\/\/www.europesays.com\/es\/wp-json\/wp\/v2\/posts"}],"about":[{"href":"https:\/\/www.europesays.com\/es\/wp-json\/wp\/v2\/types\/post"}],"author":[{"embeddable":true,"href":"https:\/\/www.europesays.com\/es\/wp-json\/wp\/v2\/users\/2"}],"replies":[{"embeddable":true,"href":"https:\/\/www.europesays.com\/es\/wp-json\/wp\/v2\/comments?post=107580"}],"version-history":[{"count":0,"href":"https:\/\/www.europesays.com\/es\/wp-json\/wp\/v2\/posts\/107580\/revisions"}],"wp:featuredmedia":[{"embeddable":true,"href":"https:\/\/www.europesays.com\/es\/wp-json\/wp\/v2\/media\/107581"}],"wp:attachment":[{"href":"https:\/\/www.europesays.com\/es\/wp-json\/wp\/v2\/media?parent=107580"}],"wp:term":[{"taxonomy":"category","embeddable":true,"href":"https:\/\/www.europesays.com\/es\/wp-json\/wp\/v2\/categories?post=107580"},{"taxonomy":"post_tag","embeddable":true,"href":"https:\/\/www.europesays.com\/es\/wp-json\/wp\/v2\/tags?post=107580"}],"curies":[{"name":"wp","href":"https:\/\/api.w.org\/{rel}","templated":true}]}}