{"id":107584,"date":"2025-09-11T10:56:09","date_gmt":"2025-09-11T10:56:09","guid":{"rendered":"https:\/\/www.europesays.com\/es\/107584\/"},"modified":"2025-09-11T10:56:09","modified_gmt":"2025-09-11T10:56:09","slug":"las-mentiras-de-la-vuelta-el-penultimo-raulista-vivo","status":"publish","type":"post","link":"https:\/\/www.europesays.com\/es\/107584\/","title":{"rendered":"Las mentiras de la Vuelta &#8211; El pen\u00faltimo raulista vivo"},"content":{"rendered":"<p>Ayer ve\u00eda al presidente del Gobierno vivamente interesado en que Feij\u00f3o dijera que lo que est\u00e1 sucediendo en la franja de Gaza era un genocidio: \u00abD\u00edgalo\u00bb, le insist\u00eda. Pero si el presidente del Partido Popular hubiese dicho eso no estar\u00eda ajust\u00e1ndose a la verdad porque, como tambi\u00e9n sabe S\u00e1nchez, los encargados de definir si en determinada regi\u00f3n del planeta se est\u00e1 produciendo o no un genocidio no somos \u00e9l o yo sino los tribunales internacionales. Un genocidio, o sea el exterminio organizado de una parte de la poblaci\u00f3n por motivos religiosos, de etnia o pol\u00edticos, es, por ejemplo, lo que sufri\u00f3 Israel con los nazis: al menos 6 millones de muertos en las c\u00e1maras de gas y en los campos de concentraci\u00f3n. Acabo de leer a un experto en derecho internacional, Stefan Talmon, decir que no hay elementos probatorios suficientes para catalogar como genocida lo que est\u00e1 sucediendo en Gaza. De modo que si Feij\u00f3o hubiera definido como genocida a Israel estar\u00eda, como poco, mintiendo, que es (y cambiando radicalmente de asunto) lo que estuvo haciendo por ejemplo durante mucho tiempo el experto sanitario del Gobierno, aquel inefable Fernando Sim\u00f3n, neg\u00e1ndose a llamar pandemia a lo que claramente lo era, y por un \u00fanico motivo, el pol\u00edtico.<\/p>\n<p>A la salida de la decimos\u00e9ptima etapa de la Vuelta se volvieron a repetir las algaradas y, como a los ciclistas les tiran cosas cuando no les arrojan a ellos mismos directamente al suelo, y resulta que la etapa de Valladolid es muy propicia para el vandalismo, los corredores se reunieron para decir que si esto segu\u00eda as\u00ed parar\u00edan. Han tenido que decirlo ellos porque nadie va a mover un dedo para ayudarles, nadie. M\u00e1s bien al contrario, desde el Gobierno se alientan estas manifestaciones que, avanzo desde aqu\u00ed, no van a servir absolutamente para nada que no sea herir a uno o varios deportistas o, llegado el caso y dependiendo de la violencia empleada, qui\u00e9n sabe si acabar incluso con la vida de alg\u00fan corredor, esperemos que no. Yo no veo Televisi\u00f3n Espantosa, me parece un canal al servicio de un partido pol\u00edtico, pero me cuentan que el otro d\u00eda hubo un periodista, Ernest Riveras, que coquete\u00f3 con la posibilidad de que esas protestas pudieran frenar al Gobierno israel\u00ed. Pero, salvo en el mundo de Yuppie, todos sabemos que eso no va a ser as\u00ed, \u00bfverdad? Quiero decir, se han producido algaradas en varias etapas y la guerra ha continuado. Y si el cuadrag\u00e9simo quinto presidente de los Estados Unidos de Am\u00e9rica, que alg\u00fan poder tiene, acaba de reconocer que no fue informado del bombardeo sobre Qatar por parte de Israel, no creo que los buenos deseos que pueda enviar desde la Tele Espantosa un periodista vayan a frenar a Netanyahu.<\/p>\n<p>Hay mucha demagogia alrededor de lo que est\u00e1 ocurriendo en esta Vuelta Ciclista a Espa\u00f1a y, si la hay, es porque el fin \u00faltimo no es el de frenar a Israel sino el de hacer politiquilla con el sufrimiento real de la gente. Se dice, \u00bfqu\u00e9 es mejor, parar lo que est\u00e1 sucediendo en Gaza o que no se disputen los \u00faltimos 8 kil\u00f3metros de la Vuelta? Y yo digo: lo mejor es parar lo de Gaza. \u00bfY qu\u00e9 es mejor, parar lo de Gaza o que no se dispute la pr\u00f3xima jornada de la Liga? Y yo digo: parar la Liga. Pero es que ni la Vuelta ni la Liga tienen el menor nexo de uni\u00f3n con la situaci\u00f3n de la franja. Es decir, demagogia pura y dura.<\/p>\n<p>A\u00fan as\u00ed, cada cual tiene por supuesto todo el derecho del mundo a manifestarse legalmente, y todo hace indicar que las algaradas de esta Vuelta son de todo menos legales. Y si son ilegales, \u00bfpor qu\u00e9 no las frena el Gobierno? Pues porque al PSOE le interesa que se hable de esto y no de Bego\u00f1a G\u00f3mez, Santos Cerd\u00e1n, \u00c1balos, Koldo, la fontanera, el fiscal general del Estado o el herman\u00edsimo. \u00bfLes interesa tanto como para poner en riesgo la salud de unos deportistas? Pero hombre, por Dios, si durante la pandemia nos dijeron que hab\u00eda por ah\u00ed un comit\u00e9 de expertos velando por nuestra salud cuando se descubri\u00f3 que era todo una gran mentira.<\/p>\n<p>La Vuelta Ciclista a Espa\u00f1a es un negocio. Es el negocio de una empresa que se llama Unipublic. Ni Unipublic ni nadie puede expulsar de la carrera al Israel-Premier Tech porque resulta que este equipo ha pagado por participar. Si, como quer\u00eda Moncloa, Unipublic hubiera expulsado al equipo israel\u00ed, la Vuelta habra dejado de pertenecer al d\u00eda siguiente a la Uni\u00f3n Ciclista Internacional y esto quiere decir que no s\u00f3lo dejar\u00eda de participar el Israel-Premier Tech sino tambi\u00e9n el resto de participantes porque no habr\u00eda en el futuro m\u00e1s Vueltas Ciclistas a Espa\u00f1a.<\/p>\n<p>Hoy, a estas horas, seguro que en el Estado de Israel se est\u00e1n produciendo manifestaciones contra el Gobierno de Netanyahu. \u00bfPor qu\u00e9? Pues porque en Israel se vota, Israel elige a sus representantes, en Israel hay una oposici\u00f3n y hay un Parlamento. De hecho, y por resumir, Israel es la \u00fanica democracia de la zona. Pero acusar a este equipo israel\u00ed de ser connivente con la guerra me parece ciertamente excesivo y demag\u00f3gico. En abril se cumplieron dos a\u00f1os de cruenta guerra en Sud\u00e1n: 30 millones de personas necesitan ayuda humanitaria urgente, la mitad de la poblaci\u00f3n no tiene suficiente comida y agua, hay al menos medio mill\u00f3n de civiles pasando hambre extrema y 12 millones de personas han tenido que huir de sus hogares. Y del mismo modo podr\u00edamos hablar de Etiop\u00eda, Siria o el Congo. Por no contar lo que est\u00e1 pasando con Ucrania. Si hay uno o dos papanatas que, de un modo frontalmente ilegal, creen que son capaces de frenar el conflicto entre las Fuerzas Armadas de Sud\u00e1n y las Fuerzas de Apoyo R\u00e1pido tirando al suelo a Javier Romo e impidi\u00e9ndole cumplir su sue\u00f1o de llegar hasta la meta instalada en Madrid, alguien deber\u00e1 impedir por la fuerza que esos iluminados puedan llevar a cabo su vand\u00e1lico acto. Y si el llamado a impedirlo no lo hace ser\u00e1 c\u00f3mplice de futuras desgracias que puedan ocurrir en esta o en otras carreteras.<\/p>\n","protected":false},"excerpt":{"rendered":"Ayer ve\u00eda al presidente del Gobierno vivamente interesado en que Feij\u00f3o dijera que lo que est\u00e1 sucediendo en&hellip;\n","protected":false},"author":2,"featured_media":107585,"comment_status":"","ping_status":"","sticky":false,"template":"","format":"standard","meta":{"footnotes":""},"categories":[273],"tags":[313,312,168,25,24,23,167],"class_list":{"0":"post-107584","1":"post","2":"type-post","3":"status-publish","4":"format-standard","5":"has-post-thumbnail","7":"category-ciclismo","8":"tag-ciclismo","9":"tag-cycling","10":"tag-deportes","11":"tag-es","12":"tag-espana","13":"tag-spain","14":"tag-sports"},"share_on_mastodon":{"url":"","error":""},"_links":{"self":[{"href":"https:\/\/www.europesays.com\/es\/wp-json\/wp\/v2\/posts\/107584","targetHints":{"allow":["GET"]}}],"collection":[{"href":"https:\/\/www.europesays.com\/es\/wp-json\/wp\/v2\/posts"}],"about":[{"href":"https:\/\/www.europesays.com\/es\/wp-json\/wp\/v2\/types\/post"}],"author":[{"embeddable":true,"href":"https:\/\/www.europesays.com\/es\/wp-json\/wp\/v2\/users\/2"}],"replies":[{"embeddable":true,"href":"https:\/\/www.europesays.com\/es\/wp-json\/wp\/v2\/comments?post=107584"}],"version-history":[{"count":0,"href":"https:\/\/www.europesays.com\/es\/wp-json\/wp\/v2\/posts\/107584\/revisions"}],"wp:featuredmedia":[{"embeddable":true,"href":"https:\/\/www.europesays.com\/es\/wp-json\/wp\/v2\/media\/107585"}],"wp:attachment":[{"href":"https:\/\/www.europesays.com\/es\/wp-json\/wp\/v2\/media?parent=107584"}],"wp:term":[{"taxonomy":"category","embeddable":true,"href":"https:\/\/www.europesays.com\/es\/wp-json\/wp\/v2\/categories?post=107584"},{"taxonomy":"post_tag","embeddable":true,"href":"https:\/\/www.europesays.com\/es\/wp-json\/wp\/v2\/tags?post=107584"}],"curies":[{"name":"wp","href":"https:\/\/api.w.org\/{rel}","templated":true}]}}