{"id":107586,"date":"2025-09-11T10:57:10","date_gmt":"2025-09-11T10:57:10","guid":{"rendered":"https:\/\/www.europesays.com\/es\/107586\/"},"modified":"2025-09-11T10:57:10","modified_gmt":"2025-09-11T10:57:10","slug":"f1-franco-colapinto-podria-regresar-a-williams","status":"publish","type":"post","link":"https:\/\/www.europesays.com\/es\/107586\/","title":{"rendered":"F1: Franco Colapinto podr\u00eda regresar a Williams"},"content":{"rendered":"<p data-testid=\"paragraph\" class=\"mb-[20px] md:mb-[30px] break-word\">Los caminos de <strong><a href=\"https:\/\/bolavip.com\/mx\/tema\/franco-colapinto\" target=\"_blank\" rel=\"noreferrer noopener nofollow\" class=\"break-word font-articleLinkText text-articleLinkText hover:text-articleLinkTextHover hover:bg-articleLinkTextHoverBg cursor-pointer border-solid border-b-articleLinkTextHover\">Franco Colapinto<\/a><\/strong> y <strong>Williams<\/strong> podr\u00edan volver a cruzarse m\u00e1s temprano que tarde. El piloto argentino debut\u00f3 en la <strong><a href=\"https:\/\/bolavip.com\/mx\/f1\" target=\"_blank\" rel=\"noreferrer noopener nofollow\" class=\"break-word font-articleLinkText text-articleLinkText hover:text-articleLinkTextHover hover:bg-articleLinkTextHoverBg cursor-pointer border-solid border-b-articleLinkTextHover\">F\u00f3rmula 1<\/a><\/strong> en dicha escuder\u00eda y dej\u00f3 grandes actuaciones antes de pasar a <strong>Alpine<\/strong> en la temporada 2025. Precisamente ahora se est\u00e1 discutiendo su continuidad en el equipo franc\u00e9s para el pr\u00f3ximo curso y, en medio de esta evaluaci\u00f3n, Williams vuelve a aparecer como una opci\u00f3n firme.<\/p>\n<p data-testid=\"paragraph\" class=\"mb-[20px] md:mb-[30px] break-word\">El argentino no ha podido destacar con el A525, el peor coche de la parrilla con diferencia, pero <strong>en lo que respecta a la batalla interna se ha pueso a la par de Pierre Gasly e incluso lo ha superado en los \u00faltimos Grandes Premios<\/strong>. El franc\u00e9s firm\u00f3 una renovaci\u00f3n hasta 2028, pero en Alpine no est\u00e1n seguros todav\u00eda de continuar con Franco pese a que no le han brindado un coche a la altura.<\/p>\n<p><a title=\"La ins\u00f3lita orden de Alpine en el GP de Italia 2025 que ni Franco Colapinto entendi\u00f3\" href=\"https:\/\/bolavip.com\/mx\/f1\/la-insolita-orden-de-alpine-en-el-gp-de-italia-2025-que-ni-franco-colapinto-entendio\" target=\"_self\" rel=\"nofollow noopener\" class=\"article-also-read-embed\"><img decoding=\"async\" class=\"aspect-square max-w-[100px] m-[10px] md:m-0\" src=\"https:\/\/www.europesays.com\/es\/wp-content\/uploads\/2025\/09\/1757588230_130_image\" alt=\"La ins\u00f3lita orden de Alpine en el GP de Italia 2025 que ni Franco Colapinto entendi\u00f3\" width=\"200\" height=\"200\" loading=\"lazy\"\/><\/p>\n<p class=\"font-secondary my-[13px] uppercase text-alsoReadSeeAlso bg-alsoReadSeeAlsoBackground alsoReadSeeAlso w-fit\">ver tambi\u00e9n<\/p>\n<p class=\"w-full line-clamp-3 md:line-clamp-2 text-alsoReadEmbedTitle font-primary alsoReadLink\">La ins\u00f3lita orden de Alpine en el GP de Italia 2025 que ni Franco Colapinto entendi\u00f3<\/p>\n<p><\/a><\/p>\n<p data-testid=\"paragraph\" class=\"mb-[20px] md:mb-[30px] break-word\">En medio de la incertidumbre, Williams se postula como una posibilidad para Colapinto. Y es que <strong><a href=\"https:\/\/bolavip.com\/mx\/tema\/red-bull-racing\" target=\"_blank\" rel=\"noreferrer noopener nofollow\" class=\"break-word font-articleLinkText text-articleLinkText hover:text-articleLinkTextHover hover:bg-articleLinkTextHoverBg cursor-pointer border-solid border-b-articleLinkTextHover\">Red Bull Racing<\/a> estar\u00eda interesado en contratar nuevamente a Alex Albon ante el p\u00e9simo rendimiento de Yuki Tsunoda<\/strong>. El tailand\u00e9s ya sabe lo que es ser compa\u00f1ero de Max Verstappen y desde el equipo de las bebidas energ\u00e9ticas creen que su aporte podr\u00eda ser bueno ahora que es m\u00e1s maduro, con el valor agregado de que el 51% de las acciones de la escuder\u00eda es de ese pa\u00eds, regi\u00f3n que a su vez est\u00e1 luchando por tener un Gran Premio en el calendario.<\/p>\n<p data-testid=\"paragraph\" class=\"mb-[20px] md:mb-[30px] break-word\">As\u00ed lo explic\u00f3 Juan Cruz \u00c1lvarez, expiloto argentino que ayud\u00f3 a Colapinto a construir su carrera en Europa y que suele ser una voz autorizada cuando de Franco se trata. <strong>\u201cLos dos pilotos junior de Red Bull est\u00e1n mostrando que a\u00fan no est\u00e1n listos para el salto\u201d<\/strong>, asegura \u00c1lvarez en su cuenta de X. Y completa: \u201c<strong>Hadjar en este momento junto a Verstappen podr\u00eda arruinar el mejor projecto RB junior de los \u00faltimos a\u00f1os<\/strong> y Albon ya lo hizo bien cuando estuvo al lado de Max\u201d.<\/p>\n<p>Gui\u00f1os de Williams a Franco Colapinto<\/p>\n<p data-testid=\"paragraph\" class=\"mb-[20px] md:mb-[30px] break-word\">Justo en medio de estos rumores, <strong>Williams le ha dedicado varios posteos a Franco Colapinto en redes sociales<\/strong> recordando momentos vividos del argentino con la escuder\u00eda. Adem\u00e1s, un dato curioso es que <strong>la madre del piloto fue a votar este fin de semana con un casco que utilizaba Colapinto en Williams<\/strong>. \u00bfCasualidad o mensaje oculto?<\/p>\n","protected":false},"excerpt":{"rendered":"Los caminos de Franco Colapinto y Williams podr\u00edan volver a cruzarse m\u00e1s temprano que tarde. El piloto argentino&hellip;\n","protected":false},"author":2,"featured_media":107587,"comment_status":"","ping_status":"","sticky":false,"template":"","format":"standard","meta":{"footnotes":""},"categories":[270],"tags":[2103,1331,168,25,24,306,271,272,1723,2092,23,167,22319],"class_list":{"0":"post-107586","1":"post","2":"type-post","3":"status-publish","4":"format-standard","5":"has-post-thumbnail","7":"category-formula-1","8":"tag-alex-albon","9":"tag-alpine","10":"tag-deportes","11":"tag-es","12":"tag-espana","13":"tag-f1","14":"tag-formula-1","15":"tag-formula1","16":"tag-franco-colapinto","17":"tag-red-bull-racing","18":"tag-spain","19":"tag-sports","20":"tag-williams-team-f1"},"share_on_mastodon":{"url":"","error":""},"_links":{"self":[{"href":"https:\/\/www.europesays.com\/es\/wp-json\/wp\/v2\/posts\/107586","targetHints":{"allow":["GET"]}}],"collection":[{"href":"https:\/\/www.europesays.com\/es\/wp-json\/wp\/v2\/posts"}],"about":[{"href":"https:\/\/www.europesays.com\/es\/wp-json\/wp\/v2\/types\/post"}],"author":[{"embeddable":true,"href":"https:\/\/www.europesays.com\/es\/wp-json\/wp\/v2\/users\/2"}],"replies":[{"embeddable":true,"href":"https:\/\/www.europesays.com\/es\/wp-json\/wp\/v2\/comments?post=107586"}],"version-history":[{"count":0,"href":"https:\/\/www.europesays.com\/es\/wp-json\/wp\/v2\/posts\/107586\/revisions"}],"wp:featuredmedia":[{"embeddable":true,"href":"https:\/\/www.europesays.com\/es\/wp-json\/wp\/v2\/media\/107587"}],"wp:attachment":[{"href":"https:\/\/www.europesays.com\/es\/wp-json\/wp\/v2\/media?parent=107586"}],"wp:term":[{"taxonomy":"category","embeddable":true,"href":"https:\/\/www.europesays.com\/es\/wp-json\/wp\/v2\/categories?post=107586"},{"taxonomy":"post_tag","embeddable":true,"href":"https:\/\/www.europesays.com\/es\/wp-json\/wp\/v2\/tags?post=107586"}],"curies":[{"name":"wp","href":"https:\/\/api.w.org\/{rel}","templated":true}]}}