{"id":107595,"date":"2025-09-11T11:02:12","date_gmt":"2025-09-11T11:02:12","guid":{"rendered":"https:\/\/www.europesays.com\/es\/107595\/"},"modified":"2025-09-11T11:02:12","modified_gmt":"2025-09-11T11:02:12","slug":"ultimas-palabras-nuevo-libro-de-nery-santos-gomez","status":"publish","type":"post","link":"https:\/\/www.europesays.com\/es\/107595\/","title":{"rendered":"\u00daltimas Palabras, nuevo libro de Nery Santos G\u00f3mez"},"content":{"rendered":"<p>Un libro necesario para iluminar la muerte con esperanza.<\/p>\n<p>El pr\u00f3ximo 25 de octubre, en la Feria Internacional del Libro de la Rep\u00fablica Dominicana, se presentar\u00e1 oficialmente \u00daltimas Palabras, la m\u00e1s reciente obra de la escritora venezolana-colombiana Nery Santos G\u00f3mez, publicada por el prestigioso Grupo Editorial Sial Pigmali\u00f3n (Espa\u00f1a).<\/p>\n<p>Este libro es m\u00e1s que solo una recopilaci\u00f3n de frases finales: es una traves\u00eda por la historia y la condici\u00f3n humana. A trav\u00e9s de las \u00faltimas palabras de fil\u00f3sofos, escritores, l\u00edderes, artistas y personajes c\u00e9lebres, la autora construye un mosaico en el que la muerte deja de ser un muro oscuro para convertirse en un umbral hacia la memoria, la reflexi\u00f3n y la esperanza.<\/p>\n<p>Con cap\u00edtulos breves y precisos, el lector se adentra en la intimidad de S\u00f3crates, Bol\u00edvar, Virginia Woolf, Mandela, entre tantos otros, comprendiendo que cada despedida tambi\u00e9n es una lecci\u00f3n de vida. El libro se enriquece, adem\u00e1s, con poemas e historias que, en su cap\u00edtulo final, dialogan con las voces del pasado, record\u00e1ndonos que la palabra, a\u00fan en el trance \u00faltimo, sigue siendo consuelo y legado.<\/p>\n<p>La cubierta de \u00daltimas Palabras muestra a Pers\u00e9fone con la granada en las manos, evocando el mito que une luz y sombra, vida y muerte, p\u00e9rdida y renacimiento. Como Pers\u00e9fone, que transita entre la tierra f\u00e9rtil y el reino de Hades, las \u00faltimas palabras son tambi\u00e9n un tr\u00e1nsito: cierran un ciclo, pero inauguran otro. La imagen subraya la esencia de la obra: la muerte no es final absoluto, sino transformaci\u00f3n.<\/p>\n<p>\u00daltimas Palabras, invita a mirar la muerte sin miedo y con esperanza. Cada frase rescatada abre una ventana al tiempo en que fue pronunciada y muestra c\u00f3mo, en la despedida, hay tambi\u00e9n belleza, aprendizaje y sentido. Es un libro necesario porque, en una sociedad que reh\u00faye hablar de la muerte, propone un acercamiento luminoso, humano y po\u00e9tico.<\/p>\n<p>Como escribi\u00f3 Antonio Machado: \u201cLa muerte es algo que no debemos temer porque, mientras somos, la muerte no es, y cuando la muerte es, nosotros no somos\u201d. Esta reflexi\u00f3n, sencilla en apariencia, nos recuerda que la muerte no debe ser vista como amenaza, sino como l\u00edmite inevitable que, parad\u00f3jicamente, nos da forma. Mientras estamos vivos, no convivimos con la muerte como una presencia real, sino como una posibilidad que nos recuerda la urgencia de vivir con intensidad y sentido.<\/p>\n<p>El libro, entonces, se convierte en un ejercicio de resistencia y de ternura. Resistencia, porque enfrenta el tab\u00fa cultural que rodea a la muerte y abre un espacio para mirarla de frente; ternura, porque al mismo tiempo acompa\u00f1a al lector en su duelo, en su miedo, en su necesidad de aprender a sobrellevar la ausencia. La escritura, como dir\u00eda Mar\u00eda Zambrano, se vuelve \u201cclaridad en medio del dolor\u201d, un camino hacia la verdad que no elimina el sufrimiento pero lo hace pensable, compartible, humano.<\/p>\n<p>Se trata de un viaje literario y humano que enlaza el lirismo con la historia, ofreciendo al lector no solo una antolog\u00eda de despedidas, sino un espejo en el que reconocerse y un recordatorio de que la vida, incluso en su final, guarda siempre un destello de eternidad.<\/p>\n","protected":false},"excerpt":{"rendered":"Un libro necesario para iluminar la muerte con esperanza. El pr\u00f3ximo 25 de octubre, en la Feria Internacional&hellip;\n","protected":false},"author":2,"featured_media":107596,"comment_status":"","ping_status":"","sticky":false,"template":"","format":"standard","meta":{"footnotes":""},"categories":[172],"tags":[37148,224,4026,146,147,25,24,1496,225,671,37147,524,37149,23],"class_list":{"0":"post-107595","1":"post","2":"type-post","3":"status-publish","4":"format-standard","5":"has-post-thumbnail","7":"category-libros","8":"tag-beatriz-saavedra-gastelum","9":"tag-books","10":"tag-critica-literaria","11":"tag-entertainment","12":"tag-entretenimiento","13":"tag-es","14":"tag-espana","15":"tag-libro","16":"tag-libros","17":"tag-literatura","18":"tag-nery-santos-gomez","19":"tag-nuevo","20":"tag-poeticas-de-la-inteligencia","21":"tag-spain"},"share_on_mastodon":{"url":"","error":""},"_links":{"self":[{"href":"https:\/\/www.europesays.com\/es\/wp-json\/wp\/v2\/posts\/107595","targetHints":{"allow":["GET"]}}],"collection":[{"href":"https:\/\/www.europesays.com\/es\/wp-json\/wp\/v2\/posts"}],"about":[{"href":"https:\/\/www.europesays.com\/es\/wp-json\/wp\/v2\/types\/post"}],"author":[{"embeddable":true,"href":"https:\/\/www.europesays.com\/es\/wp-json\/wp\/v2\/users\/2"}],"replies":[{"embeddable":true,"href":"https:\/\/www.europesays.com\/es\/wp-json\/wp\/v2\/comments?post=107595"}],"version-history":[{"count":0,"href":"https:\/\/www.europesays.com\/es\/wp-json\/wp\/v2\/posts\/107595\/revisions"}],"wp:featuredmedia":[{"embeddable":true,"href":"https:\/\/www.europesays.com\/es\/wp-json\/wp\/v2\/media\/107596"}],"wp:attachment":[{"href":"https:\/\/www.europesays.com\/es\/wp-json\/wp\/v2\/media?parent=107595"}],"wp:term":[{"taxonomy":"category","embeddable":true,"href":"https:\/\/www.europesays.com\/es\/wp-json\/wp\/v2\/categories?post=107595"},{"taxonomy":"post_tag","embeddable":true,"href":"https:\/\/www.europesays.com\/es\/wp-json\/wp\/v2\/tags?post=107595"}],"curies":[{"name":"wp","href":"https:\/\/api.w.org\/{rel}","templated":true}]}}