{"id":107613,"date":"2025-09-11T11:12:09","date_gmt":"2025-09-11T11:12:09","guid":{"rendered":"https:\/\/www.europesays.com\/es\/107613\/"},"modified":"2025-09-11T11:12:09","modified_gmt":"2025-09-11T11:12:09","slug":"encuentran-en-galicia-un-manto-y-un-vestido-atribuidos-a-rodriguez-ojeda","status":"publish","type":"post","link":"https:\/\/www.europesays.com\/es\/107613\/","title":{"rendered":"Encuentran en Galicia un manto y un vestido atribuidos a Rodr\u00edguez Ojeda"},"content":{"rendered":"<p><img decoding=\"async\" class=\"voc-author__img\" src=\"https:\/\/www.europesays.com\/es\/wp-content\/uploads\/2025\/09\/autor-5179-foto-1.jpeg\" alt=\"Manuel Luna\"\/><\/p>\n<p class=\"voc-p\" style=\"\">\u00bfBordados de Rodr\u00edguez Ojeda en Galicia? Esa es la hip\u00f3tesis que el restaurador Jos\u00e9 Manuel Garc\u00eda Rodr\u00edguez y los t\u00e9cnicos de CYRTA, Pablo Jos\u00e9 Portillo y Pablo P\u00e9rez han lanzado despu\u00e9s de haber realizado un complejo estudio sobre un manto y un vestido de la Virgen de los Dolores de El Cabral, municipio de la comunidad gallega. <\/p>\n<p class=\"voc-p\" style=\"\">Seg\u00fan explican desde Cyrta, \u00aben 2021 la parroquia del Cabral de Vigo contactaba con la empresa, dado el inter\u00e9s que ten\u00edan por restaurar un conjunto de manto y vestido de la dolorosa que se venera all\u00ed\u00bb. Es <strong>un terno formado por vestido &#8211; delantal, corpi\u00f1o y mangas- y manto<\/strong>, todos ejecutados en terciopelo negro y decorados mediante ornamentaci\u00f3n bordada en hilos de plata sobredorada. <\/p>\n<p class=\"voc-p\" style=\"\">Desafortunadamente la autor\u00eda del conjunto es desconocida, aunque su origen es sevillano dado que era en esta ciudad donde resid\u00eda el donante \u00ab \u00abFrancisco Alonso, cuyo nombre aparece bordado en la zona central del extremo superior del manto, junto a la fecha de donaci\u00f3n, 1903\u00bb. <\/p>\n<p class=\"voc-p\" style=\"\">La pieza fue restaurada por M\u00f3nica Enamorado Mart\u00ednez, de la empresa madrile\u00f1a Kronos. Pese a ello, se encomend\u00f3 al restaurador Jos\u00e9 Manuel Garc\u00eda Rodr\u00edguez y a los t\u00e9cnicos de CYRTA, Pablo Jos\u00e9 Portillo y Pablo P\u00e9rez, el estudio hist\u00f3rico-art\u00edstico del terno a fin de obtener una mayor informaci\u00f3n que permitiera esclarecer su posible autor\u00eda. <strong>Dichos estudios se han publicado en un libro editado por la di\u00f3cesis de Tui-Vigo<\/strong>.<\/p>\n<p><img decoding=\"async\" loading=\"lazy\" src=\"https:\/\/s1.abcstatics.com\/abc\/www\/multimedia\/sevilla\/2025\/09\/11\/saya-dolorosa-gallega-U78365457632JsB-760x427@diario_abc.jpg\" class=\"voc-img\" width=\"760\" height=\"427\" alt=\"Vista de la saya de la dolorosa\" data-voc-vtm-id=\"in-text-traffic\"\/><\/p>\n<p>Vista de la saya de la dolorosa<\/p>\n<p>cyrta<\/p>\n<p class=\"voc-p\" style=\"\">A lo largo de la mencionada investigaci\u00f3n pudieron identificarse numerosas caracter\u00edsticas del conjunto, tanto estil\u00edsticas como materiales y t\u00e9cnicas, que presentaban <strong>rasgos claramente identificativos de la producci\u00f3n del taller que dirigi\u00f3 Juan Manuel Rodr\u00edguez Ojeda, y en el que su hermana Josefa era la maestra bordadora<\/strong>. En relaci\u00f3n a esto, se han encontrado claras similitudes, por ejemplo, con el antiguo manto de la Amargura de Sevilla, actualmente en Jerez de la Frontera, el manto de la Virgen de la Estrella de Chucena o el de la Virgen de los Dolores de la Hermandad de los Jud\u00edos de Huelva.<\/p>\n<p class=\"voc-p\" style=\"\">Adem\u00e1s de ello, <strong>la fecha de ejecuci\u00f3n del conjunto estudiado vendr\u00eda a coincidir con el inicio de la nueva etapa art\u00edstica en la que se encontraba inmerso el dise\u00f1ador<\/strong> Rodr\u00edguez Ojeda, pudiendo considerarse como uno de sus principales antecedentes directos el manto de malla de la Esperanza Macarena (1900).<\/p>\n<p class=\"voc-p\" style=\"\">No obstante, el valor que atesora este conjunto recientemente atribuido a la producci\u00f3n de los hermanos Juan Manuel y Josefa Rodr\u00edguez Ojeda reside principalmente en el hecho de que <strong>las piezas no han sido nunca traspasadas a nuevo terciopelo, hecho que permite apreciar el conjunto en el mismo estado en que lo concibieron los citados artistas<\/strong>.<\/p>\n<p class=\"voc-p\" style=\"\">Esto, por tanto, permite identificar y conocer de primera mano los recursos materiales y t\u00e9cnicos que caracterizaron la obra de dicho taller y que, desafortunadamente, en la gran mayor\u00eda de sus obras ejecutadas se han perdido, como consecuencia de los traspasos de los bordados a nuevos soportes a los que se han sometido las prendas a lo largo de los a\u00f1os. <\/p>\n<p class=\"voc-p\" style=\"\">Por tanto, estas piezas pasar\u00edan a engrosar el amplio cat\u00e1logo de obras ejecutadas en este taller, aunque con la singularidad de que, a diferencia de la gran mayor\u00eda, se conservan \u00edntegras, convirti\u00e9ndose en una importante fuente de informaci\u00f3n para conocer los sistemas de ejecuci\u00f3n que empleaban estos artistas a principios del pasado siglo XX.<\/p>\n<p>Reportar un error<\/p>\n","protected":false},"excerpt":{"rendered":"\u00bfBordados de Rodr\u00edguez Ojeda en Galicia? Esa es la hip\u00f3tesis que el restaurador Jos\u00e9 Manuel Garc\u00eda Rodr\u00edguez y&hellip;\n","protected":false},"author":2,"featured_media":107614,"comment_status":"","ping_status":"","sticky":false,"template":"","format":"standard","meta":{"footnotes":""},"categories":[8],"tags":[37153,17,18,4996,25,24,13,14,816,11,19,20,37152,9,10,15,16,8942,416,23,12,21,22,13011],"class_list":{"0":"post-107613","1":"post","2":"type-post","3":"status-publish","4":"format-standard","5":"has-post-thumbnail","7":"category-espana","8":"tag-atribuidos","9":"tag-breaking-news","10":"tag-breakingnews","11":"tag-encuentran","12":"tag-es","13":"tag-espana","14":"tag-featured-news","15":"tag-featurednews","16":"tag-galicia","17":"tag-headlines","18":"tag-latest-news","19":"tag-latestnews","20":"tag-manto","21":"tag-news","22":"tag-noticias","23":"tag-noticias-destacadas","24":"tag-noticiasdestacadas","25":"tag-ojeda","26":"tag-rodriguez","27":"tag-spain","28":"tag-titulares","29":"tag-ultimas-noticias","30":"tag-ultimasnoticias","31":"tag-vestido"},"share_on_mastodon":{"url":"","error":""},"_links":{"self":[{"href":"https:\/\/www.europesays.com\/es\/wp-json\/wp\/v2\/posts\/107613","targetHints":{"allow":["GET"]}}],"collection":[{"href":"https:\/\/www.europesays.com\/es\/wp-json\/wp\/v2\/posts"}],"about":[{"href":"https:\/\/www.europesays.com\/es\/wp-json\/wp\/v2\/types\/post"}],"author":[{"embeddable":true,"href":"https:\/\/www.europesays.com\/es\/wp-json\/wp\/v2\/users\/2"}],"replies":[{"embeddable":true,"href":"https:\/\/www.europesays.com\/es\/wp-json\/wp\/v2\/comments?post=107613"}],"version-history":[{"count":0,"href":"https:\/\/www.europesays.com\/es\/wp-json\/wp\/v2\/posts\/107613\/revisions"}],"wp:featuredmedia":[{"embeddable":true,"href":"https:\/\/www.europesays.com\/es\/wp-json\/wp\/v2\/media\/107614"}],"wp:attachment":[{"href":"https:\/\/www.europesays.com\/es\/wp-json\/wp\/v2\/media?parent=107613"}],"wp:term":[{"taxonomy":"category","embeddable":true,"href":"https:\/\/www.europesays.com\/es\/wp-json\/wp\/v2\/categories?post=107613"},{"taxonomy":"post_tag","embeddable":true,"href":"https:\/\/www.europesays.com\/es\/wp-json\/wp\/v2\/tags?post=107613"}],"curies":[{"name":"wp","href":"https:\/\/api.w.org\/{rel}","templated":true}]}}