{"id":107617,"date":"2025-09-11T11:15:10","date_gmt":"2025-09-11T11:15:10","guid":{"rendered":"https:\/\/www.europesays.com\/es\/107617\/"},"modified":"2025-09-11T11:15:10","modified_gmt":"2025-09-11T11:15:10","slug":"los-forcados-amadores-de-coruche-en-salamanca-en-el-aire-a-nueve-dias-de-su-actuacion-por-una-cuestion-de-reglamento","status":"publish","type":"post","link":"https:\/\/www.europesays.com\/es\/107617\/","title":{"rendered":"Los Forcados Amadores de Coruche en Salamanca \u201cen el aire\u201d, a nueve d\u00edas de su actuaci\u00f3n, por una cuesti\u00f3n de Reglamento"},"content":{"rendered":"<p class=\"paragraph-atom &#10;        A-500-300-700-N A-550-300-700-N--md  \">El pasado 6 de agosto la empresa BMF, encargada de la gesti\u00f3n de la plaza de toros de La Glorieta, hizo oficiales los carteles de la Feria Taurina de la Virgen de la Vega 2025, donde anunciaba una novedad, la presencia de los tradicionales forcados portugueses, que actuar\u00edan el mismo d\u00eda de la corrida de rejones del 20 de septiembre en el que est\u00e1n anunciados los rejoneadores Rui Fernandes, Diego Ventura y Guillermo Hermoso de Mendoza.<\/p>\n<p class=\"paragraph-atom &#10;        A-500-300-700-N A-550-300-700-N--md  \">Los encargados de llevar a cabo este peculiar y llamativo espect\u00e1culo son los Forcados Amadores de Coruche, aunque a fecha de 11 de septiembre, cuando tan solo quedan nueve d\u00edas para el d\u00eda 20, este espect\u00e1culo se encuentra en el \u201caire\u201d.<\/p>\n<p>                                                            <img decoding=\"async\" loading=\"lazy\" src=\"https:\/\/www.europesays.com\/es\/wp-content\/uploads\/2025\/09\/77b7845b-8d46-4a7e-a0f5-b2ce7b0aac21_source-aspect-ratio_1600w_0.jpg\" alt=\"Cartel del d\u00eda 20 de septiembre: corrida de rejones y actuaci\u00f3n de los forcados\" title=\"Cartel del d\u00eda 20 de septiembre: corrida de rejones y actuaci\u00f3n de los forcados\" height=\"236\" width=\"354\"\/><\/p>\n<p>                Cartel del d\u00eda 20 de septiembre: corrida de rejones y actuaci\u00f3n de los forcados<\/p>\n<p>                    |<\/p>\n<p>                Empresa BMF Toros<\/p>\n<p class=\"paragraph-atom &#10;        A-500-300-700-N A-550-300-700-N--md  \">El motivo por el que la actuaci\u00f3n de lo forcados estar\u00eda muy cerca de tener que suspenderse est\u00e1 relacionado con el Reglamento Taurino. En la ma\u00f1ana de este jueves, desde la Junta de Castilla y Le\u00f3n se ha informado de una puesta en contacto con la empresa BMF poni\u00e9ndole en conocimiento que la actuaci\u00f3n de los forcados no estar\u00eda permitida, admitiendo que \u201ccasi al 99%\u201d no se podr\u00eda llevar a cabo. Por ahora, la empresa no se ha pronunciado al respecto y estar\u00eda preparando alegaciones para intentar obtener la luz verde por parte de la Junta y que finalmente los Forcados Amadores de Coruche puedan actuar en La Glorieta el d\u00eda 20.<\/p>\n<p class=\"paragraph-atom &#10;        A-500-300-700-N A-550-300-700-N--md  \">El <a href=\"https:\/\/www.salamanca24horas.com\/toros\/nuevo-reglamento-taurino-castilla-leon_1_2604583.html\" rel=\"nofollow noopener\" target=\"_blank\">nuevo Reglamento Taurino de Castilla y Le\u00f3n<\/a>, cuyo borrador vio la luz el a\u00f1o pasado, y que s\u00ed introducir\u00eda, y por tanto permitir\u00eda la actuaci\u00f3n de los forcados, se encuentra en informaci\u00f3n p\u00fablica, es decir que al no haberse aprobado todav\u00eda no permitir\u00eda por ley la celebraci\u00f3n de este espect\u00e1culo. <\/p>\n","protected":false},"excerpt":{"rendered":"El pasado 6 de agosto la empresa BMF, encargada de la gesti\u00f3n de la plaza de toros de&hellip;\n","protected":false},"author":2,"featured_media":107618,"comment_status":"","ping_status":"","sticky":false,"template":"","format":"standard","meta":{"footnotes":""},"categories":[277],"tags":[4647,37155,373,37156,168,25,24,37154,3614,23,167,374],"class_list":{"0":"post-107617","1":"post","2":"type-post","3":"status-publish","4":"format-standard","5":"has-post-thumbnail","7":"category-toreo","8":"tag-aire","9":"tag-amadores","10":"tag-bullfighting","11":"tag-coruche","12":"tag-deportes","13":"tag-es","14":"tag-espana","15":"tag-forcados","16":"tag-salamanca","17":"tag-spain","18":"tag-sports","19":"tag-toreo"},"share_on_mastodon":{"url":"","error":""},"_links":{"self":[{"href":"https:\/\/www.europesays.com\/es\/wp-json\/wp\/v2\/posts\/107617","targetHints":{"allow":["GET"]}}],"collection":[{"href":"https:\/\/www.europesays.com\/es\/wp-json\/wp\/v2\/posts"}],"about":[{"href":"https:\/\/www.europesays.com\/es\/wp-json\/wp\/v2\/types\/post"}],"author":[{"embeddable":true,"href":"https:\/\/www.europesays.com\/es\/wp-json\/wp\/v2\/users\/2"}],"replies":[{"embeddable":true,"href":"https:\/\/www.europesays.com\/es\/wp-json\/wp\/v2\/comments?post=107617"}],"version-history":[{"count":0,"href":"https:\/\/www.europesays.com\/es\/wp-json\/wp\/v2\/posts\/107617\/revisions"}],"wp:featuredmedia":[{"embeddable":true,"href":"https:\/\/www.europesays.com\/es\/wp-json\/wp\/v2\/media\/107618"}],"wp:attachment":[{"href":"https:\/\/www.europesays.com\/es\/wp-json\/wp\/v2\/media?parent=107617"}],"wp:term":[{"taxonomy":"category","embeddable":true,"href":"https:\/\/www.europesays.com\/es\/wp-json\/wp\/v2\/categories?post=107617"},{"taxonomy":"post_tag","embeddable":true,"href":"https:\/\/www.europesays.com\/es\/wp-json\/wp\/v2\/tags?post=107617"}],"curies":[{"name":"wp","href":"https:\/\/api.w.org\/{rel}","templated":true}]}}