{"id":107621,"date":"2025-09-11T11:19:16","date_gmt":"2025-09-11T11:19:16","guid":{"rendered":"https:\/\/www.europesays.com\/es\/107621\/"},"modified":"2025-09-11T11:19:16","modified_gmt":"2025-09-11T11:19:16","slug":"la-guardia-civil-reforzara-el-operativo-de-vigilancia-ante-el-paso-de-la-vuelta-por-zamora","status":"publish","type":"post","link":"https:\/\/www.europesays.com\/es\/107621\/","title":{"rendered":"La Guardia Civil reforzar\u00e1 el operativo de vigilancia ante el paso de La Vuelta por Zamora"},"content":{"rendered":"<p class=\"paragraph-atom &#10;        A-500-300-700-N A-550-300-700-N--md  \"><strong>La Vuelta Ciclista a Espa\u00f1a <\/strong>empezaba ayer su paso por Castilla y Le\u00f3n con la<strong> llegada al Alto del Morredero, Ponferrada, como final de etapa (17). <\/strong><\/p>\n<p class=\"paragraph-atom &#10;        A-500-300-700-N A-550-300-700-N--md  \">La carrera est\u00e1 siendo marcada deportivamente por las protestas pro Palestina, aunque ayer la duda de la llegada a meta, en lo alto del puerto, fue por el fuerte viento que soplaba al empezar la carrera. <\/p>\n<p class=\"paragraph-atom &#10;        A-500-300-700-N A-550-300-700-N--md  \">Antes del comienzo de la etapa los <strong>representantes de los equipos participantes en La Vuelta votaron la decisi\u00f3n de \u00abparar la carrera\u00bb <\/strong>si lo ocurrido anteriormente (Bilbao y Pontevedra- lo m\u00e1s destacado-)<strong> volv\u00eda a ocurrir e incluso algunos de los ciclistas comentaron un posible \u00abplant\u00f3n\u00bb.<\/strong> Afortunadamente l<strong>a etapa y su paso por Ponferrada, <\/strong>donde los manifestantes fueron m\u00e1s notorios, se realiz\u00f3 <strong>sin incidentes. <\/strong><\/p>\n<p class=\"paragraph-atom &#10;        A-500-300-700-N A-550-300-700-N--md  \"><strong>El viernes en la etapa 19, Egan Bernal, Jonas Vingegaard, Joao Almeida, Juan Ayuso&#8230; pasar\u00e1n con el pelot\u00f3n por la provincia de Zamora, <\/strong>concretamente <strong>Vadillo de la Guare\u00f1a, Fuentelape\u00f1a y Fuentesa\u00faco.<\/strong> El paso de los ciclistas<strong> contar\u00e1 con \u201crefuerzo de la Guardia Civil, aunque no creemos que haya ning\u00fan tipo de problema pero por prevenci\u00f3n y porque no ocurra absolutamente nada, est\u00e1 previsto un refuerzo de la Guardia Civil\u201d<\/strong>, afirmaba el subdelegado del Gobierno en Zamora \u00c1ngel Blanco.<\/p>\n<p class=\"paragraph-atom &#10;        A-500-300-700-N A-550-300-700-N--md  \"><a href=\"https:\/\/www.salamanca24horas.com\/deportes\/director-vuelta-asegura-continuidad-carrera_1_2865655.html\" rel=\"nofollow noopener\" target=\"_blank\">El final de etapa ser\u00e1 en Guijuelo<\/a> .<\/p>\n","protected":false},"excerpt":{"rendered":"La Vuelta Ciclista a Espa\u00f1a empezaba ayer su paso por Castilla y Le\u00f3n con la llegada al Alto&hellip;\n","protected":false},"author":2,"featured_media":107622,"comment_status":"","ping_status":"","sticky":false,"template":"","format":"standard","meta":{"footnotes":""},"categories":[273],"tags":[313,312,168,25,24,4191,29470,23,167,602,1357,2946],"class_list":{"0":"post-107621","1":"post","2":"type-post","3":"status-publish","4":"format-standard","5":"has-post-thumbnail","7":"category-ciclismo","8":"tag-ciclismo","9":"tag-cycling","10":"tag-deportes","11":"tag-es","12":"tag-espana","13":"tag-paso","14":"tag-refuerzos","15":"tag-spain","16":"tag-sports","17":"tag-tendra","18":"tag-vuelta","19":"tag-zamora"},"share_on_mastodon":{"url":"","error":""},"_links":{"self":[{"href":"https:\/\/www.europesays.com\/es\/wp-json\/wp\/v2\/posts\/107621","targetHints":{"allow":["GET"]}}],"collection":[{"href":"https:\/\/www.europesays.com\/es\/wp-json\/wp\/v2\/posts"}],"about":[{"href":"https:\/\/www.europesays.com\/es\/wp-json\/wp\/v2\/types\/post"}],"author":[{"embeddable":true,"href":"https:\/\/www.europesays.com\/es\/wp-json\/wp\/v2\/users\/2"}],"replies":[{"embeddable":true,"href":"https:\/\/www.europesays.com\/es\/wp-json\/wp\/v2\/comments?post=107621"}],"version-history":[{"count":0,"href":"https:\/\/www.europesays.com\/es\/wp-json\/wp\/v2\/posts\/107621\/revisions"}],"wp:featuredmedia":[{"embeddable":true,"href":"https:\/\/www.europesays.com\/es\/wp-json\/wp\/v2\/media\/107622"}],"wp:attachment":[{"href":"https:\/\/www.europesays.com\/es\/wp-json\/wp\/v2\/media?parent=107621"}],"wp:term":[{"taxonomy":"category","embeddable":true,"href":"https:\/\/www.europesays.com\/es\/wp-json\/wp\/v2\/categories?post=107621"},{"taxonomy":"post_tag","embeddable":true,"href":"https:\/\/www.europesays.com\/es\/wp-json\/wp\/v2\/tags?post=107621"}],"curies":[{"name":"wp","href":"https:\/\/api.w.org\/{rel}","templated":true}]}}