{"id":107623,"date":"2025-09-11T11:20:17","date_gmt":"2025-09-11T11:20:17","guid":{"rendered":"https:\/\/www.europesays.com\/es\/107623\/"},"modified":"2025-09-11T11:20:17","modified_gmt":"2025-09-11T11:20:17","slug":"helmut-marko-sobre-el-potencial-de-isack-hadjar-para-pelear-contra-max-verstappen-tiene-la-fuerza-mental","status":"publish","type":"post","link":"https:\/\/www.europesays.com\/es\/107623\/","title":{"rendered":"Helmut Marko, sobre el potencial de Isack Hadjar para pelear contra Max Verstappen: \u00abTiene la fuerza mental\u00bb"},"content":{"rendered":"<p data-journey-content=\"true\" data-node-id=\"3\" class=\"css-i9p093 emevuu60\">Tras la marcha de Sergio P\u00e9rez de Red Bull a finales de 2024, el equipo austriaco decidi\u00f3 apostar por Liam Lawson junto a Max Verstappen, una decisi\u00f3n que fue revocada a los dos Grandes Premios, sustituyendo al neozeland\u00e9s por un Yuki Tsunoda que ya ha tenido alg\u00fan toque de atenci\u00f3n por su rendimiento. Sin embargo, uno de los nombres que m\u00e1s est\u00e1 destacando en la parrilla es el de Isack Hadjar, el piloto de Racing Bulls que se mantiene en la 9\u00aa posici\u00f3n del campeonato. <\/p>\n<p>Helmut Marko ve preparado a Isack Hadjar <\/p>\n<p data-journey-content=\"true\" data-node-id=\"7\" class=\"css-i9p093 emevuu60\">El franc\u00e9s comenz\u00f3 la temporada con mal pie, en un Gran Premio de Australia que no pudo ni tan siquiera comenzar <a href=\"https:\/\/www.caranddriver.com\/es\/formula-1\/a64203591\/helmut-marko-recrimina-reaccion-isack-hadjar-accidente-espectaculo-lleno-lagrimas\/\" target=\"_blank\" data-vars-ga-outbound-link=\"https:\/\/www.caranddriver.com\/es\/formula-1\/a64203591\/helmut-marko-recrimina-reaccion-isack-hadjar-accidente-espectaculo-lleno-lagrimas\/\" data-vars-ga-ux-element=\"Hyperlink\" data-vars-ga-call-to-action=\"por sufrir un accidente en la vuelta de formaci\u00f3n\" data-node-id=\"7.1\" class=\"body-link css-168zq96 emevuu60\" rel=\"nofollow noopener\">por sufrir un accidente en la vuelta de formaci\u00f3n<\/a>. A pesar de ello, con el paso de las carreras, <strong data-node-id=\"7.3\">se ha ido adaptando a la categor\u00eda, logrando resultados que han impresionado a m\u00e1s de un integrante en la parrilla, <\/strong>como ha sido su 6\u00aa posici\u00f3n en el GP de M\u00f3naco o su reciente podio en el GP de los Pa\u00edses Bajos aprovechando el abandono de Lando Norris por una fuga de aceite. <\/p>\n<p data-journey-content=\"true\" data-node-id=\"9\" class=\"css-i9p093 emevuu60\">Estas actuaciones han hecho que desde el equipo Red Bull ya hayan manifestado su gratitud, en especial Helmut Marko, <strong data-node-id=\"9.1\">quien ha llegado a asegurar que el piloto est\u00e1 listo para hacer frente a un Max Verstappen <\/strong>que ha logrado batir a todos sus compa\u00f1eros de equipo, desde Daniel Ricciardo. Aunque eso s\u00ed, asegura que el objetivo es mantener la alineaci\u00f3n de pilotos de cara a 2026, <a href=\"https:\/\/www.caranddriver.com\/es\/formula-1\/a65999770\/red-bull-f1-zanja-caso-yuki-tsunoda-isack-hadjar-hasta-2026-no-hay-motivo-real\/\" target=\"_blank\" data-vars-ga-outbound-link=\"https:\/\/www.caranddriver.com\/es\/formula-1\/a65999770\/red-bull-f1-zanja-caso-yuki-tsunoda-isack-hadjar-hasta-2026-no-hay-motivo-real\/\" data-vars-ga-ux-element=\"Hyperlink\" data-vars-ga-call-to-action=\"algo que tambi\u00e9n quiso explicar el actual jefe de equipo, Laurent Mekies.\" data-node-id=\"9.3\" class=\"body-link css-168zq96 emevuu60\" rel=\"nofollow noopener\">algo que tambi\u00e9n quiso explicar el actual jefe de equipo, Laurent Mekies.<\/a><\/p>\n<p><img draggable=\"true\" alt=\"isack hadjar y max verstappen red bull f1\" title=\"Isack Hadjar y Max Verstappen Red Bull F1\" loading=\"lazy\" width=\"3462\" height=\"2307\" decoding=\"async\" data-nimg=\"1\" style=\"color:transparent;width:100%;height:auto;\"   src=\"https:\/\/www.europesays.com\/es\/wp-content\/uploads\/2025\/09\/gettyimages-2233028889-68c1a8a503a34.jpg\" class=\"css-0 e1g79fud0\"\/><a target=\"_blank\" rel=\"noopener nofollow\" data-theme-key=\"base-link\" href=\"https:\/\/pinterest.com\/pin\/create\/button\/?url=https:\/\/www.caranddriver.com\/es\/formula-1\/a66039703\/helmut-marko-potencial-isack-hadjar-pelear-max-verstappen-fuerza-mental\/&amp;description=&amp;media=https:\/\/hips.hearstapps.com\/hmg-prod\/images\/gettyimages-2233028889-68c1a8a503a34.jpg?resize=1600:*\" class=\"pinterest css-on9hn5 e1c1bym14\"><img decoding=\"async\" data-dynamic-svg=\"true\" src=\"https:\/\/www.caranddriver.com\/_assets\/design-tokens\/fre\/static\/icons\/social\/pinterest.e8cf655.svg?primary=%2523ffffff\" loading=\"lazy\" data-testid=\"dynamic-svg-base\" height=\"auto\" width=\"auto\" alt=\"pinterest\" class=\"css-4lml0h e1mlxuuw1\"\/><\/a><\/p>\n<p>Mark Thompson<\/p>\n<p data-journey-content=\"true\" data-node-id=\"14\" class=\"css-i9p093 emevuu60\">\u201c<strong data-node-id=\"14.1\">Sin duda. Tiene la fuerza mental para plantarla cara a Max Verstappen<\/strong>\u201d, dec\u00eda el asesor de Red Bull. <\/p>\n<p data-journey-content=\"true\" data-node-id=\"16\" class=\"css-i9p093 emevuu60\">\u201c<strong data-node-id=\"16.1\">Aunque fundamentalmente, queremos mantener nuestra plantilla de pilotos para 2026<\/strong>\u201d, a\u00f1adi\u00f3 el piloto neerland\u00e9s.<\/p>\n<p data-journey-content=\"true\" data-node-id=\"18\" class=\"css-i9p093 emevuu60\">\u201c<strong data-node-id=\"18.1\">Si surge un gran talento, no haremos la vista gorda, por supuesto, pero \u00e9se no es el caso por el momento<\/strong>\u201d, concluy\u00f3 Helmut Marko. <\/p>\n<p data-journey-content=\"true\" data-node-id=\"20\" class=\"css-i9p093 emevuu60\">Es as\u00ed como el <a href=\"https:\/\/www.caranddriver.com\/es\/formula-1\/equipos\/a3485\/red-bull\/\" target=\"_blank\" data-vars-ga-outbound-link=\"https:\/\/www.caranddriver.com\/es\/formula-1\/equipos\/a3485\/red-bull\/\" data-vars-ga-ux-element=\"Hyperlink\" data-vars-ga-call-to-action=\"asesor de Red Bull\" data-node-id=\"20.1\" class=\"body-link css-168zq96 emevuu60\" rel=\"nofollow noopener\">asesor de Red Bull<\/a> ha querido destacar las \u00faltimas actuaciones de Isack Hadjar, llegando a asegurar que est\u00e1 preparado para poder pelear contra Max Verstappen. <\/p>\n<p>Contenidos relacionados<\/p>\n","protected":false},"excerpt":{"rendered":"Tras la marcha de Sergio P\u00e9rez de Red Bull a finales de 2024, el equipo austriaco decidi\u00f3 apostar&hellip;\n","protected":false},"author":2,"featured_media":107624,"comment_status":"","ping_status":"","sticky":false,"template":"","format":"standard","meta":{"footnotes":""},"categories":[270],"tags":[168,253,25,24,306,271,272,23,167],"class_list":{"0":"post-107623","1":"post","2":"type-post","3":"status-publish","4":"format-standard","5":"has-post-thumbnail","7":"category-formula-1","8":"tag-deportes","9":"tag-discover","10":"tag-es","11":"tag-espana","12":"tag-f1","13":"tag-formula-1","14":"tag-formula1","15":"tag-spain","16":"tag-sports"},"share_on_mastodon":{"url":"","error":""},"_links":{"self":[{"href":"https:\/\/www.europesays.com\/es\/wp-json\/wp\/v2\/posts\/107623","targetHints":{"allow":["GET"]}}],"collection":[{"href":"https:\/\/www.europesays.com\/es\/wp-json\/wp\/v2\/posts"}],"about":[{"href":"https:\/\/www.europesays.com\/es\/wp-json\/wp\/v2\/types\/post"}],"author":[{"embeddable":true,"href":"https:\/\/www.europesays.com\/es\/wp-json\/wp\/v2\/users\/2"}],"replies":[{"embeddable":true,"href":"https:\/\/www.europesays.com\/es\/wp-json\/wp\/v2\/comments?post=107623"}],"version-history":[{"count":0,"href":"https:\/\/www.europesays.com\/es\/wp-json\/wp\/v2\/posts\/107623\/revisions"}],"wp:featuredmedia":[{"embeddable":true,"href":"https:\/\/www.europesays.com\/es\/wp-json\/wp\/v2\/media\/107624"}],"wp:attachment":[{"href":"https:\/\/www.europesays.com\/es\/wp-json\/wp\/v2\/media?parent=107623"}],"wp:term":[{"taxonomy":"category","embeddable":true,"href":"https:\/\/www.europesays.com\/es\/wp-json\/wp\/v2\/categories?post=107623"},{"taxonomy":"post_tag","embeddable":true,"href":"https:\/\/www.europesays.com\/es\/wp-json\/wp\/v2\/tags?post=107623"}],"curies":[{"name":"wp","href":"https:\/\/api.w.org\/{rel}","templated":true}]}}