{"id":107647,"date":"2025-09-11T11:33:08","date_gmt":"2025-09-11T11:33:08","guid":{"rendered":"https:\/\/www.europesays.com\/es\/107647\/"},"modified":"2025-09-11T11:33:08","modified_gmt":"2025-09-11T11:33:08","slug":"las-bolsas-y-el-euro-operan-estables-a-la-espera-de-reunion-del-bce-y-datos-inflacion-eeuu","status":"publish","type":"post","link":"https:\/\/www.europesays.com\/es\/107647\/","title":{"rendered":"Las bolsas y el euro operan estables a la espera de reuni\u00f3n del BCE y datos inflaci\u00f3n EEUU"},"content":{"rendered":"\n<p class=\"yf-1090901\">Por Marc Jones<\/p>\n<p class=\"yf-1090901\">LONDRES, 11 sep (Reuters) &#8211; Las bolsas mundiales se consolidaron cerca de sus m\u00e1ximos hist\u00f3ricos y el d\u00f3lar sub\u00eda levemente el jueves, mientras los operadores se preparaban para la m\u00e1s reciente decisi\u00f3n del Banco Central Europeo sobre las tasas de inter\u00e9s y los nuevos datos sobre la inflaci\u00f3n en Estados Unidos m\u00e1s tarde en el d\u00eda.<\/p>\n<p class=\"yf-1090901\">* Las acciones tecnol\u00f3gicas impulsaron a las bolsas de Jap\u00f3n, Taiw\u00e1n y Corea del Sur a m\u00e1ximos hist\u00f3ricos durante la noche y Europa ten\u00eda una ma\u00f1ana estable antes de lo que se prev\u00e9 que sea la segunda decisi\u00f3n consecutiva del BCE de mantener las tasas de la zona euro sin cambios en el 2%.<\/p>\n<p class=\"yf-1090901\">* El euro rondaba los 1,1690 d\u00f3lares, tras haberse disparado casi un 13% frente al d\u00f3lar este a\u00f1o.<\/p>\n<p class=\"yf-1090901\">* Antes de la decisi\u00f3n del BCE a las 1215 GMT y de la conferencia de prensa a las 1245 GMT, el \u00edndice paneuropeo STOXX 600 sub\u00eda un 0,3%, mientras que el rendimiento del bono alem\u00e1n a diez a\u00f1os bajaba al 2,65%, tras haber tocado el 2,80% -su nivel m\u00e1s alto desde marzo- la semana pasada.<\/p>\n<p class=\"yf-1090901\">* En los mercados de materias primas, los precios del petr\u00f3leo tambi\u00e9n ca\u00edan tras subir m\u00e1s de un 1% el mi\u00e9rcoles, cuando el derribo de aviones no tripulados rusos por parte de Polonia hizo que se volviera a hablar de sanciones, un d\u00eda despu\u00e9s de que Israel atac\u00f3 a l\u00edderes de Ham\u00e1s en Qatar.<\/p>\n<p class=\"yf-1090901\">* El oro, refugio seguro, se alejaba de sus recientes m\u00e1ximos hist\u00f3ricos y el cobre, metal de referencia, se tom\u00f3 un respiro tras su repunte de m\u00e1s del 20% desde que los aranceles comerciales del presidente de Estados Unidos, <a href=\"https:\/\/www.yahoo.com\/people\/donald-trump\/\" data-ylk=\"slk:Donald Trump;elm:context_link;itc:0;sec:content-canvas\" class=\"link \" rel=\"nofollow noopener\" target=\"_blank\">Donald Trump<\/a>, sacudieron los mercados globales en abril.<\/p>\n<p class=\"yf-1090901\">* Los futuros de Wall Street apuntaban a m\u00e1s ganancias m\u00e1s tarde despu\u00e9s de que un impresionante salto del 36% en las acciones del gigante de servicios de datos Oracle impuls\u00f3 los \u00faltimos r\u00e9cords del S&amp;P 500 y del Nasdaq.<\/p>\n<p class=\"yf-1090901\">* La benigna lectura de los precios a la producci\u00f3n en Estados Unidos tambi\u00e9n contribuy\u00f3 a que los mercados monetarios descontaran la posibilidad de tres recortes de los tipos de inter\u00e9s por parte de la Reserva Federal este a\u00f1o.<\/p>\n<p class=\"yf-1090901\">* M\u00e1s tarde se conocer\u00e1n los datos del \u00edndice de precios al consumo de agosto. Un sondeo de Reuters espera que el IPC general aumente un 2,9% con respecto al a\u00f1o anterior, el mayor incremento desde enero, mientras que el \u00edndice subyacente se mantendr\u00eda en el 3,1%.<\/p>\n<p class=\"yf-1090901\">* Durante la sesi\u00f3n en Asia, el \u00edndice japon\u00e9s Nikkei gan\u00f3 un 1,2% y alcanz\u00f3 un r\u00e9cord, gracias a los avances de las empresas tecnol\u00f3gicas, energ\u00e9ticas y de servicios p\u00fablicos. Las acciones surcoreanas subieron un 0,9%.<\/p>\n<p class=\"yf-1090901\">* Los rendimientos de los bonos del Tesoro a diez a\u00f1os subieron 2 puntos b\u00e1sicos, a 4,0531%, tras haber ca\u00eddo 4 puntos b\u00e1sicos el mi\u00e9rcoles despu\u00e9s de los datos del IPP y de que una s\u00f3lida subasta de bonos a diez a\u00f1os aliviara cierta preocupaci\u00f3n sobre el apetito de los inversores por la deuda estadounidense a largo plazo.<\/p>\n<p class=\"yf-1090901\">(Reporte adicional de Stella Qiu en S\u00eddney; Editado en Espa\u00f1ol por Ricardo Figueroa)<\/p>\n","protected":false},"excerpt":{"rendered":"Por Marc Jones LONDRES, 11 sep (Reuters) &#8211; Las bolsas mundiales se consolidaron cerca de sus m\u00e1ximos hist\u00f3ricos&hellip;\n","protected":false},"author":2,"featured_media":107648,"comment_status":"","ping_status":"","sticky":false,"template":"","format":"standard","meta":{"footnotes":""},"categories":[80],"tags":[82,95,94,6408,25,24,37163,23,26454],"class_list":{"0":"post-107647","1":"post","2":"type-post","3":"status-publish","4":"format-standard","5":"has-post-thumbnail","7":"category-economia","8":"tag-business","9":"tag-economia","10":"tag-economy","11":"tag-el-jueves","12":"tag-es","13":"tag-espana","14":"tag-indice-de-precios-al-consumo","15":"tag-spain","16":"tag-tasas-de-interes"},"share_on_mastodon":{"url":"","error":""},"_links":{"self":[{"href":"https:\/\/www.europesays.com\/es\/wp-json\/wp\/v2\/posts\/107647","targetHints":{"allow":["GET"]}}],"collection":[{"href":"https:\/\/www.europesays.com\/es\/wp-json\/wp\/v2\/posts"}],"about":[{"href":"https:\/\/www.europesays.com\/es\/wp-json\/wp\/v2\/types\/post"}],"author":[{"embeddable":true,"href":"https:\/\/www.europesays.com\/es\/wp-json\/wp\/v2\/users\/2"}],"replies":[{"embeddable":true,"href":"https:\/\/www.europesays.com\/es\/wp-json\/wp\/v2\/comments?post=107647"}],"version-history":[{"count":0,"href":"https:\/\/www.europesays.com\/es\/wp-json\/wp\/v2\/posts\/107647\/revisions"}],"wp:featuredmedia":[{"embeddable":true,"href":"https:\/\/www.europesays.com\/es\/wp-json\/wp\/v2\/media\/107648"}],"wp:attachment":[{"href":"https:\/\/www.europesays.com\/es\/wp-json\/wp\/v2\/media?parent=107647"}],"wp:term":[{"taxonomy":"category","embeddable":true,"href":"https:\/\/www.europesays.com\/es\/wp-json\/wp\/v2\/categories?post=107647"},{"taxonomy":"post_tag","embeddable":true,"href":"https:\/\/www.europesays.com\/es\/wp-json\/wp\/v2\/tags?post=107647"}],"curies":[{"name":"wp","href":"https:\/\/api.w.org\/{rel}","templated":true}]}}