{"id":107649,"date":"2025-09-11T11:34:07","date_gmt":"2025-09-11T11:34:07","guid":{"rendered":"https:\/\/www.europesays.com\/es\/107649\/"},"modified":"2025-09-11T11:34:07","modified_gmt":"2025-09-11T11:34:07","slug":"el-texto-recoge-una-referencia-a-una-investigacion-por-genocidio-aprovechando-el-caso-abierto-en-la-corte-penal-internacional-el-parlamento-europeo-respalda-la-propuesta-de-von-der-leyen-de-suspende","status":"publish","type":"post","link":"https:\/\/www.europesays.com\/es\/107649\/","title":{"rendered":"El texto recoge una referencia a una investigaci\u00f3n por genocidio aprovechando el caso abierto en la Corte Penal Internacional : El Parlamento Europeo respalda la propuesta de Von der Leyen de suspender el pacto comercial con Israel | Internacional"},"content":{"rendered":"<p class=\"\"><a href=\"https:\/\/elpais.com\/internacional\/2025-09-10\/von-der-leyen-propone-la-suspension-parcial-del-acuerdo-comercial-con-israel-por-el-asedio-de-gaza.html\" target=\"_self\" rel=\"nofollow noopener\" title=\"https:\/\/elpais.com\/internacional\/2025-09-10\/von-der-leyen-propone-la-suspension-parcial-del-acuerdo-comercial-con-israel-por-el-asedio-de-gaza.html\">El Parlamento Europeo respalda el giro de la Comisi\u00f3n Europea hacia Israel<\/a>. La Euroc\u00e1mara ha aprobado este jueves una resoluci\u00f3n en la que apoya las propuestas que la presidenta del Ejecutivo comunitario, Ursula von der Leyen, lanz\u00f3 este mi\u00e9rcoles para suspender la parte comercial del Acuerdo de Asociaci\u00f3n con Israel y las sanciones contra los ministros extremistas. El texto, que ha salido adelante con 305 votos a favor, 151 en contra y 122 abstenciones, es particularmente simb\u00f3lico por pronunciarse sobre el anuncio y no sobre <a href=\"https:\/\/elpais.com\/internacional\/2025-09-10\/von-der-leyen-propone-la-suspension-parcial-del-acuerdo-comercial-con-israel-por-el-asedio-de-gaza.html\" target=\"_self\" rel=\"nofollow noopener\" title=\"https:\/\/elpais.com\/internacional\/2025-09-10\/von-der-leyen-propone-la-suspension-parcial-del-acuerdo-comercial-con-israel-por-el-asedio-de-gaza.html\">la propuesta de Von der Leyen<\/a>, que tendr\u00e1 que llegar m\u00e1s adelante. <\/p>\n<p class=\"\">La resoluci\u00f3n aprobada este jueves, y a la que se ha sumado el Partido Popular Europeo (PPE, la formaci\u00f3n de la propia Von der Leyen) incluye la palabra genocidio, pero de una forma muy descriptiva y no en su propia boca. No puede decirse, por tanto, que la Euroc\u00e1mara diga que el asedio de Israel en la Franja est\u00e9 provocando un genocidio, puesto que recuerda que hay un caso abierto en la Corte Penal Internacional tras la demanda de Sud\u00e1frica.<\/p>\n<p class=\"\">La propuesta de resoluci\u00f3n conjunta hab\u00eda sido presentada este mi\u00e9rcoles para tratar de aunar las siete que se plantearon el pasado lunes. Es decir, todos los grupos parlamentarios menos el de la Europa de las naciones soberanas, en el que se integra Alternativa por Alemania y que podr\u00eda considerarse el que se sit\u00faa m\u00e1s a la derecha de un Parlamento Europeo ya muy escorado hacia ese lado del espectro pol\u00edtico.<\/p>\n<p>Giro del PPE<\/p>\n<p class=\"\">La declaraci\u00f3n conjunta buscaba aunar las posiciones de los grupos que se encuentran m\u00e1s al centro: los liberales de Renew, Los Verdes, Socialistas y Dem\u00f3cratas y el PPE. Sin embargo, este \u00faltimo grupo, el mayor del Europarlamento, no la firm\u00f3.<\/p>\n<p class=\"\">Los grupos que forman parte de la coalici\u00f3n moderada en el Parlamento Europeo han estado negociando durante los d\u00edas anteriores, seg\u00fan apuntan fuentes conocedoras de estas conversaciones. Estas fuentes se\u00f1alan, tambi\u00e9n, que el Partido Popular Europeo se baj\u00f3 del pacto.<\/p>\n<p class=\"\">El cariz de algunas de las enmiendas que hab\u00eda presentado al texto de socialistas, liberales y verdes y despu\u00e9s retiradas anunciaban, en cambio, una voluntad de mantener la puerta abierta a apoyar el texto. En esas enmiendas, los conservadores planteaban retirar la referencia descriptiva del texto original a la investigaci\u00f3n abierta en la Corte Penal Internacional por genocidio o la condena de la obstrucci\u00f3n israel\u00ed a la entrada de la ayuda humanitaria a Gaza. <\/p>\n<p class=\"\">Fuentes parlamentarias explican que el PPE volvi\u00f3 a las negociaciones tras escuchar el discurso de Von der Leyen, en el que gir\u00f3 la posici\u00f3n mantenida hasta el momento. Explican, asimismo, que la presidenta no habr\u00eda informado previamente a varias delegaciones del grupo conservador, familia pol\u00edtica a la que ella misma pertenece, de su cambio endureciendo la posici\u00f3n de la Comisi\u00f3n sobre Israel por su asedio en Gaza.<\/p>\n<p class=\"\">[Noticia de \u00faltima hora. Habr\u00e1 actualizaci\u00f3n en breve] <\/p>\n","protected":false},"excerpt":{"rendered":"El Parlamento Europeo respalda el giro de la Comisi\u00f3n Europea hacia Israel. La Euroc\u00e1mara ha aprobado este jueves&hellip;\n","protected":false},"author":2,"featured_media":107650,"comment_status":"","ping_status":"","sticky":false,"template":"","format":"standard","meta":{"footnotes":""},"categories":[42],"tags":[17,18,68,13,14,73,11,61,62,63,64,74,19,20,9,10,15,16,76,6939,37165,37164,9771,1620,12,21,22,1617,1707,65,66,67],"class_list":{"0":"post-107649","1":"post","2":"type-post","3":"status-publish","4":"format-standard","5":"has-post-thumbnail","7":"category-internacional","8":"tag-breaking-news","9":"tag-breakingnews","10":"tag-conflicto-arabe-israeli","11":"tag-featured-news","12":"tag-featurednews","13":"tag-franja-gaza","14":"tag-headlines","15":"tag-internacional","16":"tag-international","17":"tag-international-news","18":"tag-internationalnews","19":"tag-israel","20":"tag-latest-news","21":"tag-latestnews","22":"tag-news","23":"tag-noticias","24":"tag-noticias-destacadas","25":"tag-noticiasdestacadas","26":"tag-palestina","27":"tag-parlamento-europeo","28":"tag-partido-socialista-europeo","29":"tag-ppe","30":"tag-relaciones-comerciales","31":"tag-relaciones-internacionales","32":"tag-titulares","33":"tag-ultimas-noticias","34":"tag-ultimasnoticias","35":"tag-union-europea","36":"tag-ursula-von-der-leyen","37":"tag-world","38":"tag-world-news","39":"tag-worldnews"},"share_on_mastodon":{"url":"","error":""},"_links":{"self":[{"href":"https:\/\/www.europesays.com\/es\/wp-json\/wp\/v2\/posts\/107649","targetHints":{"allow":["GET"]}}],"collection":[{"href":"https:\/\/www.europesays.com\/es\/wp-json\/wp\/v2\/posts"}],"about":[{"href":"https:\/\/www.europesays.com\/es\/wp-json\/wp\/v2\/types\/post"}],"author":[{"embeddable":true,"href":"https:\/\/www.europesays.com\/es\/wp-json\/wp\/v2\/users\/2"}],"replies":[{"embeddable":true,"href":"https:\/\/www.europesays.com\/es\/wp-json\/wp\/v2\/comments?post=107649"}],"version-history":[{"count":0,"href":"https:\/\/www.europesays.com\/es\/wp-json\/wp\/v2\/posts\/107649\/revisions"}],"wp:featuredmedia":[{"embeddable":true,"href":"https:\/\/www.europesays.com\/es\/wp-json\/wp\/v2\/media\/107650"}],"wp:attachment":[{"href":"https:\/\/www.europesays.com\/es\/wp-json\/wp\/v2\/media?parent=107649"}],"wp:term":[{"taxonomy":"category","embeddable":true,"href":"https:\/\/www.europesays.com\/es\/wp-json\/wp\/v2\/categories?post=107649"},{"taxonomy":"post_tag","embeddable":true,"href":"https:\/\/www.europesays.com\/es\/wp-json\/wp\/v2\/tags?post=107649"}],"curies":[{"name":"wp","href":"https:\/\/api.w.org\/{rel}","templated":true}]}}