{"id":107654,"date":"2025-09-11T11:37:07","date_gmt":"2025-09-11T11:37:07","guid":{"rendered":"https:\/\/www.europesays.com\/es\/107654\/"},"modified":"2025-09-11T11:37:07","modified_gmt":"2025-09-11T11:37:07","slug":"el-sanicentro-guadalajara-inicia-su-andadura-en-asobal-con-optimismo-y-sin-presion-nuevaalcarria","status":"publish","type":"post","link":"https:\/\/www.europesays.com\/es\/107654\/","title":{"rendered":"El Sanicentro Guadalajara inicia su andadura en Asobal con optimismo y sin presi\u00f3n | NuevaAlcarria"},"content":{"rendered":"<p>Guadalajara ya vive en Asobal. Este <b>s\u00e1bado a las 17:00h<\/b>, el Sanicentro Guadalajara abre la temporada\u00a0contra el <b>Ciudad de Logro\u00f1o<\/b> en el Palacio de los Deportes de la Rioja. Un partido que el equipo morado encara con ilusi\u00f3n, confianza y, sobre todo, sin presi\u00f3n, seg\u00fan palabras de su entrenador, <b>Juan Carlos Requena<\/b>.<\/p>\n<p>El club alcarre\u00f1o se presenta\u00a0con una plantilla renovada, donde la adaptaci\u00f3n de los nuevos fichajes ha sido clave en una pretemporada que Requena califica como \u00abbuena\u00bb. Han jugado contra equipos de la Asobal para poner a prueba su nivel, lo que les ha permitido prepararse para los retos que se esperan en la temporada. La prioridad ha sido no solo la carga f\u00edsica, sino tambi\u00e9n la t\u00e1ctica, para que los jugadores entiendan el sistema de juego y se genere la \u00abcomplicidad\u00bb necesaria dentro y fuera de la pista.<\/p>\n<p>El primer desaf\u00edo es un Logro\u00f1o que, a pesar de las muchas caras nuevas en su plantilla, termin\u00f3 la pasada temporada como el quinto mejor equipo. \u00abEs un equipo que aprieta much\u00edsimo en casa y lo normal es que ellos sean favoritos\u00bb, reconoce Requena, quien ve en este partido la oportunidad de competir al m\u00e1ximo y luchar por la victoria, siempre y cuando el equipo minimice las p\u00e9rdidas de bal\u00f3n y demuestre su buen nivel defensivo y de porter\u00eda.<\/p>\n<p>El Sanicentro Guadalajara tambi\u00e9n llega con una plantilla muy renovada. \u00abTenemos a todos los puestos doblados, lo que es importante para evitar lesiones\u00bb, explica Requena, destacando la importancia de los nuevos centrales, Joan Blanco y Gonzalo Velasco, para la fluidez del juego ofensivo. El entrenador tambi\u00e9n conf\u00eda en el rendimiento de los porteros y en las aportaciones de los nuevos fichajes, como el central Mart\u00edn Ganuza, que ha rendido a gran nivel en la pretemporada.<\/p>\n<p><strong>Joan Blanco: \u00abLa adaptaci\u00f3n es un proceso que lleva tiempo\u00bb<\/strong><br \/>&#13;<br \/>\nUno de esos nuevos fichajes es el central <b>Joan Blanco<\/b>, quien reconoce que la adaptaci\u00f3n a sus compa\u00f1eros y al modelo de juego es un proceso que no se consigue en una o dos semanas. \u00abA\u00fan no hemos llegado a ese 100%, pero estoy seguro de que lo vamos a conseguir\u00bb, afirma el jugador, que se muestra muy contento con el ambiente en el vestuario y la implicaci\u00f3n de toda la gente que rodea al club.<\/p>\n<p>Para Blanco, el objetivo personal es adaptarse lo antes posible a la nueva liga para poder rendir al m\u00e1ximo nivel. En cuanto al equipo, prev\u00e9 una Liga Asobal \u00abmuy competida\u00bb, donde hasta \u00abseis o siete equipos\u00bb luchar\u00e1n por mantenerse en la categor\u00eda. \u00abLo importante es que hemos podido competir con equipos de nivel parecido al nuestro en pretemporada, y eso es una buena se\u00f1al\u00bb, concluye.<\/p>\n","protected":false},"excerpt":{"rendered":"Guadalajara ya vive en Asobal. Este s\u00e1bado a las 17:00h, el Sanicentro Guadalajara abre la temporada\u00a0contra el Ciudad&hellip;\n","protected":false},"author":2,"featured_media":107655,"comment_status":"","ping_status":"","sticky":false,"template":"","format":"standard","meta":{"footnotes":""},"categories":[278],"tags":[442,2906,376,383,168,25,24,439,375,441,9739,6173,443,440,34274,23,167],"class_list":{"0":"post-107654","1":"post","2":"type-post","3":"status-publish","4":"format-standard","5":"has-post-thumbnail","7":"category-balonmano","8":"tag-actualidad-guadalajara","9":"tag-asobal","10":"tag-balonmano","11":"tag-bm","12":"tag-deportes","13":"tag-es","14":"tag-espana","15":"tag-guadalajara","16":"tag-handball","17":"tag-informacion-guadalajara","18":"tag-la-rioja","19":"tag-logrono","20":"tag-noticias-guadalajara","21":"tag-nueva-alcarria","22":"tag-sanicentro","23":"tag-spain","24":"tag-sports"},"share_on_mastodon":{"url":"","error":""},"_links":{"self":[{"href":"https:\/\/www.europesays.com\/es\/wp-json\/wp\/v2\/posts\/107654","targetHints":{"allow":["GET"]}}],"collection":[{"href":"https:\/\/www.europesays.com\/es\/wp-json\/wp\/v2\/posts"}],"about":[{"href":"https:\/\/www.europesays.com\/es\/wp-json\/wp\/v2\/types\/post"}],"author":[{"embeddable":true,"href":"https:\/\/www.europesays.com\/es\/wp-json\/wp\/v2\/users\/2"}],"replies":[{"embeddable":true,"href":"https:\/\/www.europesays.com\/es\/wp-json\/wp\/v2\/comments?post=107654"}],"version-history":[{"count":0,"href":"https:\/\/www.europesays.com\/es\/wp-json\/wp\/v2\/posts\/107654\/revisions"}],"wp:featuredmedia":[{"embeddable":true,"href":"https:\/\/www.europesays.com\/es\/wp-json\/wp\/v2\/media\/107655"}],"wp:attachment":[{"href":"https:\/\/www.europesays.com\/es\/wp-json\/wp\/v2\/media?parent=107654"}],"wp:term":[{"taxonomy":"category","embeddable":true,"href":"https:\/\/www.europesays.com\/es\/wp-json\/wp\/v2\/categories?post=107654"},{"taxonomy":"post_tag","embeddable":true,"href":"https:\/\/www.europesays.com\/es\/wp-json\/wp\/v2\/tags?post=107654"}],"curies":[{"name":"wp","href":"https:\/\/api.w.org\/{rel}","templated":true}]}}