{"id":107658,"date":"2025-09-11T11:41:08","date_gmt":"2025-09-11T11:41:08","guid":{"rendered":"https:\/\/www.europesays.com\/es\/107658\/"},"modified":"2025-09-11T11:41:08","modified_gmt":"2025-09-11T11:41:08","slug":"se-marcha-el-lunes-con-samuel-lopez-de-entrenador","status":"publish","type":"post","link":"https:\/\/www.europesays.com\/es\/107658\/","title":{"rendered":"se marcha el lunes con Samuel L\u00f3pez de entrenador"},"content":{"rendered":"<p data-mrf-recirculation=\"Links P\u00e1rrafos\" class=\"ue-c-article__paragraph paragraph\"><strong>Carlos Alcaraz<\/strong> descansa estos d\u00edas en su Murcia natal con su nuevo look despu\u00e9s de la consecuci\u00f3n del US Open el pasado domingo en Nueva York ante <strong>Jannik Sinner<\/strong>. El murciano ya ha trazado su plan, seg\u00fan ha podido saber MARCA, para la conquista de su segunda Laver Cup. El torneo que mide al equipo de Europa contra Estados Unidos celebrar\u00e1 su octava edici\u00f3n en San Francisco, del 19 al 21 de este mes.\u00a0<\/p>\n<p>Carlos Alcaraz public\u00f3 unas im\u00e1genes de su proceso de cambio de imagen tras ganar el US Open. El peluquero V\u00edctor se adelant\u00f3 al tenista espa\u00f1ol adelantado el resultado final.<\/p>\n<p data-mrf-recirculation=\"Links P\u00e1rrafos\" class=\"ue-c-article__paragraph paragraph\"><strong>Alcaraz regresar\u00e1 a los entrenamientos este s\u00e1bado y el lunes viaja a la ciudad californiana<\/strong> con la compa\u00f1\u00eda de <strong>Samuel L\u00f3pez<\/strong> (entrenador), <strong>Juanjo Moreno<\/strong> (fisioterapeuta), <strong>Albert Molina<\/strong> (agente) y <strong>\u00c1lvaro Alcaraz<\/strong> (hermano mayor y &#8216;sparring&#8217; del tenista).\u00a0<\/p>\n<p>Relevo en el banquillo<br \/>\u200b<\/p>\n<p data-mrf-recirculation=\"Links P\u00e1rrafos\" class=\"ue-c-article__paragraph paragraph\"><strong>Samuel tomar\u00e1 el relevo de Juan Carlos Ferrero en la Laver Cup y en el Open 500 de Tokio<\/strong>. Ferrero se reincorporar\u00e1 al banquillo del n\u00famero 1 en el Masters 1000 de Shang\u00e1i.\u00a0<\/p>\n<p data-mrf-recirculation=\"Links P\u00e1rrafos\" class=\"ue-c-article__paragraph paragraph\">Alcaraz fue decisivo en la Laver Cup de Berl\u00edn 2024 con la consecuci\u00f3n de ocho puntos. <strong>En la gira asi\u00e1tica volver\u00e1 a estar en juego el cetro ATP<\/strong>. <strong>Carlitos tiene una renta de 760 puntos respecto a Sinner y defiende 700<\/strong>.\u00a0<\/p>\n<p data-mrf-recirculation=\"Links P\u00e1rrafos\" class=\"ue-c-article__paragraph paragraph\"><strong>El tenista de El Palmar tiene margen para sumar 800 puntos en Shang\u00e1i<\/strong>. Jannik, por su parte, s\u00f3lo puede a\u00f1adir 170 puntos, que es el margen entre ser finalista y ganador en Pek\u00edn. Los dos mejores jugadores del planeta no volver\u00e1n a coincidir hasta el Masters 1000 chino.\u00a0<\/p>\n","protected":false},"excerpt":{"rendered":"Carlos Alcaraz descansa estos d\u00edas en su Murcia natal con su nuevo look despu\u00e9s de la consecuci\u00f3n del&hellip;\n","protected":false},"author":2,"featured_media":107659,"comment_status":"","ping_status":"","sticky":false,"template":"","format":"standard","meta":{"footnotes":""},"categories":[274],"tags":[168,25,24,23,167,327,326],"class_list":{"0":"post-107658","1":"post","2":"type-post","3":"status-publish","4":"format-standard","5":"has-post-thumbnail","7":"category-tenis","8":"tag-deportes","9":"tag-es","10":"tag-espana","11":"tag-spain","12":"tag-sports","13":"tag-tenis","14":"tag-tennis"},"share_on_mastodon":{"url":"","error":""},"_links":{"self":[{"href":"https:\/\/www.europesays.com\/es\/wp-json\/wp\/v2\/posts\/107658","targetHints":{"allow":["GET"]}}],"collection":[{"href":"https:\/\/www.europesays.com\/es\/wp-json\/wp\/v2\/posts"}],"about":[{"href":"https:\/\/www.europesays.com\/es\/wp-json\/wp\/v2\/types\/post"}],"author":[{"embeddable":true,"href":"https:\/\/www.europesays.com\/es\/wp-json\/wp\/v2\/users\/2"}],"replies":[{"embeddable":true,"href":"https:\/\/www.europesays.com\/es\/wp-json\/wp\/v2\/comments?post=107658"}],"version-history":[{"count":0,"href":"https:\/\/www.europesays.com\/es\/wp-json\/wp\/v2\/posts\/107658\/revisions"}],"wp:featuredmedia":[{"embeddable":true,"href":"https:\/\/www.europesays.com\/es\/wp-json\/wp\/v2\/media\/107659"}],"wp:attachment":[{"href":"https:\/\/www.europesays.com\/es\/wp-json\/wp\/v2\/media?parent=107658"}],"wp:term":[{"taxonomy":"category","embeddable":true,"href":"https:\/\/www.europesays.com\/es\/wp-json\/wp\/v2\/categories?post=107658"},{"taxonomy":"post_tag","embeddable":true,"href":"https:\/\/www.europesays.com\/es\/wp-json\/wp\/v2\/tags?post=107658"}],"curies":[{"name":"wp","href":"https:\/\/api.w.org\/{rel}","templated":true}]}}