{"id":107662,"date":"2025-09-11T11:43:08","date_gmt":"2025-09-11T11:43:08","guid":{"rendered":"https:\/\/www.europesays.com\/es\/107662\/"},"modified":"2025-09-11T11:43:08","modified_gmt":"2025-09-11T11:43:08","slug":"la-f1-se-viste-de-adidas-de-la-mano-de-audi","status":"publish","type":"post","link":"https:\/\/www.europesays.com\/es\/107662\/","title":{"rendered":"La F1 se viste de adidas de la mano de Audi"},"content":{"rendered":"<p>Audi prepara su desembarco en la <a href=\"https:\/\/highxtar.com\/tommy-hilfiger-forma-parte-de-la-muy-esperada-pelicula-de-f1\/\" target=\"_blank\" rel=\"noreferrer noopener nofollow\">F\u00f3rmula 1<\/a> de la mano de adidas, que ser\u00e1 <strong>socio oficial de apparel del futuro equipo<\/strong>. La alianza une a dos gigantes alemanes con un mismo objetivo, vestir a la escuder\u00eda con piezas que combinan t\u00e9cnica y dise\u00f1o.<\/p>\n<p>El acuerdo tendr\u00e1 varios a\u00f1os de duraci\u00f3n y contempla una primera colecci\u00f3n antes del <strong>inicio de la temporada 2026<\/strong>. La propuesta reflejar\u00e1 la nueva filosof\u00eda est\u00e9tica de Audi, basada en la precisi\u00f3n y la claridad.<\/p>\n<p>Gernot D\u00f6llner, CEO de Audi AG, se\u00f1al\u00f3 que la colaboraci\u00f3n con adidas se apoya en una trayectoria compartida en deportes de \u00e9lite, con <strong>valores comunes y el objetivo de inspirar<\/strong> a trav\u00e9s del rendimiento. A\u00f1adi\u00f3 que la entrada conjunta en la F\u00f3rmula 1 refuerza la confianza entre ambas marcas.<\/p>\n<p>Por su parte, Bj\u00f8rn Gulden, CEO de adidas, subray\u00f3 que <strong>la llegada de los cuatro aros y las tres rayas al paddock<\/strong> marca un cap\u00edtulo relevante en el motorsport y confirm\u00f3 que la F\u00f3rmula 1 es una<strong> plataforma estrat\u00e9gica<\/strong> para la innovaci\u00f3n de la compa\u00f1\u00eda.<\/p>\n<p>Jonathan Wheatley, Team Principal del futuro equipo Audi, recalcaba que la alianza <strong>va m\u00e1s all\u00e1 de equipar al staff <\/strong>con prendas t\u00e9cnicas. El acuerdo busca generar experiencias de marca y trasladar la exigencia de la pista al terreno del estilo.<\/p>\n<p>Con este movimiento, Audi y <a href=\"https:\/\/www.adidas.es\/\" target=\"_blank\" rel=\"noreferrer noopener nofollow\">adidas<\/a> comienzan a construir una narrativa que<strong> mezcla automoci\u00f3n, moda y rendimiento<\/strong> en la cuenta atr\u00e1s hacia 2026.<\/p>\n","protected":false},"excerpt":{"rendered":"Audi prepara su desembarco en la F\u00f3rmula 1 de la mano de adidas, que ser\u00e1 socio oficial de&hellip;\n","protected":false},"author":2,"featured_media":107663,"comment_status":"","ping_status":"","sticky":false,"template":"","format":"standard","meta":{"footnotes":""},"categories":[270],"tags":[11511,168,25,24,306,271,272,23,167],"class_list":{"0":"post-107662","1":"post","2":"type-post","3":"status-publish","4":"format-standard","5":"has-post-thumbnail","7":"category-formula-1","8":"tag-adidas","9":"tag-deportes","10":"tag-es","11":"tag-espana","12":"tag-f1","13":"tag-formula-1","14":"tag-formula1","15":"tag-spain","16":"tag-sports"},"share_on_mastodon":{"url":"","error":""},"_links":{"self":[{"href":"https:\/\/www.europesays.com\/es\/wp-json\/wp\/v2\/posts\/107662","targetHints":{"allow":["GET"]}}],"collection":[{"href":"https:\/\/www.europesays.com\/es\/wp-json\/wp\/v2\/posts"}],"about":[{"href":"https:\/\/www.europesays.com\/es\/wp-json\/wp\/v2\/types\/post"}],"author":[{"embeddable":true,"href":"https:\/\/www.europesays.com\/es\/wp-json\/wp\/v2\/users\/2"}],"replies":[{"embeddable":true,"href":"https:\/\/www.europesays.com\/es\/wp-json\/wp\/v2\/comments?post=107662"}],"version-history":[{"count":0,"href":"https:\/\/www.europesays.com\/es\/wp-json\/wp\/v2\/posts\/107662\/revisions"}],"wp:featuredmedia":[{"embeddable":true,"href":"https:\/\/www.europesays.com\/es\/wp-json\/wp\/v2\/media\/107663"}],"wp:attachment":[{"href":"https:\/\/www.europesays.com\/es\/wp-json\/wp\/v2\/media?parent=107662"}],"wp:term":[{"taxonomy":"category","embeddable":true,"href":"https:\/\/www.europesays.com\/es\/wp-json\/wp\/v2\/categories?post=107662"},{"taxonomy":"post_tag","embeddable":true,"href":"https:\/\/www.europesays.com\/es\/wp-json\/wp\/v2\/tags?post=107662"}],"curies":[{"name":"wp","href":"https:\/\/api.w.org\/{rel}","templated":true}]}}