{"id":107674,"date":"2025-09-11T11:49:10","date_gmt":"2025-09-11T11:49:10","guid":{"rendered":"https:\/\/www.europesays.com\/es\/107674\/"},"modified":"2025-09-11T11:49:10","modified_gmt":"2025-09-11T11:49:10","slug":"la-reaccion-de-la-revuelta-a-la-visita-de-marilo-montero-con-mensaje-de-broncano-e-ironia-del-publico-torero","status":"publish","type":"post","link":"https:\/\/www.europesays.com\/es\/107674\/","title":{"rendered":"La reacci\u00f3n de &#8216;La Revuelta&#8217; a la visita de Maril\u00f3 Montero, con mensaje de Broncano e iron\u00eda del p\u00fablico: \u00ab\u00a1Torero!\u00bb"},"content":{"rendered":"<p class=\"article-text\">\n        La sonada <a href=\"https:\/\/www.eldiario.es\/vertele\/noticias\/marilo-montero-revuelta-cargar-rtve-apoyar-toros-reaccion-broncano-1945_1_12590678.html\" target=\"_blank\" data-mrf-recirculation=\"links-noticia\" class=\"link\" rel=\"nofollow noopener\">visita de Maril\u00f3 Montero<\/a> a <strong>La Revuelta<\/strong> sigui\u00f3 coleando un d\u00eda despu\u00e9s en el programa de <strong>David Broncano<\/strong>, que arranc\u00f3 su emisi\u00f3n de este mi\u00e9rcoles 10 de septiembre en <strong>RTVE haci\u00e9ndose eco de lo sucedido<\/strong> ante los ir\u00f3nicos v\u00edtores del p\u00fablico presente en la grabaci\u00f3n.\n    <\/p>\n<p>    <a href=\"https:\/\/www.eldiario.es\/noticias\/marilo-montero-revuelta-cargar-rtve-apoyar-toros-reaccion-broncano-1945_1_12590678.html\" data-mrf-recirculation=\"saber-mas\" data-dl-event=\"saber-mas\" rel=\"nofollow noopener\" target=\"_blank\"><\/p>\n<p class=\"know-more__title\">Maril\u00f3 Montero us\u00f3 &#8216;La Revuelta&#8217; para cargar contra RTVE y apoyar los toros, con reacci\u00f3n de Broncano: \u00abEst\u00e1s en 1945\u00bb<\/p>\n<p>            <img decoding=\"async\" class=\"lazy\" loading=\"lazy\" data-src=\"https:\/\/static.eldiario.es\/clip\/9f89957c-3389-422c-9948-f19825322813_16-9-aspect-ratio_default_0.jpg\" src=\"data:image\/svg+xml,%3Csvg xmlns=\" http:=\"\" viewbox=\"0 0 880 495\" alt=\"Maril\u00f3 Montero us\u00f3 'La Revuelta' para cargar contra RTVE y apoyar los toros, con reacci\u00f3n de Broncano: &quot;Est\u00e1s en 1945&quot;\"\/><\/p>\n<p>                        <\/a><\/p>\n<p class=\"article-text\">\n        Como est\u00e1 siendo costumbre esta reci\u00e9n inaugurada temporada, el presentador de <strong>La 1<\/strong> comenz\u00f3 el programa dando las gracias a los espectadores por los <a href=\"https:\/\/www.eldiario.es\/vertele\/audiencias-tv\/martes-9-septiembre-2025-el-hormiguero-distancia-la-revuelta-first-dates-bate-record-telecinco_1_12591024.html\" target=\"_blank\" data-mrf-recirculation=\"links-noticia\" class=\"link\" rel=\"nofollow noopener\">datos de audiencia<\/a>, aunque con su propia lectura, y tambi\u00e9n a su invitada del martes por un debate pol\u00edtico que sin duda trascendi\u00f3. \u201c<strong>Quiero agradecer a Maril\u00f3 Montero porque ayer se dijeron aqu\u00ed unas cosas, se habl\u00f3 educadamente,<\/strong> y gracias a eso fuimos el programa m\u00e1s visto del d\u00eda\u201d, expres\u00f3 Broncano.\n    <\/p>\n<p class=\"article-text\">\n        El c\u00f3mico tambi\u00e9n reconoci\u00f3 haber visto Espejo P\u00fablico por la ma\u00f1ana para saber si la invitada cumpl\u00eda su promesa de organizar un encuentro a cuatro con Quintana y Griso. \u201c<strong>Hay que agradecer su honestidad<\/strong>. Maril\u00f3 ha ido all\u00ed y le ha dicho a Susanna que estaba invitada a una cena con Ana Rosa y conmigo. <strong>Ahora solo falta &#8216;AR&#8217; por decir si quiere venir<\/strong>\u201d, afirm\u00f3.\n    <\/p>\n<blockquote class=\"twitter-tweet\" data-lang=\"es\"><p><a href=\"https:\/\/twitter.com\/X\/status\/1965867373262475383?ref_src=twsrc%5Etfw\" rel=\"nofollow noopener\" target=\"_blank\"><\/p><\/blockquote>\n<p class=\"article-text\">\n        Todo ello, mientras a su alrededor reinaba la iron\u00eda. Y es Broncano fue recibido por el p\u00fablico presente en el Teatro Pr\u00edncipe de Gran V\u00eda <strong>con v\u00edtores de \u201c\u00a1torero, torero!\u201d <\/strong>por el discurso de Maril\u00f3 en favor de la tauromaquia. Adem\u00e1s, tras lanzar su mensaje de agradecimiento a Montero, en pantalla mostraron un <strong>fotomontaje del c\u00f3mico con un traje de luces<\/strong>, mientras los presentes le coreaban.\n    <\/p>\n<p>    <a href=\"https:\/\/www.eldiario.es\/vertele\/noticias\/jose-pablo-lopez-ironiza-marilo-montero-reafirma-telemadrid-palabras-rtve_1_12594511.html\" data-mrf-recirculation=\"saber-mas-abajo\" data-dl-event=\"saber-mas-abajo\" rel=\"nofollow noopener\" target=\"_blank\"><\/p>\n<p class=\"know-more__title\">Jos\u00e9 Pablo L\u00f3pez ironiza con Maril\u00f3 Montero, que reafirma desde Telemadrid sus palabras contra RTVE\n<\/p>\n<p>            <img decoding=\"async\" class=\"lazy\" loading=\"lazy\" data-src=\"https:\/\/static.eldiario.es\/clip\/4ef63fd7-9dcd-4a3b-a75f-d38fb6dae9b4_16-9-aspect-ratio_default_0.jpg\" src=\"data:image\/svg+xml,%3Csvg xmlns=\" http:=\"\" viewbox=\"0 0 880 495\" alt=\"Jos\u00e9 Pablo L\u00f3pez ironiza con Maril\u00f3 Montero, que reafirma desde Telemadrid sus palabras contra RTVE\"\/><\/p>\n<p>                        <\/a><\/p>\n<p class=\"article-text\">\n        Conviene recordar que la visita de Maril\u00f3 Montero a La Revuelta gener\u00f3 reacciones durante toda la jornada del mi\u00e9rcoles: tanto en televisi\u00f3n, con el <a href=\"https:\/\/www.eldiario.es\/vertele\/noticias\/susanna-griso-senala-antena-3-informativos-rtve-basicamente-dedican-criticar-partido-popular_1_12592401.html\" target=\"_blank\" data-mrf-recirculation=\"links-noticia\" class=\"link\" rel=\"nofollow noopener\">se\u00f1alamiento de Susanna Griso<\/a> a los Telediarios de RTVE desde su programa de Antena 3, hasta <a href=\"https:\/\/www.eldiario.es\/vertele\/noticias\/oscar-puente-ironiza-palabras-marilo-montero-la-revuelta-quiere-tve-sea-libre-teleayuso_1_12591564.html\" target=\"_blank\" data-mrf-recirculation=\"links-noticia\" class=\"link\" rel=\"nofollow noopener\">el ministro \u00d3scar Puente<\/a>, que ironiz\u00f3 con las consignas de la presentadora. Adem\u00e1s, el aludido <a href=\"https:\/\/www.eldiario.es\/vertele\/noticias\/antonio-naranjo-agradece-marilo-montero-apoye-tertulia-telemadrid-dirige-broncano-ay-cabezas_1_12591874.html\" target=\"_blank\" data-mrf-recirculation=\"links-noticia\" class=\"link\" rel=\"nofollow noopener\">Antonio Naranjo tambi\u00e9n respondi\u00f3<\/a> a Montero y a Broncano.\n    <\/p>\n<p>                                <script async src=\"https:\/\/platform.twitter.com\/widgets.js\" charset=\"utf-8\"><\/script><\/p>\n","protected":false},"excerpt":{"rendered":"La sonada visita de Maril\u00f3 Montero a La Revuelta sigui\u00f3 coleando un d\u00eda despu\u00e9s en el programa de&hellip;\n","protected":false},"author":2,"featured_media":107675,"comment_status":"","ping_status":"","sticky":false,"template":"","format":"standard","meta":{"footnotes":""},"categories":[171],"tags":[13289,10378,146,147,25,24,37168,36325,8079,2466,1421,9173,528,518,23,1570,214,938],"class_list":{"0":"post-107674","1":"post","2":"type-post","3":"status-publish","4":"format-standard","5":"has-post-thumbnail","7":"category-tv","8":"tag-broncano","9":"tag-e","10":"tag-entertainment","11":"tag-entretenimiento","12":"tag-es","13":"tag-espana","14":"tag-ironia","15":"tag-marilo","16":"tag-mensaje","17":"tag-montero","18":"tag-publico","19":"tag-reaccion","20":"tag-revuelta","21":"tag-rtve","22":"tag-spain","23":"tag-torero","24":"tag-tv","25":"tag-visita"},"share_on_mastodon":{"url":"","error":""},"_links":{"self":[{"href":"https:\/\/www.europesays.com\/es\/wp-json\/wp\/v2\/posts\/107674","targetHints":{"allow":["GET"]}}],"collection":[{"href":"https:\/\/www.europesays.com\/es\/wp-json\/wp\/v2\/posts"}],"about":[{"href":"https:\/\/www.europesays.com\/es\/wp-json\/wp\/v2\/types\/post"}],"author":[{"embeddable":true,"href":"https:\/\/www.europesays.com\/es\/wp-json\/wp\/v2\/users\/2"}],"replies":[{"embeddable":true,"href":"https:\/\/www.europesays.com\/es\/wp-json\/wp\/v2\/comments?post=107674"}],"version-history":[{"count":0,"href":"https:\/\/www.europesays.com\/es\/wp-json\/wp\/v2\/posts\/107674\/revisions"}],"wp:featuredmedia":[{"embeddable":true,"href":"https:\/\/www.europesays.com\/es\/wp-json\/wp\/v2\/media\/107675"}],"wp:attachment":[{"href":"https:\/\/www.europesays.com\/es\/wp-json\/wp\/v2\/media?parent=107674"}],"wp:term":[{"taxonomy":"category","embeddable":true,"href":"https:\/\/www.europesays.com\/es\/wp-json\/wp\/v2\/categories?post=107674"},{"taxonomy":"post_tag","embeddable":true,"href":"https:\/\/www.europesays.com\/es\/wp-json\/wp\/v2\/tags?post=107674"}],"curies":[{"name":"wp","href":"https:\/\/api.w.org\/{rel}","templated":true}]}}