{"id":107676,"date":"2025-09-11T11:50:17","date_gmt":"2025-09-11T11:50:17","guid":{"rendered":"https:\/\/www.europesays.com\/es\/107676\/"},"modified":"2025-09-11T11:50:17","modified_gmt":"2025-09-11T11:50:17","slug":"sevilla-anfitriona-de-las-estrellas-de-la-musica-en-la-gala-de-los-latin-grammy-ocio-y-cultura","status":"publish","type":"post","link":"https:\/\/www.europesays.com\/es\/107676\/","title":{"rendered":"Sevilla, anfitriona de las estrellas de la m\u00fasica en la gala de los Latin Grammy | Ocio y cultura"},"content":{"rendered":"<p class=\"loc\">Sevilla<\/p>\n<p>La Academia Latina de la Grabaci\u00f3n\u00ae celebr\u00f3 en Sevilla el evento Latin GRAMMY\u00ae Celebra: La M\u00fasica de Andaluc\u00eda, un homenaje a algunos de los artistas m\u00e1s influyentes de Andaluc\u00eda.<\/p>\n<p>El evento celebr\u00f3 a los artistas que han surgido de Andaluc\u00eda y que con su influencia han generado un indeleble impacto en nuestra m\u00fasica a nivel mundial. <\/p>\n<p>Una impresionante gala en la que se mezclaron g\u00e9neros musicales y generaciones. Qued\u00f3 clara la influencia de artistas \u00fanicos andaluces cuya huella ha quedado en Andaluc\u00eda y Am\u00e9rica. Conducido por los ganadores del Latin GRAMMY\u00ae David Bisbal y Luis Fonsi, el evento reuni\u00f3 un impresionante n\u00famero de artistas y creadores en el Cartuja Center CITE de Sevilla. <\/p>\n<p>Realizando un recorrido que abarc\u00f3 siglos de creatividad e innovaci\u00f3n, el homenaje fue testigo de momentos \u00fanicos Latin GRAMMY, dando comienzo con un tributo a Enrique Morente, figura esencial del flamenco contempor\u00e1neo que destac\u00f3 por su capacidad para unir tradici\u00f3n y vanguardia. El tributo, preparado por el compositor y productor musical ganador de cuatro Latin GRAMMYs\u00ae, V\u00edctor Mart\u00ednez, se inspir\u00f3 en Omega, considerado una obra maestra y el disco m\u00e1s ic\u00f3nico de la carrera de Morente. Sobre el escenario estuvo presente su hijo, Kiki Morente, acompa\u00f1ado de artistas que crecieron bajo su influencia, como La Tremendita y \u00c1ngeles Toledano. Tambi\u00e9n participaron Lagartija Nick y Ca\u00f1izares, quienes formaron parte de la producci\u00f3n original del \u00e1lbum.<\/p>\n<p>La velada prosigui\u00f3 con un sentido homenaje a las leyendas y artistas inmortales que forman parte esencial de la historia musical andaluza. Este segmento se convirti\u00f3 en un recorrido por canciones que han trascendido generaciones, con arreglos \u00fanicos e innovadores, evocando la voz eterna de Roc\u00edo Jurado, a trav\u00e9s de la interpretaci\u00f3n de Ana Torroja, Judeline y Juliana. <\/p>\n<p><img decoding=\"async\" src=\"https:\/\/www.europesays.com\/es\/wp-content\/uploads\/2025\/09\/NOZFHEN7UZBADKGFE3D7UOP6ZM.jpg\" alt=\"Ana Torroja en la gala homenaje a la m\u00fasica andaluza delos Latin Grammy en Sevilla\/ Latin Grammy\" width=\"4\" height=\"3\"  loading=\"lazy\"\/><\/p>\n<p>Ana Torroja en la gala homenaje a la m\u00fasica andaluza delos Latin Grammy en Sevilla\/ Latin Grammy<\/p>\n<p>Ampliar<img decoding=\"async\" src=\"https:\/\/www.europesays.com\/es\/wp-content\/uploads\/2025\/09\/1757591410_700_NOZFHEN7UZBADKGFE3D7UOP6ZM.jpg\" alt=\"Ana Torroja en la gala homenaje a la m\u00fasica andaluza delos Latin Grammy en Sevilla\/ Latin Grammy\" width=\"4\" height=\"3\" loading=\"lazy\"\/><\/p>\n<p>Ana Torroja en la gala homenaje a la m\u00fasica andaluza delos Latin Grammy en Sevilla\/ Latin Grammy<\/p>\n<p>Cerrar<\/p>\n<p>Tambi\u00e9n se record\u00f3 la carrera de Camar\u00f3n de la Isla de la mano de Arc\u00e1ngel, Chonchi Heredia, Estopa, Juanma Montoya y Yerai Cort\u00e9s. Otra de las homenajeadas fue Lola Flores, cuyo tributo cont\u00f3 con la participaci\u00f3n especial de sus nietas Alba Flores y Elena Furiase como presentadoras, as\u00ed como sus nietos Guillermo Furiase y Pedro Antonio Lazaga, junto a Pastora Soler y Mar\u00eda Terremoto, que interpretaron algunas de sus canciones m\u00e1s queridas. <\/p>\n<p>La noche continu\u00f3 celebrando a iconos andaluces, artistas que han influido en la m\u00fasica andaluza y que han dejado una impronta imborrable en ella, como Miguel R\u00edos, pionero del rock en Espa\u00f1a, cuya voz se uni\u00f3 en el escenario a las de Alejandro Lerner, Arde Bogot\u00e1 y la bailaora Luc\u00eda Ruibal. <\/p>\n<p><img decoding=\"async\" src=\"https:\/\/www.europesays.com\/es\/wp-content\/uploads\/2025\/09\/4P2AMVG3Q5EZDFTO26Y2W6R7KU.jpg\" alt=\"SEVILLE, SPAIN - SEPTEMBER 10: Arge Bogota and Miguel Rios perform on stage during the Latin GRAMMY\u00ae Celebrates: The Music of Andalusia, A Tribute to the Region's Musical Legacy on September 10, 2025 in Seville, Spain. (Photo by Fran Santiago\/Getty Images for The Latin Recording Academy)\" width=\"4\" height=\"3\"  loading=\"lazy\"\/><\/p>\n<p>SEVILLE, SPAIN &#8211; SEPTEMBER 10: Arge Bogota and Miguel Rios perform on stage during the Latin GRAMMY\u00ae Celebrates: The Music of Andalusia, A Tribute to the Region&#8217;s Musical Legacy on September 10, 2025 in Seville, Spain. (Photo by Fran Santiago\/Getty Images for The Latin Recording Academy) \/ Fran Santiago<\/p>\n<p>Ampliar<img decoding=\"async\" src=\"https:\/\/www.europesays.com\/es\/wp-content\/uploads\/2025\/09\/1757591412_430_4P2AMVG3Q5EZDFTO26Y2W6R7KU.jpg\" alt=\"SEVILLE, SPAIN - SEPTEMBER 10: Arge Bogota and Miguel Rios perform on stage during the Latin GRAMMY\u00ae Celebrates: The Music of Andalusia, A Tribute to the Region's Musical Legacy on September 10, 2025 in Seville, Spain. (Photo by Fran Santiago\/Getty Images for The Latin Recording Academy)\" width=\"4\" height=\"3\" loading=\"lazy\"\/><\/p>\n<p>SEVILLE, SPAIN &#8211; SEPTEMBER 10: Arge Bogota and Miguel Rios perform on stage during the Latin GRAMMY\u00ae Celebrates: The Music of Andalusia, A Tribute to the Region&#8217;s Musical Legacy on September 10, 2025 in Seville, Spain. (Photo by Fran Santiago\/Getty Images for The Latin Recording Academy) \/ Fran Santiago<\/p>\n<p>Cerrar<\/p>\n<p>Tambi\u00e9n se reconoci\u00f3 la trayectoria de Alejandro Sanz, con interpretaciones a cargo de Camilo, Evaluna, Joaquina y Yami Safdie. El segmento culmin\u00f3 con un emotivo homenaje a una de las voces m\u00e1s reconocidas de la m\u00fasica latina, Joaqu\u00edn Sabina, recordado en las actuaciones de Leiva y Rozal\u00e9n.<\/p>\n<p><img decoding=\"async\" src=\"https:\/\/www.europesays.com\/es\/wp-content\/uploads\/2025\/09\/SHPHZHWOPBA73FPV6BPA4BB2P4.jpg\" alt=\"SEVILLE, SPAIN - SEPTEMBER 10: Leiva and Rozal\u00e9n perform on stage during the Latin GRAMMY\u00ae Celebrates: The Music of Andalusia, A Tribute to the Region's Musical Legacy on September 10, 2025 in Seville, Spain. (Photo by Fran Santiago\/Getty Images for The Latin Recording Academy)\" width=\"4\" height=\"3\"  loading=\"lazy\"\/><\/p>\n<p>SEVILLE, SPAIN &#8211; SEPTEMBER 10: Leiva and Rozal\u00e9n perform on stage during the Latin GRAMMY\u00ae Celebrates: The Music of Andalusia, A Tribute to the Region&#8217;s Musical Legacy on September 10, 2025 in Seville, Spain. (Photo by Fran Santiago\/Getty Images for The Latin Recording Academy) \/ Fran Santiago<\/p>\n<p>Ampliar<img decoding=\"async\" src=\"https:\/\/www.europesays.com\/es\/wp-content\/uploads\/2025\/09\/1757591414_574_SHPHZHWOPBA73FPV6BPA4BB2P4.jpg\" alt=\"SEVILLE, SPAIN - SEPTEMBER 10: Leiva and Rozal\u00e9n perform on stage during the Latin GRAMMY\u00ae Celebrates: The Music of Andalusia, A Tribute to the Region's Musical Legacy on September 10, 2025 in Seville, Spain. (Photo by Fran Santiago\/Getty Images for The Latin Recording Academy)\" width=\"4\" height=\"3\" loading=\"lazy\"\/><\/p>\n<p>SEVILLE, SPAIN &#8211; SEPTEMBER 10: Leiva and Rozal\u00e9n perform on stage during the Latin GRAMMY\u00ae Celebrates: The Music of Andalusia, A Tribute to the Region&#8217;s Musical Legacy on September 10, 2025 in Seville, Spain. (Photo by Fran Santiago\/Getty Images for The Latin Recording Academy) \/ Fran Santiago<\/p>\n<p>Cerrar<\/p>\n<p>No falt\u00f3 el homenaje al g\u00e9nero musical Patrimonio Cultural Inmaterial de la Humanidad: el flamenco. Este homenaje tom\u00f3 forma a trav\u00e9s de las actuaciones de referentes como Antonio Rey, Carmen Linares y Ni\u00f1a Pastori, quienes transmitieron la esencia, la fuerza y la profundidad de un arte que sigue siendo emblema de identidad y orgullo andaluz.<\/p>\n<p>Durante la velada, tambi\u00e9n se celebr\u00f3 al presente y al futuro de la m\u00fasica andaluza por medio de un tributo a David Bisbal, India Mart\u00ednez, Manuel Carrasco y Vanesa Mart\u00edn, artistas que representan la fuerza, la proyecci\u00f3n y la diversidad de una generaci\u00f3n de creadores llamada a seguir ampliando los horizontes musicales de Andaluc\u00eda.<\/p>\n<p>La noche continu\u00f3 con un tributo a uno de los compositores m\u00e1s prol\u00edficos de la regi\u00f3n, Manuel Alejandro, cuya obra ha marcado generaciones. Su m\u00fasica fue interpretada por Ara Malikian, Luis Fonsi y Valeria Castro, y cont\u00f3 con un dueto sorpresa entre Jeanette y Aitana, quienes pusieron en valor la vigencia y la emoci\u00f3n de un repertorio convertido en patrimonio cultural.<\/p>\n<p><img decoding=\"async\" src=\"https:\/\/www.europesays.com\/es\/wp-content\/uploads\/2025\/09\/HZAS32RHGBCQRHOY5XPEJPH454.jpg\" alt=\"SEVILLE, SPAIN - SEPTEMBER 10: Ara Malikian performs on stage during the Latin GRAMMY\u00ae Celebrates: The Music of Andalusia, A Tribute to the Region's Musical Legacy on September 10, 2025 in Seville, Spain. (Photo by Fran Santiago\/Getty Images for The Latin Recording Academy)\" width=\"4\" height=\"3\"  loading=\"lazy\"\/><\/p>\n<p>SEVILLE, SPAIN &#8211; SEPTEMBER 10: Ara Malikian performs on stage during the Latin GRAMMY\u00ae Celebrates: The Music of Andalusia, A Tribute to the Region&#8217;s Musical Legacy on September 10, 2025 in Seville, Spain. (Photo by Fran Santiago\/Getty Images for The Latin Recording Academy) \/ Fran Santiago<\/p>\n<p>Ampliar<img decoding=\"async\" src=\"https:\/\/www.europesays.com\/es\/wp-content\/uploads\/2025\/09\/1757591417_127_HZAS32RHGBCQRHOY5XPEJPH454.jpg\" alt=\"SEVILLE, SPAIN - SEPTEMBER 10: Ara Malikian performs on stage during the Latin GRAMMY\u00ae Celebrates: The Music of Andalusia, A Tribute to the Region's Musical Legacy on September 10, 2025 in Seville, Spain. (Photo by Fran Santiago\/Getty Images for The Latin Recording Academy)\" width=\"4\" height=\"3\" loading=\"lazy\"\/><\/p>\n<p>SEVILLE, SPAIN &#8211; SEPTEMBER 10: Ara Malikian performs on stage during the Latin GRAMMY\u00ae Celebrates: The Music of Andalusia, A Tribute to the Region&#8217;s Musical Legacy on September 10, 2025 in Seville, Spain. (Photo by Fran Santiago\/Getty Images for The Latin Recording Academy) \/ Fran Santiago<\/p>\n<p>Cerrar<\/p>\n<p>La gala lleg\u00f3 a su fin con un impactante homenaje a la Persona del A\u00f1o 2025 de La Academia Latina de la Grabaci\u00f3n\u00ae, Raphael, figura imprescindible de la m\u00fasica latina y referente indiscutible de la industria musical. Su tributo cont\u00f3 con las actuaciones de Ana Torroja, Rozal\u00e9n y Vanesa Mart\u00edn, quienes interpretaron algunas de sus canciones m\u00e1s reconocidas y pusieron de relieve la profunda huella que su arte ha dejado en la m\u00fasica.<\/p>\n<p>La noche cont\u00f3 con la presencia del presidente de la Junta Juan Manuel Moreno Bonilla, que aprovech\u00f3 para decir que \u00abestaba orgulloso porque esa gala proyecta la marca Andaluc\u00eda y muestra el talento que tiene esta tierra\u00bb. A\u00f1adi\u00f3 que \u00abnuestro sue\u00f1o es que vuelvan. Queremos que los Latin Grammy vengan otra vez a Andaluc\u00eda\u00bb. Le acompa\u00f1\u00f3 tambi\u00e9n el alcalde, Jos\u00e9 Luis Sanz Sevilla y Arturo Bernal, consejero de Turismo y Andaluc\u00eda Exterior de la Junta de Andaluc\u00eda.<\/p>\n<p>Con esta gala la Academia Latina de la Grabaci\u00f3n y la Consejer\u00eda de Turismo y Andaluc\u00eda Exterior de la Junta de Andaluc\u00eda cierran el ciclo de eventos que comenz\u00f3 hace tres a\u00f1os en Andaluc\u00eda<\/p>\n","protected":false},"excerpt":{"rendered":"Sevilla La Academia Latina de la Grabaci\u00f3n\u00ae celebr\u00f3 en Sevilla el evento Latin GRAMMY\u00ae Celebra: La M\u00fasica de&hellip;\n","protected":false},"author":2,"featured_media":107677,"comment_status":"","ping_status":"","sticky":false,"template":"","format":"standard","meta":{"footnotes":""},"categories":[170],"tags":[1765,19563,146,147,25,24,408,184,185,23,1766],"class_list":{"0":"post-107676","1":"post","2":"type-post","3":"status-publish","4":"format-standard","5":"has-post-thumbnail","7":"category-musica","8":"tag-bestof","9":"tag-color-tipo-de-imagen","10":"tag-entertainment","11":"tag-entretenimiento","12":"tag-es","13":"tag-espana","14":"tag-horizontal","15":"tag-music","16":"tag-musica","17":"tag-spain","18":"tag-topix"},"share_on_mastodon":{"url":"","error":""},"_links":{"self":[{"href":"https:\/\/www.europesays.com\/es\/wp-json\/wp\/v2\/posts\/107676","targetHints":{"allow":["GET"]}}],"collection":[{"href":"https:\/\/www.europesays.com\/es\/wp-json\/wp\/v2\/posts"}],"about":[{"href":"https:\/\/www.europesays.com\/es\/wp-json\/wp\/v2\/types\/post"}],"author":[{"embeddable":true,"href":"https:\/\/www.europesays.com\/es\/wp-json\/wp\/v2\/users\/2"}],"replies":[{"embeddable":true,"href":"https:\/\/www.europesays.com\/es\/wp-json\/wp\/v2\/comments?post=107676"}],"version-history":[{"count":0,"href":"https:\/\/www.europesays.com\/es\/wp-json\/wp\/v2\/posts\/107676\/revisions"}],"wp:featuredmedia":[{"embeddable":true,"href":"https:\/\/www.europesays.com\/es\/wp-json\/wp\/v2\/media\/107677"}],"wp:attachment":[{"href":"https:\/\/www.europesays.com\/es\/wp-json\/wp\/v2\/media?parent=107676"}],"wp:term":[{"taxonomy":"category","embeddable":true,"href":"https:\/\/www.europesays.com\/es\/wp-json\/wp\/v2\/categories?post=107676"},{"taxonomy":"post_tag","embeddable":true,"href":"https:\/\/www.europesays.com\/es\/wp-json\/wp\/v2\/tags?post=107676"}],"curies":[{"name":"wp","href":"https:\/\/api.w.org\/{rel}","templated":true}]}}