{"id":107680,"date":"2025-09-11T11:52:24","date_gmt":"2025-09-11T11:52:24","guid":{"rendered":"https:\/\/www.europesays.com\/es\/107680\/"},"modified":"2025-09-11T11:52:24","modified_gmt":"2025-09-11T11:52:24","slug":"espanyol-barca-manolo-gonzalez-que-van-a-silbar-a-joan-garcia-es-una-cuestion-de-sentido-comun","status":"publish","type":"post","link":"https:\/\/www.europesays.com\/es\/107680\/","title":{"rendered":"Espanyol &#8211; Bar\u00e7a | Manolo Gonz\u00e1lez: \u00abQue van a silbar a Joan Garcia es una cuesti\u00f3n de sentido com\u00fan\u00bb"},"content":{"rendered":"<p class=\"ft-text\"><strong>No hay ninguna duda de que el <\/strong><a class=\"ft-link ft-link--decoration\" href=\"https:\/\/www.sport.es\/es\/espanyol\/\" rel=\"nofollow noopener\" target=\"_blank\"><strong>Espanyol<\/strong><\/a><strong> est\u00e1 en buenas manos con Manolo Gonz\u00e1lez al frente del banquillo perico<\/strong>. El t\u00e9cnico gallego ha logrado hasta la fecha con el equipo blanquiazul un <strong>ascenso <\/strong>a Primera Divisi\u00f3n y la posterior <strong>permanencia <\/strong>en la m\u00e1xima categor\u00eda del f\u00fatbol espa\u00f1ol. Y, por el momento, este curso suma <strong>siete de los nueve puntos disputados en LaLiga. <\/strong><\/p>\n<p class=\"ft-text\">Aprovechando el par\u00f3n por los compromisos internacionales, Manolo Gonz\u00e1lez concedi\u00f3 una entrevista a &#8216;El Partidazo de la Cope&#8217;, donde repas\u00f3 diferentes temas de la actualidad perica como el <strong>enorme arranque liguero del Espanyol<\/strong>, <strong>la salida de Joan Garcia al FC Barcelona o el crecimiento de la masa social de la entidad blanquiazul. <\/strong><\/p>\n<p><img decoding=\"async\" src=\"https:\/\/www.europesays.com\/es\/wp-content\/uploads\/2025\/09\/37822180-1f66-4430-a404-cd807be1c783_alta-libre-aspect-ratio_default_0.jpg\" width=\"1200\" height=\"800\" alt=\"Manolo Gonz\u00e1lez, victorioso con el Espanyol\" class=\"ft-helper-img-rd\" loading=\"lazy\" hasdataaida=\"true\"\/><\/p>\n<p class=\"ft-helper-fontColor-quaternary ft-helper-fontSize-body-S ft-helper-spacer-t-xxs\">Manolo Gonz\u00e1lez, victorioso con el Espanyol  \/ Espanyol<\/p>\n<p>Excelente arranque en LaLiga<\/p>\n<p class=\"ft-text\">El Espanyol ha completado un gran inicio liguero con dos victorias y un empate en las primeras jornadas. Pero, pese a este buen arranque, el entrenador de Folgoso do Caurel no se conf\u00eda. <strong>\u00abEstoy muy contento con el equipo, pero es queda mucho.<\/strong> El a\u00f1o pasado ten\u00edamos 39 puntos faltando seis jornadas y se nos complic\u00f3 la vida. Hasta que no tenga la cosa en la mano, no voy a respirar\u00bb.<\/p>\n<p class=\"ft-text\">Preguntado por si estaba sorprendido por el rendimiento del equipo, Manolo Gonz\u00e1lez se\u00f1al\u00f3 que \u00absoy optimista generalmente.<strong> Sab\u00eda que era muy dif\u00edcil, pero tampoco hice un c\u00e1lculo de puntos<\/strong>. De hecho no lo hago nunca. <strong>Pero estoy muy contento porque siete de nueve con los rivales que hemos tenido creo que est\u00e1 muy bien<\/strong>\u00ab.<\/p>\n<p class=\"ft-text\">Y tambi\u00e9n tuvo unas bonitas palabras sobre el crecimiento social: \u00ab<strong>Yo lo que veo es mucha gente joven en el estadio, quiz\u00e1 m\u00e1s que hace un a\u00f1o o que un a\u00f1o y medio cuando llegu\u00e9. <\/strong>Muchos chicos j\u00f3venes de 15, de menos a\u00f1os, muy implicados con el equipo y con un sentimiento de club. Lo ves por la calle con las camisetas\u00bb.<\/p>\n<p>La salida de Joan Garcia<\/p>\n<p class=\"ft-text\">Asimismo, se pronunci\u00f3 sobre la salida de Joan Garcia al FC Barcelona: \u00abYo entiendo a todo el mundo, respeto a todo el mundo y cada uno toma sus decisiones. <strong>Yo puedo hablar por m\u00ed, y tu vas a decir claro tu lo dices porque piensas que el Bar\u00e7a no te va a llamar nunca, pero yo s\u00ed te puedo decir que yo no me ir\u00eda al Bar\u00e7a<\/strong>. Pero a partir de ah\u00ed cada uno es muy libre de hacer lo que quiera en su vida\u00bb.<\/p>\n<p class=\"ft-text\">Tambi\u00e9n habl\u00f3 sobre el posible recibimiento de la afici\u00f3n del Espanyol a Joan Garcia en el RCDE Stadium. \u00abCreo que no pasa nada. <strong>Que le van a silbar es una cuesti\u00f3n de sentido com\u00fan, todo el mundo sabe que eso va a pasar. <\/strong>Pero no creo que vaya a pasar nada mucho m\u00e1s relevante que eso\u00bb.<\/p>\n<p class=\"ft-text\">\u00ab\u00c9l me mand\u00f3 un audio poco despu\u00e9s de que pasase lo del Bar\u00e7a. Yo le contest\u00e9 y no hemos vuelto a hablar desde entonces. <strong>Pero ya te digo que yo conozco a Joan. No es un mal chaval, es un buen chaval. No te puedo decir nada en contra de \u00e9l en ese aspecto porque creo que es un buen chico<\/strong>. Pero tampoco he tenido la relaci\u00f3n de hablar cada d\u00eda con \u00e9l\u00bb, coment\u00f3 acerca de la relaci\u00f3n con el portero de Sallent.<\/p>\n<p>\u00abHansi Flick me parece un muy buen entrenador y una persona muy coherente\u00bb<\/p>\n<p class=\"ft-text\"><a class=\"ft-link ft-link--decoration\" href=\"https:\/\/www.sport.es\/es\/noticias\/espanyol\/oficial-espanyol-nuevo-propietario-119681446\" rel=\"nofollow noopener\" target=\"_blank\">Acerca de la compra del club por parte de Alan Pace<\/a>, Manolo Gonz\u00e1lez se\u00f1al\u00f3 que \u00ab<strong>hay una sensaci\u00f3n de una tranquilidad que antes no estaba\u00bb<\/strong>. \u00abNo s\u00e9 c\u00f3mo explicarlo. De una calma, de una seguridad en ellos mismos, una tranquilidad y de un d\u00eda a d\u00eda bueno que quiz\u00e1s hace dos a\u00f1os el club no se ve\u00eda\u00bb.<\/p>\n<p class=\"ft-text\">Por \u00faltimo, el t\u00e9cnico perico se moj\u00f3 sobre los entrenadores que m\u00e1s le gustan actualmente en LaLiga: \u00ab<strong>Me gustan muchos. Me gusta mucho Valverde, Arrasate, \u00cd\u00f1igo P\u00e9rez&#8230; Corber\u00e1n tambi\u00e9n me gusta mucho<\/strong>. Igual porque hay una relaci\u00f3n m\u00e1s cercana son los que m\u00e1s me gustan\u00bb. Adem\u00e1s, fue preguntado por <strong>Hansi Flick<\/strong>: \u00abMe gusta. <strong>Me parece un muy buen entrenador y sobre todo una persona muy coherente. Es sensato, que en este mundo parece que cuesta m\u00e1s<\/strong>\u00ab.<\/p>\n","protected":false},"excerpt":{"rendered":"No hay ninguna duda de que el Espanyol est\u00e1 en buenas manos con Manolo Gonz\u00e1lez al frente del&hellip;\n","protected":false},"author":2,"featured_media":107681,"comment_status":"","ping_status":"","sticky":false,"template":"","format":"standard","meta":{"footnotes":""},"categories":[93],"tags":[2296,168,25,24,16789,883,37169,23,167],"class_list":{"0":"post-107680","1":"post","2":"type-post","3":"status-publish","4":"format-standard","5":"has-post-thumbnail","7":"category-deportes","8":"tag-barca","9":"tag-deportes","10":"tag-es","11":"tag-espana","12":"tag-espanyol","13":"tag-joan-garcia","14":"tag-manolo-gonzalez","15":"tag-spain","16":"tag-sports"},"share_on_mastodon":{"url":"","error":""},"_links":{"self":[{"href":"https:\/\/www.europesays.com\/es\/wp-json\/wp\/v2\/posts\/107680","targetHints":{"allow":["GET"]}}],"collection":[{"href":"https:\/\/www.europesays.com\/es\/wp-json\/wp\/v2\/posts"}],"about":[{"href":"https:\/\/www.europesays.com\/es\/wp-json\/wp\/v2\/types\/post"}],"author":[{"embeddable":true,"href":"https:\/\/www.europesays.com\/es\/wp-json\/wp\/v2\/users\/2"}],"replies":[{"embeddable":true,"href":"https:\/\/www.europesays.com\/es\/wp-json\/wp\/v2\/comments?post=107680"}],"version-history":[{"count":0,"href":"https:\/\/www.europesays.com\/es\/wp-json\/wp\/v2\/posts\/107680\/revisions"}],"wp:featuredmedia":[{"embeddable":true,"href":"https:\/\/www.europesays.com\/es\/wp-json\/wp\/v2\/media\/107681"}],"wp:attachment":[{"href":"https:\/\/www.europesays.com\/es\/wp-json\/wp\/v2\/media?parent=107680"}],"wp:term":[{"taxonomy":"category","embeddable":true,"href":"https:\/\/www.europesays.com\/es\/wp-json\/wp\/v2\/categories?post=107680"},{"taxonomy":"post_tag","embeddable":true,"href":"https:\/\/www.europesays.com\/es\/wp-json\/wp\/v2\/tags?post=107680"}],"curies":[{"name":"wp","href":"https:\/\/api.w.org\/{rel}","templated":true}]}}