{"id":107694,"date":"2025-09-11T12:04:09","date_gmt":"2025-09-11T12:04:09","guid":{"rendered":"https:\/\/www.europesays.com\/es\/107694\/"},"modified":"2025-09-11T12:04:09","modified_gmt":"2025-09-11T12:04:09","slug":"todo-al-rubio-platino-alcaraz-sigue-los-pasos-de-lamine-yamal-y-broncano-gente","status":"publish","type":"post","link":"https:\/\/www.europesays.com\/es\/107694\/","title":{"rendered":"Todo al rubio platino: Alcaraz sigue los pasos de Lamine Yamal y Broncano | Gente"},"content":{"rendered":"<p class=\"\"><a href=\"https:\/\/elpais.com\/icon\/2025-09-10\/desde-cuando-a-los-hombres-les-importa-tanto-tener-vello-alcaraz-y-sus-axilas-reabren-el-debate-sobre-la-depilacion-masculina.html\" target=\"_blank\" rel=\"noreferrer nofollow noopener\" title=\"https:\/\/elpais.com\/icon\/2025-09-10\/desde-cuando-a-los-hombres-les-importa-tanto-tener-vello-alcaraz-y-sus-axilas-reabren-el-debate-sobre-la-depilacion-masculina.html\">El espa\u00f1ol Carlos Alcaraz <\/a>es el nuevo<a href=\"https:\/\/elpais.com\/deportes\/tenis\/2025-09-08\/carlos-alcaraz-quiza-se-pueda-rozar-la-perfeccion-pero-no-existe.html\" target=\"_blank\" rel=\"noreferrer nofollow noopener\" title=\"https:\/\/elpais.com\/deportes\/tenis\/2025-09-08\/carlos-alcaraz-quiza-se-pueda-rozar-la-perfeccion-pero-no-existe.html\"> n\u00famero uno del tenis mundial. <\/a>Y precisamente por haber recuperado de nuevo esa posici\u00f3n, tras<a href=\"https:\/\/elpais.com\/gente\/2025-09-08\/de-michael-j-fox-a-bruce-springsteen-los-famosos-que-vieron-a-alcaraz-ganar-su-segundo-us-open.html\" target=\"_blank\" rel=\"noreferrer nofollow noopener\" title=\"https:\/\/elpais.com\/gente\/2025-09-08\/de-michael-j-fox-a-bruce-springsteen-los-famosos-que-vieron-a-alcaraz-ganar-su-segundo-us-open.html\"> vencer en la final del domingo del US Open<\/a> a Jannik Sinner, el murciano ha estrenado nuevo look: rapado pero en rubio platino, casi blanco. Su peluquero en El Palmar, V\u00edctor Barber, lo contaba en <a href=\"https:\/\/www.instagram.com\/victorbarbers5\/?utm_source=ig_embed\" target=\"_blank\" rel=\"noreferrer nofollow noopener\" title=\"https:\/\/www.instagram.com\/victorbarbers5\/?utm_source=ig_embed\">sus redes sociales<\/a>: \u201cLos hombres se visten por los pies y este t\u00edo tiene palabra\u201d. En su publicaci\u00f3n, su amigo, que antes de coger las tijeras y emprender su negocio se dedicaba a deshuesar jamones en Murcia, mostr\u00f3 varias im\u00e1genes de la nueva imagen del tenista y de c\u00f3mo hab\u00eda sido el proceso. <\/p>\n<p class=\"\">Tras la conquista de su sexto t\u00edtulo de Grand Slam a sus 22 a\u00f1os, Alcaraz ha vuelto a acaparar titulares m\u00e1s all\u00e1 de lo estrictamente deportivo. Si hace unas semanas se habl\u00f3 de su corte de pelo en su aparici\u00f3n en el torneo de Nueva York, ahora el protagonista es su nuevo color de cabello. \u201cSaluden a Blondecaraz\u00bb, <a href=\"https:\/\/elpais.com\/icon\/2025-09-10\/desde-cuando-a-los-hombres-les-importa-tanto-tener-vello-alcaraz-y-sus-axilas-reabren-el-debate-sobre-la-depilacion-masculina.html\" target=\"_self\" rel=\"nofollow noopener\" title=\"https:\/\/elpais.com\/icon\/2025-09-10\/desde-cuando-a-los-hombres-les-importa-tanto-tener-vello-alcaraz-y-sus-axilas-reabren-el-debate-sobre-la-depilacion-masculina.html\">dec\u00eda un art\u00edculo publicado este mi\u00e9rcoles en EL PA\u00cdS<\/a> en el que se hablaba precisamente de sus \u201ccaprichos capilares\u201d y se analiza que tambi\u00e9n lleva las axilas depiladas.<\/p>\n<p>M\u00e1s informaci\u00f3n<\/p>\n<p class=\"\">El autor del rapado fue su hermano \u00c1lvaro, que, tras un error con la maquinilla, provoc\u00f3 un cambio de imagen inesperado que dio la vuelta al mundo y se esparci\u00f3 por las redes sociales como la p\u00f3lvora. \u201cLo ten\u00eda largo y quer\u00eda cort\u00e1rmelo, pero se equivoc\u00f3 con la maquinilla y, al final, lo mejor era hacerlo as\u00ed. En unos d\u00edas crecer\u00e1 y estar\u00e1 bien. A algunos les gusta y a otros no, pero yo me r\u00edo mucho con las reacciones\u201d, explic\u00f3 Alcaraz.<\/p>\n<p class=\"\">Con su nuevo color de pelo, el tenista sigue los pasos de otros deportistas como Lamine Yamal y Robert Lewandowski o rostros de la televisi\u00f3n como Jorge Javier V\u00e1zquez o David Broncano, que tambi\u00e9n se han pasado al rubio, aunque con notables diferencias en el tono. La imagen de este \u00faltimo ha sido objeto de conversaci\u00f3n desde <a href=\"https:\/\/elpais.com\/television\/2025-09-08\/la-revuelta-vuelve-reivindicando-lo-publico-si-algo-funciona-para-que-cambiarlo.html\" target=\"_blank\" rel=\"noreferrer nofollow noopener\" title=\"https:\/\/elpais.com\/television\/2025-09-08\/la-revuelta-vuelve-reivindicando-lo-publico-si-algo-funciona-para-que-cambiarlo.html\">el estreno de la nueva temporada de La revuelta el pasado lunes<\/a>, donde explic\u00f3 que lo ha hecho porque este verano se acord\u00f3 que cuando ten\u00eda 15 a\u00f1os llevaba el pelo as\u00ed y eso le anim\u00f3 a probarlo, y ya luego le dio pereza volver a su color natural.<\/p>\n<p><img alt=\"David Broncano en la nueva temporada de 'La revuelta', este lunes. \" decoding=\"auto\" class=\"_re lazyload a_m-h\" height=\"311\"  width=\"414\"  src=\"https:\/\/www.europesays.com\/es\/wp-content\/uploads\/2025\/09\/DNI3AFFOMVBHFOAOCW6G6JEDGE.jfif\" loading=\"lazy\"\/>David Broncano en la nueva temporada de &#8216;La revuelta&#8217;, este lunes. @LaRevuelta_TVE<script async src=\"\/\/www.instagram.com\/embed.js\"><\/script><\/p>\n","protected":false},"excerpt":{"rendered":"El espa\u00f1ol Carlos Alcaraz es el nuevo n\u00famero uno del tenis mundial. Y precisamente por haber recuperado de&hellip;\n","protected":false},"author":2,"featured_media":107695,"comment_status":"","ping_status":"","sticky":false,"template":"","format":"standard","meta":{"footnotes":""},"categories":[274],"tags":[545,168,927,25,24,21608,256,260,11793,23,167,327,11759,326],"class_list":{"0":"post-107694","1":"post","2":"type-post","3":"status-publish","4":"format-standard","5":"has-post-thumbnail","7":"category-tenis","8":"tag-carlos-alcaraz","9":"tag-deportes","10":"tag-deportistas","11":"tag-es","12":"tag-espana","13":"tag-estilo-hombre","14":"tag-famosos","15":"tag-gente","16":"tag-peluqueria","17":"tag-spain","18":"tag-sports","19":"tag-tenis","20":"tag-tenistas","21":"tag-tennis"},"share_on_mastodon":{"url":"","error":""},"_links":{"self":[{"href":"https:\/\/www.europesays.com\/es\/wp-json\/wp\/v2\/posts\/107694","targetHints":{"allow":["GET"]}}],"collection":[{"href":"https:\/\/www.europesays.com\/es\/wp-json\/wp\/v2\/posts"}],"about":[{"href":"https:\/\/www.europesays.com\/es\/wp-json\/wp\/v2\/types\/post"}],"author":[{"embeddable":true,"href":"https:\/\/www.europesays.com\/es\/wp-json\/wp\/v2\/users\/2"}],"replies":[{"embeddable":true,"href":"https:\/\/www.europesays.com\/es\/wp-json\/wp\/v2\/comments?post=107694"}],"version-history":[{"count":0,"href":"https:\/\/www.europesays.com\/es\/wp-json\/wp\/v2\/posts\/107694\/revisions"}],"wp:featuredmedia":[{"embeddable":true,"href":"https:\/\/www.europesays.com\/es\/wp-json\/wp\/v2\/media\/107695"}],"wp:attachment":[{"href":"https:\/\/www.europesays.com\/es\/wp-json\/wp\/v2\/media?parent=107694"}],"wp:term":[{"taxonomy":"category","embeddable":true,"href":"https:\/\/www.europesays.com\/es\/wp-json\/wp\/v2\/categories?post=107694"},{"taxonomy":"post_tag","embeddable":true,"href":"https:\/\/www.europesays.com\/es\/wp-json\/wp\/v2\/tags?post=107694"}],"curies":[{"name":"wp","href":"https:\/\/api.w.org\/{rel}","templated":true}]}}