{"id":107702,"date":"2025-09-11T12:08:09","date_gmt":"2025-09-11T12:08:09","guid":{"rendered":"https:\/\/www.europesays.com\/es\/107702\/"},"modified":"2025-09-11T12:08:09","modified_gmt":"2025-09-11T12:08:09","slug":"la-razon-que-conoce-todo-el-mundo-por-la-que-se-anulo-el-gol-de-guler-ante-el-mallorca","status":"publish","type":"post","link":"https:\/\/www.europesays.com\/es\/107702\/","title":{"rendered":"La raz\u00f3n \u00abque conoce todo el mundo\u00bb por la que se anul\u00f3 el gol de G\u00fcler ante el Mallorca"},"content":{"rendered":"<p class=\"ft-text\">El Comit\u00e9 T\u00e9cnico de \u00c1rbitros de la RFEF ha estrenado esta temporada 2025\/2026 un espacio audiovisual llamado<strong> &#8216;Tiempo de Revisi\u00f3n&#8217;,<\/strong> donde analiza distintas jugadas que cada jornada ocurren en las dos primeras divisiones masculinas y la Liga F. Una de las acciones desgranada en este programa <a class=\"ft-link ft-link--decoration\" href=\"https:\/\/www.sport.es\/es\/noticias\/real-madrid\/audio-var-polemica-madrid-mallorca-121091330\" rel=\"nofollow noopener\" target=\"_blank\">fue el gol anulado a G\u00fcler por mano en la tercera jornada ante el Mallorca<\/a>.<\/p>\n<p class=\"ft-text\">El mayor debate sobre este tanto invalidado por el VAR estuvo en el car\u00e1cter de inmediatez de la jugada. \u00abEl futbolista del Real Madrid marca gol tras golpear el bal\u00f3n en su brazo y rechazar el primer disparo el portero del Mallorca. <strong>La norma, que lleva varias temporadas en aplicaci\u00f3n, es conocida por todo el mundo del f\u00fatbol<\/strong>\u00ab, narra el an\u00e1lisis del CTA.<\/p>\n<p class=\"ft-text\">\u00abCometer\u00e1 infracci\u00f3n el jugador que marque gol en la porter\u00eda adversaria, inmediatamente despu\u00e9s de que el bal\u00f3n le toque en la mano o el brazo, incluso de manera accidental. Por eso, en esta jugada, aunque se trate de un segundo disparo, por el escaso tiempo que pasa y <strong>por c\u00f3mo se produce en s\u00ed, todo forma parte de la misma acci\u00f3n<\/strong>. Cumple con el criterio de inmediatez\u00bb, es la justificaci\u00f3n arbitral.<\/p>\n<p class=\"ft-text\">En la peritaci\u00f3n del gol anulado a G\u00fcler tambi\u00e9n se explica en qu\u00e9 caso no habr\u00eda sido anulado un golpe con la mano. \u00abCabe recordar que, esta misma acci\u00f3n, <strong>pero suponiendo que el jugador madridista, en vez de disparar a puerta, hiciera un pase a un compa\u00f1ero, ser\u00eda gol legal<\/strong>\u00ab, apostilla, dando por v\u00e1lida la revisi\u00f3n del VAR que S\u00e1nchez Mart\u00ednez efectu\u00f3 a instancias de Pulido Santana durante el encuentro disputado en el Bernab\u00e9u.<\/p>\n<p>El partido de los tres goles anulados al Madrid<\/p>\n<p class=\"ft-text\">El gol de G\u00fcler habr\u00eda supuesto un desenlace m\u00e1s pl\u00e1cido del que tuvo el Real Madrid ante el Mallorca en el Bernab\u00e9u, que se indign\u00f3 por la anulaci\u00f3n de tres goles a favor de su equipo: dos por fuera de juego de Mbapp\u00e9, uno claro y otro m\u00e1s ajustado; y el comentado del futbolista turco. Tras la revisi\u00f3n del VAR del tercero se produjo una sonora protesta en Chamart\u00edn, con c\u00e1nticos como <a class=\"ft-link ft-link--decoration\" href=\"https:\/\/www.sport.es\/es\/noticias\/real-madrid\/bernabeu-estalla-tres-goles-anulados-negreira-corrupcion-121087878\" rel=\"nofollow noopener\" target=\"_blank\">\u00abcorrupci\u00f3n en la Federaci\u00f3n\u00bb y \u00abNegreira, Negreira\u00bb<\/a>.<\/p>\n<p class=\"ft-text\">El atanto anulado de G\u00fcler lleg\u00f3 despu\u00e9s un buen recorte de Franco Mastantuono y un disparo desviado por Leo Rom\u00e1n, Valjent intent\u00f3 rechazar el esf\u00e9rico. <strong>El bal\u00f3n, sin embargo, impact\u00f3 en el brazo de G\u00fcler, quien marc\u00f3 a placer inmediatamente despu\u00e9s<\/strong>. S\u00e1nchez Mart\u00ednez no anul\u00f3 el tanto en directo, pero Pulido Santana le recomend\u00f3 desde el VAR que revisara la acci\u00f3n.<\/p>\n<p class=\"ft-text\">Cabe recordar que antes de este duelo de la tercera jornada<a class=\"ft-link ft-link--decoration\" href=\"https:\/\/www.sport.es\/es\/noticias\/real-madrid\/cargan-arbitro-avar-madrid-mallorca-121086892\" rel=\"nofollow noopener\" target=\"_blank\"> se produjo un cambio al frente de la sala de videoarbitraje: Gonz\u00e1lez Fuertes<\/a> fue apartado tras su error contra el Alav\u00e9s, <a class=\"ft-link ft-link--decoration\" href=\"https:\/\/www.sport.es\/es\/noticias\/atletico-de-madrid\/grave-error-var-gol-atletico-121083167\" rel=\"nofollow noopener\" target=\"_blank\">en el que dio validez a un gol de Giuliano<\/a>. Un error que el propcio CTA ha admitido en &#8216;Tiempo de Revisi\u00f3n&#8217;.<\/p>\n<p class=\"ft-text\">\u201cTe recomiendo una revisi\u00f3n para que valores una potencial mano para poder anular el gol. <strong>En mi opini\u00f3n, la mano existe y en la jugada hay cierta inmediatez<\/strong>\u201d, dijo Pulido Santana seg\u00fan se puede escuchar en el audio publicado por la Federaci\u00f3n, una locuci\u00f3n entendida desde un sector del madridismo como internacional.<\/p>\n<p class=\"ft-text\">\u201cQuiero ver en cortos la mano y me la dejas muy parada. P\u00e1ramela en el punto de contacto. Perfecto, y ahora me la ampl\u00edas y quiero valorar la inmediatez de la acci\u00f3n\u2026 <strong>La mano es accidental e inmediata, voy a anular el gol<\/strong>\u201d, reflexion\u00f3 S\u00e1nchez Mart\u00ednez para justificar la decisi\u00f3n que tom\u00f3 y que ha corroborado el CTA en su an\u00e1lisis posterior.<\/p>\n","protected":false},"excerpt":{"rendered":"El Comit\u00e9 T\u00e9cnico de \u00c1rbitros de la RFEF ha estrenado esta temporada 2025\/2026 un espacio audiovisual llamado &#8216;Tiempo&hellip;\n","protected":false},"author":2,"featured_media":107703,"comment_status":"","ping_status":"","sticky":false,"template":"","format":"standard","meta":{"footnotes":""},"categories":[268],"tags":[37174,37175,168,25,24,280,3087,282,3689,5976,35210,2457,825,1550,199,281,23,167],"class_list":{"0":"post-107702","1":"post","2":"type-post","3":"status-publish","4":"format-standard","5":"has-post-thumbnail","7":"category-futbol","8":"tag-anulado","9":"tag-cta","10":"tag-deportes","11":"tag-es","12":"tag-espana","13":"tag-football","14":"tag-fuertes","15":"tag-futbol","16":"tag-gol","17":"tag-gonzalez","18":"tag-guler","19":"tag-mallorca","20":"tag-martinez","21":"tag-rfef","22":"tag-sanchez","23":"tag-soccer","24":"tag-spain","25":"tag-sports"},"share_on_mastodon":{"url":"","error":""},"_links":{"self":[{"href":"https:\/\/www.europesays.com\/es\/wp-json\/wp\/v2\/posts\/107702","targetHints":{"allow":["GET"]}}],"collection":[{"href":"https:\/\/www.europesays.com\/es\/wp-json\/wp\/v2\/posts"}],"about":[{"href":"https:\/\/www.europesays.com\/es\/wp-json\/wp\/v2\/types\/post"}],"author":[{"embeddable":true,"href":"https:\/\/www.europesays.com\/es\/wp-json\/wp\/v2\/users\/2"}],"replies":[{"embeddable":true,"href":"https:\/\/www.europesays.com\/es\/wp-json\/wp\/v2\/comments?post=107702"}],"version-history":[{"count":0,"href":"https:\/\/www.europesays.com\/es\/wp-json\/wp\/v2\/posts\/107702\/revisions"}],"wp:featuredmedia":[{"embeddable":true,"href":"https:\/\/www.europesays.com\/es\/wp-json\/wp\/v2\/media\/107703"}],"wp:attachment":[{"href":"https:\/\/www.europesays.com\/es\/wp-json\/wp\/v2\/media?parent=107702"}],"wp:term":[{"taxonomy":"category","embeddable":true,"href":"https:\/\/www.europesays.com\/es\/wp-json\/wp\/v2\/categories?post=107702"},{"taxonomy":"post_tag","embeddable":true,"href":"https:\/\/www.europesays.com\/es\/wp-json\/wp\/v2\/tags?post=107702"}],"curies":[{"name":"wp","href":"https:\/\/api.w.org\/{rel}","templated":true}]}}