{"id":107722,"date":"2025-09-11T12:19:09","date_gmt":"2025-09-11T12:19:09","guid":{"rendered":"https:\/\/www.europesays.com\/es\/107722\/"},"modified":"2025-09-11T12:19:09","modified_gmt":"2025-09-11T12:19:09","slug":"el-puesto-de-la-persona-mas-rica-del-mundo-de-musk-amenazado-por-ellison-de-oracle","status":"publish","type":"post","link":"https:\/\/www.europesays.com\/es\/107722\/","title":{"rendered":"El puesto de la persona m\u00e1s rica del mundo de Musk, amenazado por Ellison, de Oracle"},"content":{"rendered":"<p>    <img src=\"https:\/\/www.europesays.com\/es\/wp-content\/uploads\/2025\/09\/2025-09-11T113A023A23Z-89988145.jpg\" width=\"1024\" height=\"711\" alt=\"\" loading=\"eager\" decoding=\"sync\" fetchpriority=\"high\"\/><\/p>\n<p>            afp_tickers        <\/p>\n<p>        Este contenido fue publicado en    <\/p>\n<p>        11 septiembre 2025 &#8211; 13:02\n<\/p>\n<p>El multimillonario Elon Musk podr\u00eda dejar de ser la personas m\u00e1s rica del mundo, superado por el cofundador de Oracle, Larry Ellison, cuyo gigante del software apunta a masivas ganancias en inteligencia artificial.<\/p>\n<p>Ellison, de 81 a\u00f1os, gan\u00f3 alrededor de 100.000 millones de d\u00f3lares el mi\u00e9rcoles cuando las acciones de Oracle se dispararon luego de fuertes ganancias de su empresa en el campo de la inteligencia artificial.<\/p>\n<p>Ese aumento elev\u00f3 la fortuna total de Ellison a unos 395.000 millones de d\u00f3lares, en comparaci\u00f3n con los aproximadamente 440.000 millones de Musk, seg\u00fan el \u00edndice en tiempo real de multimillonarios de Forbes.<\/p>\n<p>Un \u00edndice de riqueza de Bloomberg situ\u00f3 la fortuna de Ellison ligeramente por delante de la de Musk, designando al jefe de Oracle como el n\u00famero uno en este momento.<\/p>\n<p>La diferencia en los c\u00e1lculos se relaciona con c\u00f3mo se estiman algunas de sus enormes participaciones.<\/p>\n<p>Ellison y Musk son amigos cercanos, y el jefe de Oracle a menudo ha acudido en ayuda de Musk durante per\u00edodos desafiantes en la carrera del magnate de Tesla.<\/p>\n<p>Invirti\u00f3 m\u00e1s de 1.000 millones de d\u00f3lares en la compra de Twitter por parte de Musk y form\u00f3 parte de la junta directiva de Tesla durante muchos a\u00f1os.<\/p>\n<p>La participaci\u00f3n m\u00e1s f\u00e1cilmente estimada de Musk es Tesla, cuyas acciones han ca\u00eddo en 2025 en medio de ventas estancadas atribuidas en parte a la asociaci\u00f3n de Musk con figuras pol\u00edticas de extrema derecha.<\/p>\n<p>A principios de este mes, Tesla dio a conocer una propuesta de compensaci\u00f3n para Musk que podr\u00eda superar el bill\u00f3n de d\u00f3lares para 2035 si la compa\u00f1\u00eda alcanza objetivos ambiciosos.<\/p>\n<p>Los accionistas votar\u00e1n sobre el plan en noviembre.<\/p>\n<p>Ellison, un partidario desde hace mucho tiempo del presidente Donald Trump, posee m\u00e1s del 40% del capital de Oracle, seg\u00fan S&amp;P Capital IQ.<\/p>\n<p>La CEO de Oracle, Safra Catz, calific\u00f3 el trimestre reci\u00e9n terminado como \u00abasombroso\u00bb mientras la empresa firm\u00f3 \u00abcuatro contratos de miles de millones de d\u00f3lares con tres diferentes clientes\u00bb.<\/p>\n<p>Oracle proyect\u00f3 que los ingresos de su negocio en la nube crecer\u00edan un 77 por ciento en el a\u00f1o fiscal actual a 18.000 millones de d\u00f3lares.<\/p>\n<p>jmb\/arp\/mr\/mel<\/p>\n","protected":false},"excerpt":{"rendered":"afp_tickers Este contenido fue publicado en 11 septiembre 2025 &#8211; 13:02 El multimillonario Elon Musk podr\u00eda dejar de&hellip;\n","protected":false},"author":2,"featured_media":107723,"comment_status":"","ping_status":"","sticky":false,"template":"","format":"standard","meta":{"footnotes":""},"categories":[80],"tags":[82,5796,95,94,25,24,20146,23,90],"class_list":{"0":"post-107722","1":"post","2":"type-post","3":"status-publish","4":"format-standard","5":"has-post-thumbnail","7":"category-economia","8":"tag-business","9":"tag-computing-and-information-technology","10":"tag-economia","11":"tag-economy","12":"tag-es","13":"tag-espana","14":"tag-market-and-exchange","15":"tag-spain","16":"tag-ticker"},"share_on_mastodon":{"url":"","error":""},"_links":{"self":[{"href":"https:\/\/www.europesays.com\/es\/wp-json\/wp\/v2\/posts\/107722","targetHints":{"allow":["GET"]}}],"collection":[{"href":"https:\/\/www.europesays.com\/es\/wp-json\/wp\/v2\/posts"}],"about":[{"href":"https:\/\/www.europesays.com\/es\/wp-json\/wp\/v2\/types\/post"}],"author":[{"embeddable":true,"href":"https:\/\/www.europesays.com\/es\/wp-json\/wp\/v2\/users\/2"}],"replies":[{"embeddable":true,"href":"https:\/\/www.europesays.com\/es\/wp-json\/wp\/v2\/comments?post=107722"}],"version-history":[{"count":0,"href":"https:\/\/www.europesays.com\/es\/wp-json\/wp\/v2\/posts\/107722\/revisions"}],"wp:featuredmedia":[{"embeddable":true,"href":"https:\/\/www.europesays.com\/es\/wp-json\/wp\/v2\/media\/107723"}],"wp:attachment":[{"href":"https:\/\/www.europesays.com\/es\/wp-json\/wp\/v2\/media?parent=107722"}],"wp:term":[{"taxonomy":"category","embeddable":true,"href":"https:\/\/www.europesays.com\/es\/wp-json\/wp\/v2\/categories?post=107722"},{"taxonomy":"post_tag","embeddable":true,"href":"https:\/\/www.europesays.com\/es\/wp-json\/wp\/v2\/tags?post=107722"}],"curies":[{"name":"wp","href":"https:\/\/api.w.org\/{rel}","templated":true}]}}