{"id":107746,"date":"2025-09-11T12:33:06","date_gmt":"2025-09-11T12:33:06","guid":{"rendered":"https:\/\/www.europesays.com\/es\/107746\/"},"modified":"2025-09-11T12:33:06","modified_gmt":"2025-09-11T12:33:06","slug":"jesus-mari-lazkano-regresa-a-la-mer-de-glace","status":"publish","type":"post","link":"https:\/\/www.europesays.com\/es\/107746\/","title":{"rendered":"Jesus Mari Lazkano regresa a la &#8216;Mer de Glace&#8217;"},"content":{"rendered":"<p class=\"v-mdl-ath__p v-mdl-ath__p--6\">\nJueves, 11 de septiembre 2025, 02:00<\/p>\n<p class=\"v-p\">La historia de &#8216;Natura Fugit&#8217;, el cortometraje que el pintor Jesus Mari Lazkano y la productora Dibulitoon presentan en la secci\u00f3n Zinemira del Zinemaldia, surge de manera casual \u00abcomo la mayor\u00eda de los proyectos art\u00edsticos tan emocionantes y donde tan importante es todo el proceso como la obra concluida\u00bb, afirma su creador. En 2021 pint\u00f3 &#8216;After Friedrich After Carus&#8217;, una versi\u00f3n de un cuadro de Caspar David Friedrich, un pintor que siempre ha sido una referencia inevitable en su trabajo, \u00abcon esa visi\u00f3n &#8216;exagerada&#8217; y casi sublime\u00bb. El bergararra hab\u00eda visto en muchas ocasiones representaciones de no muy buena calidad de ese cuadro del famoso artista alem\u00e1n del siglo XIX, &#8216;Mer de Glace&#8217; (1824) y uno de los puntales del Romanticismo. Se trataba de un paisaje que recreaba una de las zonas de los Alpes cercana a Chamonix. Lazkano, tras su expedici\u00f3n al \u00c1rtico que le hab\u00eda llevado a trabajar en el \u00e1mbito del hielo y el glaciar, estaba regresando a la representaci\u00f3n de las monta\u00f1as. <\/p>\n<p class=\"v-p\">Se propuso acercarse a la obra con una investigaci\u00f3n en la que, para su sorpresa, encontr\u00f3 numerosos cuadros en color, copias del original. \u00abHab\u00eda mucho misterio alrededor de esta obra\u00bb, explica Lazkano. Fue una de las telas que se encontraban en la National Gallery de Berl\u00edn, retiradas por los nazis para que pasaran a formar parte del Museo del F\u00fchrer que Hitler quer\u00eda levantar en Linz (Austria). Esta, como muchas otras obras, ante el miedo a la invasi\u00f3n rusa termin\u00f3 guardada en un refugio antia\u00e9reo. Tras la ca\u00edda de Berl\u00edn se restituyeron bastantes piezas, pero antes entre saqueos y un incendio desaparecieron unas 400 piezas entre las que se encontraba el cuadro protagonista de esta historia. Solo quedaron las fotograf\u00edas del cat\u00e1logo del museo berlin\u00e9s y la copia realizada al poco de que Friedrich terminara el suyo, pero de la que no se tiene clara su autor\u00eda, aunque inicialmente se atribuy\u00f3 a Carl Gustav Carus.<\/p>\n<p><img decoding=\"async\" loading=\"lazy\" src=\"https:\/\/www.europesays.com\/es\/wp-content\/uploads\/2025\/09\/Imagen Natura Fugit 1-kyuE-U2302886657178VXB-650x455@Diario Vasco-DiarioVasco.jpg\" class=\"v-a-img\" width=\"650\" height=\"455\" alt=\"Uno de los miles de dibujos que el pintor realiz\u00f3 para el cortometraje.\" data-voc-vtm-id=\"in-text-traffic\"\/><\/p>\n<p>Uno de los miles de dibujos que el pintor realiz\u00f3 para el cortometraje.<\/p>\n<p><img loading=\"lazy\" decoding=\"async\" src=\"https:\/\/www.europesays.com\/es\/wp-content\/uploads\/2025\/09\/Imagen Natura Fugit 1-kyuE-U2302886657178xTC-1920x1344@Diario Vasco-DiarioVasco.jpg\" class=\"v-mdl__img-z\" width=\"1920\" height=\"1344\" alt=\"\"\/><\/p>\n<p class=\"v-p\">Lazkano pint\u00f3 un cuadro con su propia interpretaci\u00f3n, que estuvo expuesto en la \u00faltima muestra que realiz\u00f3 en la desaparecida galer\u00eda Altxerri y que ahora pertenece a la colecci\u00f3n del Museo San Telmo. Realiz\u00f3 diferentes versiones, mientras segu\u00eda investigando y recopilando fotograf\u00edas, pel\u00edculas antiguas, im\u00e1genes de copias de la obra y otras sobre c\u00f3mo estaba el glaciar alpino en la \u00e9poca en que lo recre\u00f3 Friedrich. \u00abEs un lugar por donde pasaron numerosas personas vinculadas con la cultura europea del siglo XIX como los William Turner o John Ruskin, el arquitecto Eug\u00e8ne Viollet-le-Duc, una escena de Frankestein transcurre ah\u00ed, un poco m\u00e1s tarde fueron los hermanos Lumi\u00e8re&#8230;\u00bb. <\/p>\n<p>\u00abLa situaci\u00f3n es dram\u00e1tica\u00bb<\/p>\n<p class=\"v-p\">Lazkano, en su \u00e9poca de monta\u00f1ero, tambi\u00e9n lo hab\u00eda recorrido y decidi\u00f3 volver para trabajar in situ. \u00abFue un shock\u00bb, relata el artista, \u00abporque la desaparici\u00f3n del glacial es dram\u00e1tica\u00bb. Esas sensaciones le llevaron a reafirmarse en que quer\u00eda hacer algo sobre la &#8216;Mer de Glace&#8217; \u00abdonde la idea del tiempo fuera central y que hubiera movimiento, un proyecto f\u00edlmico\u00bb. Antes ya hab\u00eda entrado en ese terreno con &#8216;\u00c1rtico&#8217; (2019), cortometraje en el que ya reflexionaba sobre el cambio clim\u00e1tico que hace retroceder los glaciares del Polo Norte. \u00abPero esta vez quer\u00eda hacerlo de otra manera, y siendo yo pintor entend\u00ed que la mejor forma era dibujando\u00bb.<\/p>\n<p class=\"v-p\">Para ello se ali\u00f3 con la productora donostiarra Dibulitoon especializada en animaci\u00f3n, con Jone Landaluce como productora ejecutiva y Ricardo Ram\u00f3n como productor, para sacar adelante &#8216;Natura Fugit&#8217;. Tambi\u00e9n ha contado con la colaboraci\u00f3n del Museo de la Universidad de Navarra, donde encontr\u00f3 una de las fotograf\u00edas claves para el proyecto y donde habr\u00e1 una exposici\u00f3n con todo el proceso que ha tenido una p\u00e1tina artesanal. Lazkano ha pintado unos 3.000 dibujos en su estudio de Urdaibai. \u00abMuchas de esas miles de im\u00e1genes han desaparecido porque durante cuatro a\u00f1os he ido pintando sobre ellas seg\u00fan la evoluci\u00f3n que yo imaginaba para ese lugar. En total han quedado unos 120, algunos con m\u00e1s 3 metros de ancho\u00bb.<\/p>\n<p class=\"v-p\">\u00ab&#8217;Natura Fugit&#8217; examina c\u00f3mo un paisaje se transforma con el tiempo, un ritmo geol\u00f3gico inalcanzable desde nuestra perspectiva actual, mostr\u00e1ndonos su degradaci\u00f3n progresiva. Somos participantes activos, y nuestro comportamiento acelera los cambios evidentes. Muestra la progresiva humanizaci\u00f3n de las monta\u00f1as y, al mismo tiempo, es un reflejo indiscutible del cambio clim\u00e1tico, que ya avanza con rapidez\u00bb.<\/p>\n<p>Comenta<\/p>\n<p>Reporta un error<\/p>\n<p class=\"v-crt__t\"> L\u00edmite de sesiones alcanzadas<\/p>\n<p class=\"v-crt__p\">El acceso al contenido Premium est\u00e1 abierto por cortes\u00eda del establecimiento donde te encuentras, pero ahora mismo hay demasiados usuarios conectados a las vez.<\/p>\n<p class=\"v-crt__p\">Por favor, int\u00e9ntalo pasados unos minutos.<\/p>\n<p>\nVolver a intentar\n<\/p>\n<p class=\"v-crt__t\">Sesi\u00f3n cerrada<\/p>\n<p class=\"v-crt__p\">Al iniciar sesi\u00f3n desde un dispositivo distinto, por seguridad, se cerr\u00f3 la \u00faltima sesi\u00f3n en este.<\/p>\n<p class=\"v-crt__p\">Para continuar disfrutando de su suscripci\u00f3n digital, inicie sesi\u00f3n en este dispositivo.<\/p>\n<p>\nEste contenido es exclusivo para suscriptores\n<\/p>\n<p class=\"text\">\u00bfTienes una suscripci\u00f3n? <a href=\"https:\/\/secure.diariovasco.com\/identidad\/inicio#vca=suscribete&amp;vso=diariovasco&amp;vmc=on&amp;vli=cdn-ce-link-login\" class=\"login\" data-voc-vtm-id=\"comienzoSuscripcionON\" data-voc-vtm-info=\"cdn-ce-link-login\" rel=\"nofollow noopener\" target=\"_blank\">Inicia sesi\u00f3n<\/a><\/p>\n","protected":false},"excerpt":{"rendered":"Jueves, 11 de septiembre 2025, 02:00 La historia de &#8216;Natura Fugit&#8217;, el cortometraje que el pintor Jesus Mari&hellip;\n","protected":false},"author":2,"featured_media":107747,"comment_status":"","ping_status":"","sticky":false,"template":"","format":"standard","meta":{"footnotes":""},"categories":[173],"tags":[229,233,231,230,232,234,146,147,25,24,37191,37189,37190,2902,23],"class_list":{"0":"post-107746","1":"post","2":"type-post","3":"status-publish","4":"format-standard","5":"has-post-thumbnail","7":"category-arte-y-diseno","8":"tag-arte","9":"tag-arte-y-diseno","10":"tag-arts","11":"tag-arts-and-design","12":"tag-design","13":"tag-diseno","14":"tag-entertainment","15":"tag-entretenimiento","16":"tag-es","17":"tag-espana","18":"tag-glace","19":"tag-lazkano","20":"tag-mer","21":"tag-regresa","22":"tag-spain"},"share_on_mastodon":{"url":"","error":""},"_links":{"self":[{"href":"https:\/\/www.europesays.com\/es\/wp-json\/wp\/v2\/posts\/107746","targetHints":{"allow":["GET"]}}],"collection":[{"href":"https:\/\/www.europesays.com\/es\/wp-json\/wp\/v2\/posts"}],"about":[{"href":"https:\/\/www.europesays.com\/es\/wp-json\/wp\/v2\/types\/post"}],"author":[{"embeddable":true,"href":"https:\/\/www.europesays.com\/es\/wp-json\/wp\/v2\/users\/2"}],"replies":[{"embeddable":true,"href":"https:\/\/www.europesays.com\/es\/wp-json\/wp\/v2\/comments?post=107746"}],"version-history":[{"count":0,"href":"https:\/\/www.europesays.com\/es\/wp-json\/wp\/v2\/posts\/107746\/revisions"}],"wp:featuredmedia":[{"embeddable":true,"href":"https:\/\/www.europesays.com\/es\/wp-json\/wp\/v2\/media\/107747"}],"wp:attachment":[{"href":"https:\/\/www.europesays.com\/es\/wp-json\/wp\/v2\/media?parent=107746"}],"wp:term":[{"taxonomy":"category","embeddable":true,"href":"https:\/\/www.europesays.com\/es\/wp-json\/wp\/v2\/categories?post=107746"},{"taxonomy":"post_tag","embeddable":true,"href":"https:\/\/www.europesays.com\/es\/wp-json\/wp\/v2\/tags?post=107746"}],"curies":[{"name":"wp","href":"https:\/\/api.w.org\/{rel}","templated":true}]}}