{"id":107805,"date":"2025-09-11T13:06:10","date_gmt":"2025-09-11T13:06:10","guid":{"rendered":"https:\/\/www.europesays.com\/es\/107805\/"},"modified":"2025-09-11T13:06:10","modified_gmt":"2025-09-11T13:06:10","slug":"ultima-hora-del-conflicto-en-oriente-proximo-israel-lanza-una-lluvia-de-bengalas-sobre-ciudad-de-gaza-para-pedir-su-desalojo-internacional","status":"publish","type":"post","link":"https:\/\/www.europesays.com\/es\/107805\/","title":{"rendered":"\u00daltima hora del conflicto en Oriente Pr\u00f3ximo | Israel lanza una lluvia de bengalas sobre Ciudad de Gaza para pedir su desalojo | Internacional"},"content":{"rendered":"<p class=\"ev-title\">Qatar dice que el ataque israel\u00ed contra Doha \u201cacab\u00f3 con cualquier esperanza\u201d para los  rehenes<\/p>\n<p>El primer ministro catar\u00ed, Mohamed bin Abdulrahman, ha asegurado que el ataque de Israel contra Doha \u201cacab\u00f3 con cualquier esperanza\u201d para los 48 rehenes que a\u00fan permanecen en la franja de Gaza y ha afirmado que se siente \u201ctraicionado\u201d por ese ataque contra la soberan\u00eda de su pa\u00eds.<\/p>\n<p>\u201cCreo que lo que hizo el primer ministro israel\u00ed, Benjam\u00edn Netanyahu, fue simplemente acabar con cualquier esperanza para estos rehenes\u201d, ha dicho el tambi\u00e9n jefe de la diplomacia de Qatar, pa\u00eds mediador junto a Egipto y Estados Unidos en las conversaciones para la tregua en Gaza, en una entrevista difundida anoche en la cadena norteamericana CNN.<\/p>\n<p>\u201cNo tengo palabras para expresar nuestra indignaci\u00f3n por este ataque. Es terrorismo de Estado. Nos han traicionado\u201d, ha afirmado y ha agregado que Washington ha expresado su apoyo a Qatar \u201cen numerosas ocasiones\u201d.<\/p>\n<p>El pasado martes, Israel atac\u00f3 un edificio residencial en Doha con la intenci\u00f3n de matar a la delegaci\u00f3n negociadora del grupo islamista Ham\u00e1s que estaba discutiendo la \u00faltima propuesta estadounidense para el acuerdo de alto el fuego \u2014aceptada por Israel\u2014, lo que provoc\u00f3 la muerte de cinco miembros de la formaci\u00f3n palestina \u2014aunque no los negociadores\u2014 y un polic\u00eda catar\u00ed. Abdulrahman ha expresado su convicci\u00f3n de que tras esto, Israel y Ham\u00e1s \u201cse quedar\u00e1n sin oportunidades\u201d para lograr un acuerdo de alto el fuego.<\/p>\n<p>Durante la entrevista, ha dicho que \u201cNetanyahu debe comparecer ante la justicia. Es buscado por el Tribunal Penal Internacional. Viola todas las leyes; de hecho, ha violado todas las leyes internacionales\u201d.<\/p>\n<p>\u201cHe estado reconsiderando, incluso durante todo el proceso durante las \u00faltimas semanas, que Netanyahu simplemente nos estaba haciendo perder el tiempo. No hablaba en serio\u201d, ha zanjado.<\/p>\n<p>En cuanto a la posible respuesta, el responsable ha aseverado que se espera una \u201crespuesta colectiva\u201d de la regi\u00f3n, la cual \u201cse est\u00e1 consultando y debatiendo actualmente con otros socios\u201d. Desde ayer, diferentes responsables de Oriente Pr\u00f3ximo han ido reuni\u00e9ndose con oficiales catar\u00edes para mostrar su solidaridad al pa\u00eds del Golfo, sin conocer m\u00e1s detalles de los encuentros.<\/p>\n<p>Ha explicado que en los pr\u00f3ximos d\u00edas se celebrar\u00e1 una cumbre \u00e1rabe-isl\u00e1mica en Doha, donde los participantes decidir\u00e1n el curso de acci\u00f3n, aunque Qatar no pedir\u00e1 a sus socios regionales que respondan de ninguna manera en particular.<\/p>\n<p>Sobre su papel de mediador en las negociaciones, indic\u00f3 que su pa\u00eds est\u00e1 \u201creevaluando todo\u201d y que est\u00e1n en \u201cdiscusiones muy detalladas\u201d con el Gobierno de Estados Unidos sobre c\u00f3mo avanzar. (Efe)<\/p>\n","protected":false},"excerpt":{"rendered":"Qatar dice que el ataque israel\u00ed contra Doha \u201cacab\u00f3 con cualquier esperanza\u201d para los rehenes El primer ministro&hellip;\n","protected":false},"author":2,"featured_media":107806,"comment_status":"","ping_status":"","sticky":false,"template":"","format":"standard","meta":{"footnotes":""},"categories":[42],"tags":[17,18,68,70,71,72,13,14,73,69,75,11,61,62,63,64,74,19,20,9,10,15,16,77,76,12,21,22,65,66,67],"class_list":{"0":"post-107805","1":"post","2":"type-post","3":"status-publish","4":"format-standard","5":"has-post-thumbnail","7":"category-internacional","8":"tag-breaking-news","9":"tag-breakingnews","10":"tag-conflicto-arabe-israeli","11":"tag-conflictos","12":"tag-conflictos-armados","13":"tag-conflictos-internacionales","14":"tag-featured-news","15":"tag-featurednews","16":"tag-franja-gaza","17":"tag-guerra","18":"tag-hamas","19":"tag-headlines","20":"tag-internacional","21":"tag-international","22":"tag-international-news","23":"tag-internationalnews","24":"tag-israel","25":"tag-latest-news","26":"tag-latestnews","27":"tag-news","28":"tag-noticias","29":"tag-noticias-destacadas","30":"tag-noticiasdestacadas","31":"tag-oriente-proximo","32":"tag-palestina","33":"tag-titulares","34":"tag-ultimas-noticias","35":"tag-ultimasnoticias","36":"tag-world","37":"tag-world-news","38":"tag-worldnews"},"share_on_mastodon":{"url":"","error":""},"_links":{"self":[{"href":"https:\/\/www.europesays.com\/es\/wp-json\/wp\/v2\/posts\/107805","targetHints":{"allow":["GET"]}}],"collection":[{"href":"https:\/\/www.europesays.com\/es\/wp-json\/wp\/v2\/posts"}],"about":[{"href":"https:\/\/www.europesays.com\/es\/wp-json\/wp\/v2\/types\/post"}],"author":[{"embeddable":true,"href":"https:\/\/www.europesays.com\/es\/wp-json\/wp\/v2\/users\/2"}],"replies":[{"embeddable":true,"href":"https:\/\/www.europesays.com\/es\/wp-json\/wp\/v2\/comments?post=107805"}],"version-history":[{"count":0,"href":"https:\/\/www.europesays.com\/es\/wp-json\/wp\/v2\/posts\/107805\/revisions"}],"wp:featuredmedia":[{"embeddable":true,"href":"https:\/\/www.europesays.com\/es\/wp-json\/wp\/v2\/media\/107806"}],"wp:attachment":[{"href":"https:\/\/www.europesays.com\/es\/wp-json\/wp\/v2\/media?parent=107805"}],"wp:term":[{"taxonomy":"category","embeddable":true,"href":"https:\/\/www.europesays.com\/es\/wp-json\/wp\/v2\/categories?post=107805"},{"taxonomy":"post_tag","embeddable":true,"href":"https:\/\/www.europesays.com\/es\/wp-json\/wp\/v2\/tags?post=107805"}],"curies":[{"name":"wp","href":"https:\/\/api.w.org\/{rel}","templated":true}]}}