{"id":107813,"date":"2025-09-11T13:10:14","date_gmt":"2025-09-11T13:10:14","guid":{"rendered":"https:\/\/www.europesays.com\/es\/107813\/"},"modified":"2025-09-11T13:10:14","modified_gmt":"2025-09-11T13:10:14","slug":"marilo-montero-cree-que-al-toro-no-se-le-maltrata-en-la-plaza-y-la-divulgadora-rocio-vidal-responde-de-una-forma-que-hay-que-ver","status":"publish","type":"post","link":"https:\/\/www.europesays.com\/es\/107813\/","title":{"rendered":"Maril\u00f3 Montero cree que al toro no se le maltrata en la plaza y la divulgadora Roc\u00edo Vidal responde de una forma que hay que ver"},"content":{"rendered":"<p><a href=\"https:\/\/www.huffingtonpost.es\/news\/rocio-vidal\" rel=\"nofollow noopener\" target=\"_blank\">La divulgadora cient\u00edfica Roc\u00edo Vidal<\/a> ha respondido con toda contundencia e indignaci\u00f3n a la periodista Maril\u00f3 Montero por <b>unas palabras que \u00e9sta pronunci\u00f3 sobre la tauromaquia<\/b> en La Revuelta, <a href=\"https:\/\/www.huffingtonpost.es\/virales\/marilo-montero-le-dice-broncano-decir-respuesta-esculpirla-piedra.html\" rel=\"nofollow noopener\" target=\"_blank\">el programa que David Broncano presenta en TVE.<\/a><\/p>\n<p>\u00abNo se le maltrata. Desde luego no es la intenci\u00f3n, pero <b>no es maltrato, es arte<\/b>. Es una tradici\u00f3n muy bonita. Adem\u00e1s, el toro si no hubiera tauromaquia se morir\u00eda, estar\u00eda en la extinci\u00f3n\u00bb, afirm\u00f3 Montero.<\/p>\n<p>En un v\u00eddeo publicado en sus redes sociales, Vidal ha sido clara:<b> \u00abYo estaba dando volteretas por el sof\u00e1,<\/b> no me pod\u00eda creer que otra vez los mismos argumentos saliera, y esta vez en la televisi\u00f3n espa\u00f1ola. Por cierto, esta gente s\u00f3lo alza la voz para defender esa Espa\u00f1a castiza y rancia que supuestamente tiene que estar en la tele p\u00fablica y no alza la voz para por ejemplo denunciar que han cancelado los dos programas de divulgaci\u00f3n cient\u00edfica que hab\u00eda, que eso s\u00ed es verdaderamente indignante\u00bb.<\/p>\n<p>\u00abAs\u00ed que los voy a desmontar de forma muy sencilla en un minuto. Si las corridas se acabaran, la especie del toro de lidia desparecer\u00eda:<b> eso no tiene sentido cient\u00edfico <\/b>puesto que la especie es el bos taurus, no es ninguna especie distinta el toro de lidia. Las razas pueden ser variedades creadas artificialmente por el ser humano con objetivos concretos, en este caso ser torturados finalmente en una plaza como final de su vida\u00bb, asegura la divulgadora<\/p>\n<p><b>\u00abLa sociedad avanza y en este caso tambi\u00e9n podr\u00eda avanzar<\/b>: las dehesas se pueden convertir en conservaci\u00f3n de especies. Al final todo depende de las decisiones humanas y de lo que queramos hacer con ella. Pero que una supuesta especie, que no es especie, se mantenga por una tradici\u00f3n arcaica que implica el sufrimiento profundo de una animal, tampoco tendr\u00eda sentido\u00bb, afirma.<\/p>\n<p>Luego, Vidal aborda la afirmaci\u00f3n de que \u00abel toro no sufre, no es maltrato\u00bb: <b>\u00abSe ha demostrado cient\u00edficamente que el 93% de toros que pasan por la plaza presenta acidosis metab\u00f3lica, <\/b>compatible con el sufrimiento m\u00e1s profundo. El 60% tienen el cr\u00e1neo fracturado, 20% lesiones oculares y una gran retah\u00edla de torturas de distinto tipo\u00bb.<\/p>\n<p>\u00abLa \u00fanica explicaci\u00f3n que se me ocurre a negar la evidencia mayor es que <b>no pueden reconocer que disfrutan p\u00fablicamente del maltrato p\u00fablico de un animal <\/b>porque eso les situar\u00eda en una categor\u00eda de personas muy cuestionables\u00bb, asegura la divulgadora.<\/p>\n","protected":false},"excerpt":{"rendered":"La divulgadora cient\u00edfica Roc\u00edo Vidal ha respondido con toda contundencia e indignaci\u00f3n a la periodista Maril\u00f3 Montero por&hellip;\n","protected":false},"author":2,"featured_media":107814,"comment_status":"","ping_status":"","sticky":false,"template":"","format":"standard","meta":{"footnotes":""},"categories":[277],"tags":[373,168,25,24,29956,7974,1389,23,167,374,444],"class_list":{"0":"post-107813","1":"post","2":"type-post","3":"status-publish","4":"format-standard","5":"has-post-thumbnail","7":"category-toreo","8":"tag-bullfighting","9":"tag-deportes","10":"tag-es","11":"tag-espana","12":"tag-la-revuelta","13":"tag-marilo-montero","14":"tag-plaza-de-toros","15":"tag-spain","16":"tag-sports","17":"tag-toreo","18":"tag-toros"},"share_on_mastodon":{"url":"","error":""},"_links":{"self":[{"href":"https:\/\/www.europesays.com\/es\/wp-json\/wp\/v2\/posts\/107813","targetHints":{"allow":["GET"]}}],"collection":[{"href":"https:\/\/www.europesays.com\/es\/wp-json\/wp\/v2\/posts"}],"about":[{"href":"https:\/\/www.europesays.com\/es\/wp-json\/wp\/v2\/types\/post"}],"author":[{"embeddable":true,"href":"https:\/\/www.europesays.com\/es\/wp-json\/wp\/v2\/users\/2"}],"replies":[{"embeddable":true,"href":"https:\/\/www.europesays.com\/es\/wp-json\/wp\/v2\/comments?post=107813"}],"version-history":[{"count":0,"href":"https:\/\/www.europesays.com\/es\/wp-json\/wp\/v2\/posts\/107813\/revisions"}],"wp:featuredmedia":[{"embeddable":true,"href":"https:\/\/www.europesays.com\/es\/wp-json\/wp\/v2\/media\/107814"}],"wp:attachment":[{"href":"https:\/\/www.europesays.com\/es\/wp-json\/wp\/v2\/media?parent=107813"}],"wp:term":[{"taxonomy":"category","embeddable":true,"href":"https:\/\/www.europesays.com\/es\/wp-json\/wp\/v2\/categories?post=107813"},{"taxonomy":"post_tag","embeddable":true,"href":"https:\/\/www.europesays.com\/es\/wp-json\/wp\/v2\/tags?post=107813"}],"curies":[{"name":"wp","href":"https:\/\/api.w.org\/{rel}","templated":true}]}}