{"id":107815,"date":"2025-09-11T13:11:20","date_gmt":"2025-09-11T13:11:20","guid":{"rendered":"https:\/\/www.europesays.com\/es\/107815\/"},"modified":"2025-09-11T13:11:20","modified_gmt":"2025-09-11T13:11:20","slug":"en-la-jaula-me-juego-mi-ser-en-la-politica-los-impuestos-de-todos","status":"publish","type":"post","link":"https:\/\/www.europesays.com\/es\/107815\/","title":{"rendered":"En la jaula me juego mi ser; en la pol\u00edtica, los impuestos de todos"},"content":{"rendered":"<p class=\"paragraph\" id=\"paragraph_1\">Durante d\u00e9cadas, han sido muchos los c\u00f3mics y pel\u00edculas que han retratado a los superh\u00e9roes como individuos que viven ocultando sus identidades superpoderosas al resto de la sociedad. Hoy en d\u00eda, en la vida real, ocurre lo mismo con los peleadores.<\/p>\n<p class=\"paragraph\" id=\"paragraph_2\">Es el caso de <strong>Darwin Rodr\u00edguez<\/strong> (Santa Cruz, 1992), a la luz del d\u00eda es consejero palmero \u2014lleva el 60% del presupuesto del cabildo de la &#8216;Isla Bonita&#8217;, ni m\u00e1s ni menos\u2014 y en la &#8216;sombra&#8217; se trata de uno de los peleadores m\u00e1s destacados de <a href=\"https:\/\/www.elespanol.com\/temas\/mma\/?utm_cmp_rs=linksinline\" rel=\"nofollow noopener\" target=\"_blank\">las <strong>MMA<\/strong> espa\u00f1olas<\/a>.<\/p>\n<p class=\"paragraph\" id=\"paragraph_3\">Dentro de \u00e9l conviven dos personalidades: una de corbata y otra con las guantillas. Tan diferentes, pero al mismo tiempo complementarias. Una dualidad que rompe todos los estigmas posibles y abraza una tendencia: el crecimiento imparable de las MMA.<\/p>\n<p><img loading=\"lazy\" decoding=\"async\" alt=\"El padre de Hecher Sosa celebra con el cintur\u00f3n de campe\u00f3n de su hijo en WOW 20\" height=\"180\" src=\"https:\/\/www.europesays.com\/es\/wp-content\/uploads\/2025\/09\/1003743794628_256278558_320x180.jpg\" width=\"320\" data-lazy-status=\"processed\" data-lazy-info=\"remove loading item 1\"\/><\/p>\n<p class=\"paragraph\" id=\"paragraph_4\">A Darwin se le avecina este s\u00e1bado 13 de septiembre una cita muy especial. Protagonizar\u00e1 la pelea principal del evento <strong>WOW 22<\/strong>, que se celebra en el <strong>Madrid Arena,<\/strong> para proclamar al primer campe\u00f3n semipesado de la empresa l\u00edder de las MMA espa\u00f1olas, de la cual es accionista <strong>Ilia Topuria.<\/strong><\/p>\n<p class=\"paragraph\" id=\"paragraph_5\">Ser\u00e1 contra una leyenda, el valenciano <strong>Enoc Solves,<\/strong> de 41 a\u00f1os. Sobre la pelea, un futuro m\u00e1s que probable en la <strong>UFC<\/strong> y su vida repartida entre el deporte y la pol\u00edtica, habla Darwin Rodr\u00edguez en una entrevista con <strong>EL ESPA\u00d1OL.<\/strong><\/p>\n<p><img decoding=\"async\" alt=\"Darwin Rodr\u00edguez, durante un entrenamiento\" data-imgm=\"true\" height=\"180\" loading=\"lazy\"  src=\"https:\/\/www.europesays.com\/es\/wp-content\/uploads\/2025\/09\/1003743916950_258550757_1024x576.jpg\"  width=\"320\"\/><\/p>\n<p>                                                            Darwin Rodr\u00edguez, durante un entrenamiento<\/p>\n<p>                    Imagen cedida<\/p>\n<p class=\"paragraph\" id=\"paragraph_7\"><strong>P.- Faltan apenas unos d\u00edas para la gran pelea contra Enoc Solves en WOW 22. Darwin, \u00bfc\u00f3mo se encuentra? \u00bfC\u00f3mo ha ido el campamento?<\/strong><\/p>\n<p class=\"paragraph\" id=\"paragraph_8\">R.- El campamento ha ido desarroll\u00e1ndose en una t\u00f3nica normal, sin ning\u00fan tipo de incidente o lesi\u00f3n. Todo va en la l\u00ednea: el recorte de peso tambi\u00e9n, lo suelo solventar bien. Nunca he fallado un peso y ahora tampoco lo har\u00e9.<\/p>\n<p class=\"paragraph\" id=\"paragraph_9\">Si acaso, mucho estr\u00e9s. El calor, el verano&#8230; En eso ha sido una preparaci\u00f3n un poco diferente porque te agobias con esos calores y tanto entreno y corre-corre. Tambi\u00e9n mucho estr\u00e9s en lo laboral, pero bien, solventando bien la preparaci\u00f3n.<\/p>\n<p class=\"paragraph\" id=\"paragraph_10\"><strong>P.- Es una de las peleas m\u00e1s esperadas de las MMA espa\u00f1olas. Pr\u00e1cticamente, desde hace tres a\u00f1os. \u00bfQu\u00e9 pas\u00f3 realmente con Enoc?<\/strong><\/p>\n<p class=\"paragraph\" id=\"paragraph_11\">R.- Hace unos a\u00f1os intentaron realizar este combate. Yo estaba en una muy buena racha y vieron oportuno que nos pudi\u00e9ramos pegar. \u00bfQu\u00e9 pasa? Finalmente no sucedi\u00f3 y se gener\u00f3 pues lo t\u00edpico en redes: comentarios de la gente, que si este no se quiere pegar, si es el otro&#8230; <\/p>\n<p class=\"paragraph\" id=\"paragraph_12\">El tiempo siempre da la raz\u00f3n y aqu\u00ed estaremos en el WOW Madrid, Enoc y yo, sin ning\u00fan tipo de problema compitiendo. La plataforma WOW ha puesto lo que hace falta para que estemos all\u00ed y brindaremos el combate que desde ese entonces el aficionado al deporte quiere ver aqu\u00ed en Espa\u00f1a.<\/p>\n<p class=\"paragraph\" id=\"paragraph_13\"><strong>P.- Es decir, el ruido se cre\u00f3 m\u00e1s por parte de los aficionados y gente externa&#8230;<\/strong><\/p>\n<p class=\"paragraph\" id=\"paragraph_14\">R.- Personalmente no hay nada. Valoro mucho la carrera de Enoc y nos llevamos bien como personas. No nos conocemos y no es que seamos cercanas, pero s\u00ed que somos conocidos y compa\u00f1eros de profesi\u00f3n. Vamos a competir para ver qui\u00e9n es mejor y qui\u00e9n se lleva la victoria en el Madrid Arena.<\/p>\n<p class=\"paragraph\" id=\"paragraph_15\"><strong>P.- El escenario de ahora no podr\u00eda ser mejor. En Madrid, ante miles de personas y para definir al primer campe\u00f3n semipesado de WOW.<\/strong><\/p>\n<p class=\"paragraph\" id=\"paragraph_16\">R.- Es super atractivo para m\u00ed. Ser el primer campe\u00f3n semipesado de WOW y disipar cualquier tipo de duda de qui\u00e9n es el mejor light heavyweight te posiciona.<\/p>\n<p class=\"paragraph\" id=\"paragraph_17\">Todos tenemos el objetivo de llegar al punto m\u00e1s alto e intentamos conseguirlo de la forma que sea. Estamos en esa parrilla de salida de conseguir esta victoria. Para m\u00ed es un orgullo poder ser el main event y disputar este combate.<\/p>\n<p class=\"paragraph\" id=\"paragraph_18\"><strong>P.- \u00bfC\u00f3mo cree que puede desarrollarse la pelea?<\/strong><\/p>\n<p class=\"paragraph\" id=\"paragraph_19\">R.- Los combates pueden suceder de muchas formas. Nosotros tenemos nuestro plan, pero tambi\u00e9n hay que estar preparado para todas las situaciones. Siempre puede darse otra situaci\u00f3n, gestionarse de otra forma y al final tienes que estar preparado en todos los apartados.<\/p>\n<p class=\"paragraph\" id=\"paragraph_20\"> Esto es MMA. Estamos preparados para todo, tenemos nuestro plan, pero en caso de que no salga al pie de la letra, pues actuaremos y resolveremos lo que tengamos que resolver.<\/p>\n<p><img decoding=\"async\" alt=\"Darwin Rodr\u00edguez, durante uno de sus combates de MMA\" height=\"1706\" loading=\"lazy\" width=\"1706\" data-lazy-status=\"processed\" id=\"fc8e756617\" src=\"https:\/\/www.elespanol.com\/deportes\/otros-deportes\/20250910\/darwin-rodriguez-consejero-canarias-puertas-ufc-jaula-juego-politica-impuestos\/[\" https:=\"\" data-lazy-info=\"changed src\"\/><\/p>\n<p>                                                            Darwin Rodr\u00edguez, durante uno de sus combates de MMA<\/p>\n<p>                    Imagen cedida<\/p>\n<p class=\"paragraph\" id=\"paragraph_21\"><strong>P.- Es una pelea que, seg\u00fan el resultado, podr\u00eda marcar su carrera. \u00bfLo sientes as\u00ed?<\/strong><\/p>\n<p class=\"paragraph\" id=\"paragraph_22\">R.- S\u00ed, s\u00ed. Totalmente. Marcar\u00e1 un antes y un despu\u00e9s porque yo creo que esta victoria nos posicionar\u00e1 donde queremos estar y har\u00e1 que podamos seguir desarrollando la carrera en esos t\u00e9rminos. Al final, soy joven, tengo 32 a\u00f1os, y podemos hacer una carrera competente en UFC.<\/p>\n<p class=\"paragraph\" id=\"paragraph_23\"><strong>P.- Cont\u00f3 en una charla con el periodista \u00c1lvaro Colmenero que rechaz\u00f3 el Contender Series de Dana White al haber firmado ya con WOW. \u00bfLe hab\u00edan tanteado antes? \u00bfPor qu\u00e9 prefiri\u00f3 seguir adelante con esta oportunidad en WOW?<\/strong><\/p>\n<p class=\"paragraph\" id=\"paragraph_24\">R.- Antes de la derrota en febrero de 2024 ya est\u00e1bamos en conversaciones con la UFC. Tuvimos ese inconveniente. Esa derrota, esa mala planificaci\u00f3n, esa toma de acciones, y despu\u00e9s de eso llevo cinco victorias seguidas, lo que ha suscitado de nuevo pues el inter\u00e9s por el Dana White Contender Series.<\/p>\n<p class=\"paragraph\" id=\"paragraph_25\">Mi agencia de representaci\u00f3n, que es Iridium, la misma que de Hecher [Sosa] y que otros muchos atletas que est\u00e1n en Dana White Contender Series, me oferta despu\u00e9s de ya haber firmado y a posteriori publicitado el combate de Enoc.<\/p>\n<p class=\"paragraph\" id=\"paragraph_26\">Era un combate en pesos pesados contra un atleta uzbeco que luchar\u00e1 a finales de septiembre en el Dana White Contender Series. Nosotros ya nos hab\u00edamos comprometido, y simplemente fuimos un poco responsables. Despu\u00e9s de ganar vendr\u00e1 la oportunidad de nuevo.<\/p>\n<blockquote class=\"content__blockquote\">\n<p class=\"blockquote__quote\">\u00abRechac\u00e9 la Dana White Contender Series porque ya me hab\u00eda comprometido con WOW. Cuando gane, vendr\u00e1 la oportunidad de nuevo\u00bb<\/p>\n<\/blockquote>\n<p class=\"paragraph\" id=\"paragraph_27\"><strong>P.- De salir el s\u00e1bado con el t\u00edtulo, igual no habr\u00eda ni que descartar la llamada directa de la UFC&#8230;<\/strong><\/p>\n<p class=\"paragraph\" id=\"paragraph_28\">R.- Ojal\u00e1, ojal\u00e1 \u2014risas\u2014.<\/p>\n<p class=\"paragraph\" id=\"paragraph_29\"><strong>P.- Adem\u00e1s de ser uno de los grandes peleadores de las MMA espa\u00f1olas, ocupa un cargo de relevancia en el cabildo de La Palma. \u00bfC\u00f3mo es esa faceta pol\u00edtica de su vida?<\/strong><\/p>\n<p class=\"paragraph\" id=\"paragraph_30\"><strong>(Darwin Rodr\u00edguez es vicepresidente quinto del cabildo de La Palma. Ocupa el cargo de consejero de Obras P\u00fablicas, Servicios y Transportes, Seguridad y Emergencias)<\/strong><\/p>\n<p class=\"paragraph\" id=\"paragraph_31\">R.- Es exigente. Much\u00edsimo trabajo. Yo ven\u00eda de ser empresario aut\u00f3nomo y tener trabajadores a cargo y ahora ostento un cargo de responsabilidad p\u00fablica que te obliga a estar 24\/7 activado. No hay m\u00e1s que dar todo lo que tienes. <\/p>\n<p class=\"paragraph\" id=\"paragraph_32\">Cuando te decides a desempe\u00f1ar un cargo as\u00ed, tienes que tener en cuenta que esto es 24\/7, los 365 d\u00edas del a\u00f1o. Los problemas no paran de suceder y la necesidad de resoluci\u00f3n, de respuesta, tiene que ser constante.<\/p>\n<p><img decoding=\"async\" alt=\"Darwin Rodr\u00edguez, en la toma de posesi\u00f3n de su cargo en el cabildo de La Palma en 2023\" data-imgm=\"true\" height=\"180\" loading=\"lazy\"  src=\"https:\/\/www.europesays.com\/es\/wp-content\/uploads\/2025\/09\/1003743918126_258573112_1024x576.jpg\"  width=\"320\"\/><\/p>\n<p>                                                            Darwin Rodr\u00edguez, en la toma de posesi\u00f3n de su cargo en el cabildo de La Palma en 2023<\/p>\n<p>                    Imagen cedida<\/p>\n<p class=\"paragraph\" id=\"paragraph_33\">Es exigente, pero al final tambi\u00e9n en la vida las cosas van llegando cuando van llegando. La carrera deportiva va bien, la carrera pol\u00edtica y la parte de ser representante p\u00fablico tambi\u00e9n. Se est\u00e1 haciendo un buen trabajo y en eso estamos, compaginando un poco todo para poder llegar a buen t\u00e9rmino y cumplir en ambas.<\/p>\n<p class=\"paragraph\" id=\"paragraph_34\"><strong>P.- \u00bfC\u00f3mo conviven dentro de una misma persona las artes marciales mixtas y la pol\u00edtica?<\/strong><\/p>\n<p class=\"paragraph\" id=\"paragraph_35\">R.- Pues conviven, aunque es complicado \u2013risas\u2013. Te digo yo que es muy complicado, que es normal que haya muchas personas que quiz\u00e1s no lo entienden, pero con todo el mundo hago pedagog\u00eda de lo que son las MMA.<\/p>\n<p class=\"paragraph\" id=\"paragraph_36\">Es un deporte que est\u00e1 perfectamente reglado, que tiene sus formas de entrenamiento y de competici\u00f3n y que no es ninguna matanza de Texas. Es un deporte m\u00e1s, que s\u00ed, que es bastante tribal en lo que es la ejecuci\u00f3n del mismo, pero en el entrenamiento es como, pues, hacer boxeo, Muay Thai u otra disciplina.<\/p>\n<p class=\"paragraph\" id=\"paragraph_37\">Si es verdad que la gente lo ve un poco m\u00e1s agresivo, m\u00e1s violento, desde fuera. Explicas qu\u00e9 es la violencia, explicas qu\u00e9 es la agresividad. Se trata de normalizar, como yo lo veo, lo que es tener una profesi\u00f3n fuera del mundo deportivo. Y como deportista, las cosas de momento van bien y las tienes que sacar adelante.<\/p>\n<p class=\"paragraph\" id=\"paragraph_38\">Al final, el camino se hace andando y yo lo estoy haciendo de esta forma particular. Otras personas son polic\u00edas, m\u00e9dicos, lo que quiera que sea, y compaginan su vida con los deportes de contacto.<\/p>\n<blockquote class=\"content__blockquote\">\n<p class=\"blockquote__quote\">\u00abSe van acabando los estereotipos como\u00a0&#8216;son cavern\u00edcolas d\u00e1ndose pu\u00f1etazos'\u00bb<\/p>\n<\/blockquote>\n<p class=\"paragraph\" id=\"paragraph_39\"><strong>P.- Igual que tantos otros deportistas que han de costearse sus carreras con una segunda profesi\u00f3n.<\/strong><\/p>\n<p class=\"paragraph\" id=\"paragraph_40\">R.- Esto es lo mismo. Al final, los tenistas que viven del tenis son los que est\u00e1n en el top 50. Los dem\u00e1s tienen alguna actividad que compaginan para poder sustentarse. Pues esto es similar.<\/p>\n<p class=\"paragraph\" id=\"paragraph_41\">Aunque a veces puedes tener una carrera exitosa. Stipe Miocic, bombero. Un peleador que estaba ganando unos dividendos enormes en la UFC, pero segu\u00eda desempe\u00f1ando sus funciones de bombero porque lo ve\u00eda perfectamente compatible. Y as\u00ed con muchos m\u00e1s.<\/p>\n<p class=\"paragraph\" id=\"paragraph_42\"><strong>P.- La pregunta del mill\u00f3n: \u00bfresulta m\u00e1s dif\u00edcil manejar parte importante del presupuesto del cabildo que afrontar una pelea dentro de la jaula?<\/strong><\/p>\n<p class=\"paragraph\" id=\"paragraph_43\">P.- No s\u00e9 si m\u00e1s dif\u00edcil o m\u00e1s sencillo, pero la responsabilidad es brutal. En la jaula, soy yo el que me juego el pellejo, \u00bfno? Yo arriesgo mi figura, mi persona, mi existencia, mi ser y decido lo que hacer all\u00ed. Yo soy el que decide. Pero en la pol\u00edtica est\u00e1s jugando con los impuestos de las personas y con tener una buena ejecuci\u00f3n y un buen aprovechamiento.<\/p>\n<p class=\"paragraph\" id=\"paragraph_44\">La responsabilidad s\u00ed que es mucho m\u00e1s dif\u00edcil. En lo otro, siendo ego\u00edsta, solo me estoy jugando mi f\u00edsico. Responde al individuo. Pero la responsabilidad de gestionar temas de todos, tuyos y m\u00edos, es mayor; mucho mayor.<\/p>\n<p><img decoding=\"async\" alt=\"Darwin Rodr\u00edguez celebrando una de sus victorias sobre el oct\u00f3gono\" height=\"1611\" loading=\"lazy\" width=\"1706\" data-lazy-status=\"processed\" id=\"f33a36992f\" src=\"https:\/\/www.elespanol.com\/deportes\/otros-deportes\/20250910\/darwin-rodriguez-consejero-canarias-puertas-ufc-jaula-juego-politica-impuestos\/[\" https:=\"\" data-lazy-info=\"changed src\"\/><\/p>\n<p>                                                            Darwin Rodr\u00edguez celebrando una de sus victorias sobre el oct\u00f3gono<\/p>\n<p>                    Imagen cedida<\/p>\n<p class=\"paragraph\" id=\"paragraph_45\"><strong>P.- Se trata de concebir al mismo tiempo una mentalidad individual y otra colectiva, \u00bfno?<\/strong><\/p>\n<p class=\"paragraph\" id=\"paragraph_46\">R.- Es positivo porque una colabora en unas facetas y otra en otras. Est\u00e1s en los dos lados y tienes una perspectiva que te hace en lo p\u00fablico seguir con los pies en la tierra y conocer los problemas del d\u00eda a d\u00eda y en lo privado, en la carrera profesional, pues lo mismo. Tambi\u00e9n saber cu\u00e1l es la perspectiva p\u00fablica sobre tu deporte y poder gestionarlo.<\/p>\n<p class=\"paragraph\" id=\"paragraph_47\"><strong>P.- \u00bfCree que en el \u00e1mbito pol\u00edtico espa\u00f1ol sigue faltando algo de aceptaci\u00f3n en torno a las MMA y al resto de disciplinas de contacto?<\/strong><\/p>\n<p class=\"paragraph\" id=\"paragraph_48\">R.- Esto ya ha explotado, no tiene c\u00f3mo pararse. Ha explotado y se acabar\u00e1 normalizando en todos los estratos de la sociedad. En algunos costar\u00e1 m\u00e1s llegar, en otros ya ha llegado y ya se ha establecido.<\/p>\n<p class=\"paragraph\" id=\"paragraph_49\">Esto es imparable, pero creo que todav\u00eda nos queda un poquito para terminar esa normalizaci\u00f3n como sociedad. Tambi\u00e9n es cuesti\u00f3n de la gente joven, que cada vez ocupa m\u00e1s espacio dentro de la sociedad y terminar\u00e1 por cubrir el espacio de no aceptaci\u00f3n que pueda haber.<\/p>\n<p class=\"paragraph\" id=\"paragraph_50\"><strong>P.- Pocas excusas habr\u00eda si tuvi\u00e9ramos de campe\u00f3n en WOW y entrando a la UFC a un luchador-pol\u00edtico espa\u00f1ol.<\/strong><\/p>\n<p class=\"paragraph\" id=\"paragraph_51\">R.- Cuando eso suceda, se romper\u00e1 otra barrera. Que ser\u00e1 la de estereotipos como &#8216;son cavern\u00edcolas d\u00e1ndose pu\u00f1etazos&#8217;.<\/p>\n<p class=\"paragraph\" id=\"paragraph_52\">Cualquier persona, independientemente de lo que sea en su vida profesional, puede ser esto en lo deportivo. Hay que dar una normalidad real, una igualdad, a las cosas.<\/p>\n","protected":false},"excerpt":{"rendered":"Durante d\u00e9cadas, han sido muchos los c\u00f3mics y pel\u00edculas que han retratado a los superh\u00e9roes como individuos que&hellip;\n","protected":false},"author":2,"featured_media":107816,"comment_status":"","ping_status":"","sticky":false,"template":"","format":"standard","meta":{"footnotes":""},"categories":[276],"tags":[168,25,24,5405,1915,23,167,343],"class_list":{"0":"post-107815","1":"post","2":"type-post","3":"status-publish","4":"format-standard","5":"has-post-thumbnail","7":"category-ufc","8":"tag-deportes","9":"tag-es","10":"tag-espana","11":"tag-mma-artes-marciales-mixtas","12":"tag-otros-deportes","13":"tag-spain","14":"tag-sports","15":"tag-ufc"},"share_on_mastodon":{"url":"","error":""},"_links":{"self":[{"href":"https:\/\/www.europesays.com\/es\/wp-json\/wp\/v2\/posts\/107815","targetHints":{"allow":["GET"]}}],"collection":[{"href":"https:\/\/www.europesays.com\/es\/wp-json\/wp\/v2\/posts"}],"about":[{"href":"https:\/\/www.europesays.com\/es\/wp-json\/wp\/v2\/types\/post"}],"author":[{"embeddable":true,"href":"https:\/\/www.europesays.com\/es\/wp-json\/wp\/v2\/users\/2"}],"replies":[{"embeddable":true,"href":"https:\/\/www.europesays.com\/es\/wp-json\/wp\/v2\/comments?post=107815"}],"version-history":[{"count":0,"href":"https:\/\/www.europesays.com\/es\/wp-json\/wp\/v2\/posts\/107815\/revisions"}],"wp:featuredmedia":[{"embeddable":true,"href":"https:\/\/www.europesays.com\/es\/wp-json\/wp\/v2\/media\/107816"}],"wp:attachment":[{"href":"https:\/\/www.europesays.com\/es\/wp-json\/wp\/v2\/media?parent=107815"}],"wp:term":[{"taxonomy":"category","embeddable":true,"href":"https:\/\/www.europesays.com\/es\/wp-json\/wp\/v2\/categories?post=107815"},{"taxonomy":"post_tag","embeddable":true,"href":"https:\/\/www.europesays.com\/es\/wp-json\/wp\/v2\/tags?post=107815"}],"curies":[{"name":"wp","href":"https:\/\/api.w.org\/{rel}","templated":true}]}}