{"id":107817,"date":"2025-09-11T13:13:10","date_gmt":"2025-09-11T13:13:10","guid":{"rendered":"https:\/\/www.europesays.com\/es\/107817\/"},"modified":"2025-09-11T13:13:10","modified_gmt":"2025-09-11T13:13:10","slug":"la-eliminatoria-de-copa-davis-entre-israel-y-canada-se-jugara-a-puerta-cerrada-para-evitar-protestas","status":"publish","type":"post","link":"https:\/\/www.europesays.com\/es\/107817\/","title":{"rendered":"La eliminatoria de Copa Davis entre Israel y Canad\u00e1 se jugar\u00e1 a puerta cerrada para evitar protestas"},"content":{"rendered":"<p class=\"article-text\">\n        Los partidos de tenis entre Canad\u00e1 e Israel se disputar\u00e1n sin p\u00fablico para que \u201cse desarrolle de la forma m\u00e1s segura posible y sin interrupciones\u201d. As\u00ed lo ha decidido la federaci\u00f3n canadiense, Tennis Canada, previa consulta con la Federaci\u00f3n Internacional de Tenis (ITF).\n    <\/p>\n<p>    <a href=\"https:\/\/www.eldiario.es\/internacional\/nuevo-falta-anuncio-medidas-espana-genocidio-gaza_129_12586870.html\" data-mrf-recirculation=\"saber-mas\" data-dl-event=\"saber-mas\" rel=\"nofollow noopener\" target=\"_blank\"><\/p>\n<p class=\"know-more__title\">Qu\u00e9 es nuevo y qu\u00e9 falta en el anuncio de medidas de Espa\u00f1a ante el genocidio en Gaza<\/p>\n<p>            <img decoding=\"async\" class=\"lazy\" loading=\"lazy\" data-src=\"https:\/\/static.eldiario.es\/clip\/4a8db719-7e30-488e-88fb-159e19c99896_16-9-aspect-ratio_default_0.jpg\" src=\"data:image\/svg+xml,%3Csvg xmlns=\" http:=\"\" viewbox=\"0 0 880 495\" alt=\"Qu\u00e9 es nuevo y qu\u00e9 falta en el anuncio de medidas de Espa\u00f1a ante el genocidio en Gaza\"\/><\/p>\n<p>                        <\/a><\/p>\n<p class=\"article-text\">\n        \u201cTennis Canada actu\u00f3 a la luz de las crecientes preocupaciones en materia de seguridad. La informaci\u00f3n recibida de las autoridades locales y los organismos de seguridad nacional, junto con las interrupciones observadas en otros eventos recientes tanto en Canad\u00e1 como a nivel internacional, indicaban un riesgo de interrupci\u00f3n significativa de este evento\u201d, asegura el escrito, en referencia a unos sucesos que se han producido en torneos como La Vuelta.\n    <\/p>\n<p class=\"article-text\">\n        La federaci\u00f3n canadiense alega que esta decisi\u00f3n que \u201cno se tom\u00f3 a la ligera\u201d. \u201cEn el centro de esta dif\u00edcil decisi\u00f3n se encuentra nuestra responsabilidad de proteger a las personas y, al mismo tiempo, garantizar que esta eliminatoria de la Copa Davis pueda seguir adelante\u201d, afirma el director ejecutivo de Tennis Canada, Gavin Ziv.\n    <\/p>\n<blockquote class=\"twitter-tweet\" data-lang=\"es\"><p><a href=\"https:\/\/twitter.com\/X\/status\/1965430159084802292?ref_src=twsrc%5Etfw\" rel=\"nofollow noopener\" target=\"_blank\"><\/p><\/blockquote>\n<p class=\"article-text\">\n        El partido, no obstante, ser\u00e1 retransmitido por diferentes canales, entre los que se encuentra CBC, la compa\u00f1\u00eda p\u00fablica de radiodifusi\u00f3n de Canad\u00e1. Seg\u00fan <a href=\"https:\/\/www.cbc.ca\/news\/canada\/nova-scotia\/activists-urge-cbc-to-cancel-livestream-of-canada-v-israel-1.7630454\" target=\"_blank\" data-mrf-recirculation=\"links-noticia\" class=\"link\" rel=\"nofollow noopener\">ha informado empresa<\/a>, activistas de grupos como Independent Jewish Voices, Gazan Canadian Families y Palestine Solidarity Halifax han pedido que no se emita el choque en se\u00f1al de protesta.\n    <\/p>\n<p>    Se jugar\u00e1 pese a las protestas<\/p>\n<p class=\"article-text\">\n        Con la medida de la federaci\u00f3n, niega la <a href=\"https:\/\/www.eldiario.es\/internacional\/deportistas-academicos-piden-canada-cancele-eliminatoria-copa-davis-israel-intolerable_1_12542830.html\" target=\"_blank\" data-mrf-recirculation=\"links-noticia\" class=\"link\" rel=\"nofollow noopener\">petici\u00f3n de m\u00e1s de 400 personalidades canadienses del deporte<\/a> y del mundo acad\u00e9mico que pidieron a medidados de agosto que se cancelase la eliminatoria por el genocidio que Israel est\u00e1 perpetrando en Gaza y que ha provocado la muerte de m\u00e1s de 64.600 personas. \u201cEs intolerable\u201d que se celebre, dijeron los firmantes, entre los que estaban el corredor ol\u00edmpico de fondo Mohammed Ahmed \u2014ganador de la medalla de plata en los Juegos Ol\u00edmpicos de Tokio 2020 en la prueba de 5.000 metros\u2014 y dos integrantes del equipo femenino de f\u00fatbol de Palestina que residen en Canad\u00e1, as\u00ed como la intelectual Naomi Klein y tres relatores especiales de la ONU.\n    <\/p>\n<p class=\"article-text\">\n        Seg\u00fan <a href=\"https:\/\/www.eldiario.es\/internacional\/radiografia-blanqueamiento-israel-deporte-comete-genocidio-gaza_1_12550074.html\" target=\"_blank\" data-mrf-recirculation=\"links-noticia\" class=\"link\" rel=\"nofollow noopener\">pudo conocer elDiario.es<\/a> tras conversaciones con Tennis Canada y la ITF, ninguna de las dos entidades se plante\u00f3 la exclusi\u00f3n de Israel de la competici\u00f3n. \u201cReconocemos que se trata de una situaci\u00f3n sumamente compleja que trasciende el \u00e1mbito deportido. Sin embargo, Israel no ha sido excluido de los eventos deportivos internacionales ni ha sido suspendido por el Comit\u00e9 Ol\u00edmpico Internacional\u201d, asegur\u00f3 la Federaci\u00f3n Internacional.\n    <\/p>\n<p class=\"article-text\">\n        Por su parte, la federaci\u00f3n canadiense traslad\u00f3 la responsabilidad a la ITF, como \u201cnaci\u00f3n miembro\u201d de esta. \u201cTenis Canad\u00e1 se compromete a defender los principios del deporte como una fuerza unificadora, separada de los conflictos pol\u00edticos\u201d, agregaron a este medio.\n    <\/p>\n<p class=\"article-text\">\n        Los partidos, por tanto, tendr\u00e1n lugar en Halifax, en la provincia canadiense de Nueva Escocia, durante los d\u00edas 12 y 13 de septiembre.\n    <\/p>\n<p>    Las interrupciones de La Vuelta<\/p>\n<p class=\"article-text\">\n        Esta decisi\u00f3n coincide con las interrupciones que se han producido en La Vuelta ciclista, donde la participaci\u00f3n del equipo Israel Premier Tech ha destatado una <a href=\"https:\/\/www.eldiario.es\/sociedad\/protestas-convierten-israel-problema-vuelta-continuidad-tensa-recta-final_1_12577308.html\" target=\"_blank\" data-mrf-recirculation=\"links-noticia\" class=\"link\" rel=\"nofollow noopener\">oleada de protestas<\/a> en diferentes etapas y regiones de Espa\u00f1a. Las movilizaciones pro Palestina han obligado a la organizaci\u00f3n a adelantar el fin de las etapas 8 y 16.\n    <\/p>\n<p>    <a href=\"https:\/\/www.eldiario.es\/galicia\/masiva-protesta-propalestina-galicia-obliga-adelantar-ocho-kilometros-meta-vuelta-espana_1_12589828.html\" data-mrf-recirculation=\"saber-mas-abajo\" data-dl-event=\"saber-mas-abajo\" rel=\"nofollow noopener\" target=\"_blank\"><\/p>\n<p class=\"know-more__title\">La masiva protesta propalestina en Galicia obliga a adelantar 8 kil\u00f3metros la meta de la Vuelta a Espa\u00f1a\n<\/p>\n<p>            <img decoding=\"async\" class=\"lazy\" loading=\"lazy\" data-src=\"https:\/\/static.eldiario.es\/clip\/b5c64999-f5ef-4952-a5e9-0d34db4eba75_16-9-aspect-ratio_default_0.jpg\" src=\"data:image\/svg+xml,%3Csvg xmlns=\" http:=\"\" viewbox=\"0 0 880 495\" alt=\"La masiva protesta propalestina en Galicia obliga a adelantar 8 kil\u00f3metros la meta de la Vuelta a Espa\u00f1a\"\/><\/p>\n<p>                        <\/a><\/p>\n<p class=\"article-text\">\n        La organizaci\u00f3n de la competici\u00f3n ciclista ha descartado en todo momento cancelar La Vuelta, as\u00ed como expulsar a Israel Premier Tech de la carrera. Los ciclistas, sin embargo, <a href=\"https:\/\/www.eldiario.es\/sociedad\/ciclistas-acuerdan-pararan-etapas-vuelta-si-ven-seguridad-riesgo_1_12592695.html\" target=\"_blank\" data-mrf-recirculation=\"links-noticia\" class=\"link\" rel=\"nofollow noopener\">llegaron a un acuerdo este mi\u00e9rcoles<\/a>, seg\u00fan el cual continuar\u00e1n disputando el torneo, pero con la salvaguarda de detenerla si hay sucesos graves.\n    <\/p>\n<p>                                    <script async src=\"https:\/\/platform.twitter.com\/widgets.js\" charset=\"utf-8\"><\/script><\/p>\n","protected":false},"excerpt":{"rendered":"Los partidos de tenis entre Canad\u00e1 e Israel se disputar\u00e1n sin p\u00fablico para que \u201cse desarrolle de la&hellip;\n","protected":false},"author":2,"featured_media":107818,"comment_status":"","ping_status":"","sticky":false,"template":"","format":"standard","meta":{"footnotes":""},"categories":[274],"tags":[3730,7473,2493,2494,168,2495,25,24,6971,74,10660,2315,740,23,167,327,326],"class_list":{"0":"post-107817","1":"post","2":"type-post","3":"status-publish","4":"format-standard","5":"has-post-thumbnail","7":"category-tenis","8":"tag-canada","9":"tag-cerrada","10":"tag-copa","11":"tag-davis","12":"tag-deportes","13":"tag-eliminatoria","14":"tag-es","15":"tag-espana","16":"tag-evitar","17":"tag-israel","18":"tag-jugara","19":"tag-protestas","20":"tag-puerta","21":"tag-spain","22":"tag-sports","23":"tag-tenis","24":"tag-tennis"},"share_on_mastodon":{"url":"","error":""},"_links":{"self":[{"href":"https:\/\/www.europesays.com\/es\/wp-json\/wp\/v2\/posts\/107817","targetHints":{"allow":["GET"]}}],"collection":[{"href":"https:\/\/www.europesays.com\/es\/wp-json\/wp\/v2\/posts"}],"about":[{"href":"https:\/\/www.europesays.com\/es\/wp-json\/wp\/v2\/types\/post"}],"author":[{"embeddable":true,"href":"https:\/\/www.europesays.com\/es\/wp-json\/wp\/v2\/users\/2"}],"replies":[{"embeddable":true,"href":"https:\/\/www.europesays.com\/es\/wp-json\/wp\/v2\/comments?post=107817"}],"version-history":[{"count":0,"href":"https:\/\/www.europesays.com\/es\/wp-json\/wp\/v2\/posts\/107817\/revisions"}],"wp:featuredmedia":[{"embeddable":true,"href":"https:\/\/www.europesays.com\/es\/wp-json\/wp\/v2\/media\/107818"}],"wp:attachment":[{"href":"https:\/\/www.europesays.com\/es\/wp-json\/wp\/v2\/media?parent=107817"}],"wp:term":[{"taxonomy":"category","embeddable":true,"href":"https:\/\/www.europesays.com\/es\/wp-json\/wp\/v2\/categories?post=107817"},{"taxonomy":"post_tag","embeddable":true,"href":"https:\/\/www.europesays.com\/es\/wp-json\/wp\/v2\/tags?post=107817"}],"curies":[{"name":"wp","href":"https:\/\/api.w.org\/{rel}","templated":true}]}}