{"id":107837,"date":"2025-09-11T13:25:08","date_gmt":"2025-09-11T13:25:08","guid":{"rendered":"https:\/\/www.europesays.com\/es\/107837\/"},"modified":"2025-09-11T13:25:08","modified_gmt":"2025-09-11T13:25:08","slug":"la-republica-democratica-del-congo-suma-16-muertes-y-mas-de-20-casos-confirmados-de-ebola-servimedia","status":"publish","type":"post","link":"https:\/\/www.europesays.com\/es\/107837\/","title":{"rendered":"La Rep\u00fablica Democr\u00e1tica del Congo suma 16 muertes y m\u00e1s de 20 casos confirmados de \u00e9bola &#8211; Servimedia"},"content":{"rendered":"<ol>\n<li><a href=\"https:\/\/news.google.com\/rss\/articles\/CBMivAFBVV95cUxNU3dJWFBfZlNVWXI4WmNvM054ZTdnOGppRml1R2lublgyd2dvMnFvT3JoVm5jVWZBcHJ0WGtIRUN5S0FFXzh4YU5TTjdybzVRTmJtdjFoZDBpcmRWc2QzZGE3UFIzU2RSUTlQVHRqSW9FdC1XYlpYMjA0VHpvbHExNGVLSjFTeFBjbnpid1ZhWDlPX2lNdWVmaWtwN0tYdXJQWjZxVmxGbmE4SDZPMU9NemV6RmJJdzNPRzRkVA?oc=5\" target=\"_blank\" rel=\"nofollow noopener\">La Rep\u00fablica Democr\u00e1tica del Congo suma 16 muertes y m\u00e1s de 20 casos confirmados de \u00e9bola<\/a>&nbsp;&nbsp;Servimedia<\/li>\n<li><a href=\"https:\/\/news.google.com\/rss\/articles\/CBMifkFVX3lxTE9NcGQyVXhwZGxQX28wU3ppeEU5SFBENGI1SGd1dTNjREY5SFhnRHNnLVVfUXNIWXM2SVdWd2tiWk8yN3p4NUxHS1dTOHlzWjFPMmo1a19iMTJtb21Ma2xaaldCU1g2LXdOek1LMXhmYVJTRDJPZjBrMXZVZDJKdw?oc=5\" target=\"_blank\" rel=\"nofollow noopener\">Apoyamos la respuesta al brote de \u00e9bola en Kasa\u00ef, RDC<\/a>&nbsp;&nbsp;M\u00e9dicos Sin Fronteras (MSF)<\/li>\n<li><a href=\"https:\/\/news.google.com\/rss\/articles\/CBMimAFBVV95cUxQTG1qaHVNOEhSTVctaVdGdnVTV2l2OUdXREhiNE5tWEJWX0hYMzBLY0s3Z2hZeXdqeGQ2VXRhSFlfVklUSHRIUUhkY1gyVkFaYk4tNEJLMERxZDk0U2hUY1FKY3N4QmNPSjlsa3dFX3hNOTRhWGdWbnRkSkNnMzRFU3UxTVl2Y2hUaHN2dGcxQTU5elJ6bGNCLQ?oc=5\" target=\"_blank\" rel=\"nofollow noopener\">Temor a que se pueda \u00abdescontrolar\u00bb el brote del \u00e9bola en el Congo<\/a>&nbsp;&nbsp;ABC<\/li>\n<li><a href=\"https:\/\/news.google.com\/rss\/articles\/CBMi4AFBVV95cUxQcGE1TmV0b0ltQXZEbEJVLXdveU5vOThvM0t6SW05aG9DbkRLM2xvM3Ffd2NCcndPRk85c3h3Wmk5VW5mLVZESnVXbmJCWDNwQlRIQUtvSWR5aVV3dk9NQ3IxTWpfU24ta3poRWxGRkU2M1Z0ZUJRbnMtMjFoZ1VPTUp1eGd2VFd3dkhDSWVDVVJoMllrNmU5RHNFOHVHVTRqeDFDRldGdlpuYXRIcUlUeS1oUXV4WkRjSlpFUTh5Y05FZS1xWmwxTnZJTExkS0RRMXhCNDBkNHVhUVFNcXBrNQ?oc=5\" target=\"_blank\" rel=\"nofollow noopener\">La OMS env\u00eda a Congo doce toneladas de suministros m\u00e9dicos tras confirmarse un brote de \u00e9bola que deja al menos 15 muertos<\/a>&nbsp;&nbsp;20Minutos<\/li>\n<li><a href=\"https:\/\/news.google.com\/rss\/articles\/CBMiugFBVV95cUxNekVHZjNZVjRSRFFfWC1mcXY4ZWxITkhXZ0FtTnctMkk5LXFvMUw5di1QRDdWWU5tNXphdkthdldsS1NxRWlzWVVFMGZzdTVuRVgxSDV3SXJKVHlkQlgxR1VoZHJQUnRCQ1NiRF82akR1OHRaZXJpRVVxTk9aUG5qaFhZOFd3RE9icHBEaEIxRzkyaE9fb0FDaVpWcE9IR05ucUtiRVZsemw5eE9nMVNMYjZfUXZHblNHcWfSAc4BQVVfeXFMTjZILWhwTXB6N1l2OHg4SWNZMVRUWjlVZER2Nm1nTnphaHNUMmt1VUpaQ2o0Vmw5ZzdoaDNfc0JLT1lTa0JKbjBEeTIwZFVlQ0tpNGxRODBLcDNjUWMtbVFyQkw5cWI0T29QRnI4V2k0c2xzakRVNS1VT0hnQlpTaGRlOTVpR01kd3pGcWxHTVJwNTN6bDYzMVU3Nm1aMWxUcmVjVUh1dWVvV05Jbm50OTFOV2pkVWowb0xPTkNnXzhRY3hlUU5jaS1PVGlQTGc?oc=5\" target=\"_blank\" rel=\"nofollow noopener\">Suben de 28 a 32 los casos sospechosos de \u00e9bola en el centro del Congo<\/a>&nbsp;&nbsp;La Raz\u00f3n<\/li>\n<\/ol>\n","protected":false},"excerpt":{"rendered":"La Rep\u00fablica Democr\u00e1tica del Congo suma 16 muertes y m\u00e1s de 20 casos confirmados de \u00e9bola&nbsp;&nbsp;Servimedia Apoyamos la&hellip;\n","protected":false},"author":2,"featured_media":103142,"comment_status":"","ping_status":"","sticky":false,"template":"","format":"standard","meta":{"footnotes":""},"categories":[92],"tags":[25,24,165,166,492,23],"class_list":{"0":"post-107837","1":"post","2":"type-post","3":"status-publish","4":"format-standard","5":"has-post-thumbnail","7":"category-salud","8":"tag-es","9":"tag-espana","10":"tag-health","11":"tag-salud","12":"tag-sociedad","13":"tag-spain"},"share_on_mastodon":{"url":"","error":""},"_links":{"self":[{"href":"https:\/\/www.europesays.com\/es\/wp-json\/wp\/v2\/posts\/107837","targetHints":{"allow":["GET"]}}],"collection":[{"href":"https:\/\/www.europesays.com\/es\/wp-json\/wp\/v2\/posts"}],"about":[{"href":"https:\/\/www.europesays.com\/es\/wp-json\/wp\/v2\/types\/post"}],"author":[{"embeddable":true,"href":"https:\/\/www.europesays.com\/es\/wp-json\/wp\/v2\/users\/2"}],"replies":[{"embeddable":true,"href":"https:\/\/www.europesays.com\/es\/wp-json\/wp\/v2\/comments?post=107837"}],"version-history":[{"count":0,"href":"https:\/\/www.europesays.com\/es\/wp-json\/wp\/v2\/posts\/107837\/revisions"}],"wp:featuredmedia":[{"embeddable":true,"href":"https:\/\/www.europesays.com\/es\/wp-json\/wp\/v2\/media\/103142"}],"wp:attachment":[{"href":"https:\/\/www.europesays.com\/es\/wp-json\/wp\/v2\/media?parent=107837"}],"wp:term":[{"taxonomy":"category","embeddable":true,"href":"https:\/\/www.europesays.com\/es\/wp-json\/wp\/v2\/categories?post=107837"},{"taxonomy":"post_tag","embeddable":true,"href":"https:\/\/www.europesays.com\/es\/wp-json\/wp\/v2\/tags?post=107837"}],"curies":[{"name":"wp","href":"https:\/\/api.w.org\/{rel}","templated":true}]}}