{"id":107838,"date":"2025-09-11T13:26:16","date_gmt":"2025-09-11T13:26:16","guid":{"rendered":"https:\/\/www.europesays.com\/es\/107838\/"},"modified":"2025-09-11T13:26:16","modified_gmt":"2025-09-11T13:26:16","slug":"54-minutos-un-te-y-una-tregua-silenciosa-tras-5-anos-de-guerra","status":"publish","type":"post","link":"https:\/\/www.europesays.com\/es\/107838\/","title":{"rendered":"54 minutos, un t\u00e9 y una tregua silenciosa tras 5 a\u00f1os de guerra"},"content":{"rendered":"<p id=\"e57wJSu4btN\" data-wc=\"153\">Desde primera hora de este pasado e hist\u00f3rico (al menos para las relaciones entre el pr\u00edncipe Harry y el rey Carlos III) mi\u00e9rcoles, las se\u00f1ales eran evidentes: ahora o nunca. El rey ten\u00eda previsto su regreso a Londres sin la reina Camilla y desde el Castillo de Balmoral, mientras su hijo peque\u00f1o estaba de visita en la capital brit\u00e1nica con una agenda convenientemente despejada hasta las seis de la tarde. Adem\u00e1s, la Casa Real brit\u00e1nica, h\u00e1bil en estas cosas, ya hab\u00eda calentado el terreno cuando hace unas semanas dej\u00f3 que los asesores de ambos se vieran juntos en una reuni\u00f3n privada cerca de Buckingham. Por otro lado, <a class=\"hm-link ho-link\" href=\"https:\/\/www.hola.com\/realeza\/casa_inglesa\/20250503829914\/dura-confesion-principe-harry-rey-carlos-no-le-habla\/\" data-mrf-recirculation=\"article-body-link\" rel=\"nofollow noopener\" target=\"_blank\">el duque de Sussex, despu\u00e9s de perder su juicio contra el Ministerio del Interior, hab\u00eda rebajado considerablemente el clima de tensi\u00f3n<\/a> que hab\u00eda mantenido durante estos cinco a\u00f1os que han pasado desde que sali\u00f3 de la realeza brit\u00e1nica. <strong>As\u00ed fue una reuni\u00f3n que podr\u00eda cambiarlo todo.\u00a0<\/strong><\/p>\n<p> <img src=\"https:\/\/www.europesays.com\/es\/wp-content\/uploads\/2025\/09\/7906fb691491-dlu391410004.jpg\"   width=\"1024\" height=\"682\" loading=\"lazy\" decoding=\"async\" alt=\"Plano medio de Harry de Inglaterra entrevistando a Carlos III para un programa de radio\" fetchpriority=\"auto\" class=\"image ho-image\"\/>\u00a9 Kensington PalaceImagen de archivo tomada durante una entrevista de Radio en el tiempo en el que el pr\u00edncipe Harry estaba dentro de la realeza brit\u00e1nica<br \/>\nClarence House y un t\u00e9 privado<\/p>\n<p id=\"eArS0Jjccq\" data-wc=\"100\">Fue el Palacio de Buckingham el que confirm\u00f3 lo que era evidente despu\u00e9s de que las 17:20 de la tarde el pr\u00edncipe Harry fuera visto entrando en coche a Clarence House, el lugar donde viven los reyes Carlos y Camilla. Sin embargo,\u00a0<strong>a\u00f1adi\u00f3 un dato en su comunicado: \u00abtom\u00f3 un t\u00e9 en privado con su hijo\u00bb<\/strong>. Es decir, quiso dejar claro que no estuvieron presentes otros miembros de la familia ni tampoco asesores, lo que se traduce en un primer paso para mejorar las relaciones entre padre e hijo y generar confianza en lo que parec\u00eda una profunda ruptura familiar.<\/p>\n<p> <img src=\"https:\/\/www.europesays.com\/es\/wp-content\/uploads\/2025\/09\/8e4701ebf643-gettyimages-2234046184.jpg\"   width=\"1024\" height=\"682\" loading=\"lazy\" decoding=\"async\" alt=\"Media Image\" fetchpriority=\"auto\" class=\"image ho-image\"\/>\u00a9 Getty Images<\/p>\n<p> <img src=\"https:\/\/www.europesays.com\/es\/wp-content\/uploads\/2025\/09\/3adc83a6dfcc-gettyimages-2234696537.jpg\"   width=\"1024\" height=\"681\" loading=\"lazy\" decoding=\"async\" alt=\"Tanto la llegada de Carlos III como la del pr\u00edncipe Harry a Clarence House fue fotografiada\" fetchpriority=\"auto\" class=\"image ho-image\"\/>\u00a9 Getty ImagesTanto la llegada de Carlos III como la del pr\u00edncipe Harry a Clarence House fue fotografiada<\/p>\n<p id=\"eusJSaCjmX\" data-wc=\"98\">Despu\u00e9s de unos 54 minutos aproximadamente, el duque de Sussex se march\u00f3, tampoco ten\u00eda mucho margen porque ten\u00eda un acto con los Juegos Invicitus programado justo despu\u00e9s. Fue entonces cuando los periodistas le preguntaron por el encuentro: \u00ab\u00c9l est\u00e1 muy bien, gracias\u00bb, dijo Harry. Por el momento no ha trascendido nada m\u00e1s de la breve reuni\u00f3n que, no obstante, ya supera a<a class=\"hm-link ho-link\" href=\"https:\/\/www.hola.com\/realeza\/20240211249094\/rey-carlos-harry-encuentro-cancer\/\" data-mrf-recirculation=\"article-body-link\" rel=\"nofollow noopener\" target=\"_blank\">\u00a0la que mantuvieron hace 19 meses,<\/a> cuando Carlos III confirm\u00f3 que ten\u00eda c\u00e1ncer y su hijo regres\u00f3 a Londres para verlo durante menos de treinta minutos. Fue entonces cuando se vieron en persona por \u00faltima vez.\u00a0<\/p>\n<p> <img src=\"https:\/\/www.europesays.com\/es\/wp-content\/uploads\/2025\/09\/10ed745e0ef3-dlu590588004.jpg\"   width=\"1080\" height=\"1800\" loading=\"lazy\" decoding=\"async\" alt=\"Media Image\" fetchpriority=\"auto\" class=\"image ho-image\"\/>\u00a9 GTRES<\/p>\n<p data-wc=\"109\" id=\"etb-u72T6AS\">Desde entonces, el entorno de Harry ha estado alimentando la idea de que por su parte est\u00e1 la mano tendida a una reconciliaci\u00f3n. \u00c9l mismo expres\u00f3 esta intenci\u00f3n en mayo a la BBC su predisposici\u00f3n a firmar la paz: \u00abMe encantar\u00eda reconciliarme con mi familia. No tiene sentido seguir peleando, la vida es preciosa\u00bb. Unas declaraciones que hizo tras perder su batalla judicial contra el Ministerio del Interior a cuenta de la seguridad de su familia, un asunto que, seg\u00fan dijo el duque de Sussex en esa misma entrevista, hab\u00eda roto por completo las relaciones con su padre, no en vano, se estaba enfrentando al sistema que \u00e9l representa.\u00a0<\/p>\n<p> <img src=\"https:\/\/www.europesays.com\/es\/wp-content\/uploads\/2025\/09\/befb412f1612-dlu590588006-1.jpg\"   width=\"1024\" height=\"698\" loading=\"lazy\" decoding=\"async\" alt=\"Mandatory Credit: Photo by Victoria Jones\/Shutterstock (15479485a)&#10;Prince Harry visit to Imperial College London's Centre for Blast Injury Studies, London, UK - 10 Sep 2025&#10;Prince Harry will receive an update on the work of the Centre for Injury Studies and its more recent focus on paediatric blast and crush injuries - demonstrating the research for child amputees and what is being done to maximise learning for conflict and disaster zones. *** Local Caption *** .\" fetchpriority=\"auto\" class=\"image ho-image\"\/>\u00a9 GTRES<\/p>\n<p> <img src=\"https:\/\/www.europesays.com\/es\/wp-content\/uploads\/2025\/09\/983c23d1f943-dlu590588001.jpg\"   width=\"1024\" height=\"682\" loading=\"lazy\" decoding=\"async\" alt=\"Im\u00e1genes del pr\u00edncipe Harry durante sus \u00faltimos actos en Londres\" fetchpriority=\"auto\" class=\"image ho-image\"\/>\u00a9 Getty ImagesIm\u00e1genes del pr\u00edncipe Harry durante sus \u00faltimos actos en Londres<br \/>\nDe la \u00abCumbre de Sandringham\u00bb a la \u00abCumbre de paz\u00bb<\/p>\n<p id=\"e1mA_2Llrr\" data-wc=\"140\">Muy dados a hacer juegos de palabras, entre los medios de comunicaci\u00f3n brit\u00e1nicos ya se habla de \u00abCumbre de paz\u00bb en contraposici\u00f3n a la que tuvo lugar el 13 de enero de 2020 y fue clave para la monarqu\u00eda brit\u00e1nica: la \u00abCumbre de Sandringham\u00bb. Realizada en la residencia real de Norfolk, los pesos pesados de la Familia Real se reunieron para discutir la decisi\u00f3n de los duques de Sussex de dejar la realeza brit\u00e1nica, despu\u00e9s de que el asunto ya fuera conocido por la prensa. Isabel II, el entonces pr\u00edncipe Carlos y sus hijos, Guillermo y Harry, negociaron los t\u00e9rminos de la salida de la instituci\u00f3n y la posible mudanza de la familia. \u00a0En el documental Harry &amp; Meghan de Netflix y en entrevistas posteriores, Harry describi\u00f3 ese <strong>momento como desgarrador y \u00a0un punto de no retorno en su relaci\u00f3n.<\/strong><\/p>\n<p> <img src=\"https:\/\/www.europesays.com\/es\/wp-content\/uploads\/2025\/09\/acbc830df1d7-gettyimages-974114942.jpg\"   width=\"1024\" height=\"702\" loading=\"lazy\" decoding=\"async\" alt=\"Meghan Markle e Isabel II \" fetchpriority=\"auto\" class=\"image ho-image\"\/>\u00a9 Getty Images<\/p>\n<p> <img src=\"https:\/\/www.europesays.com\/es\/wp-content\/uploads\/2025\/09\/12227928a6eb-royal-foundation-getty-2.jpg\"   width=\"1024\" height=\"682\" loading=\"lazy\" decoding=\"async\" alt=\"Media Image\" fetchpriority=\"auto\" class=\"image ho-image\"\/>\u00a9 Getty Images<\/p>\n<p> <img src=\"https:\/\/www.europesays.com\/es\/wp-content\/uploads\/2025\/09\/fe8eb1fb8faa-gettyimages-898513992.jpg\"   width=\"1024\" height=\"682\" loading=\"lazy\" decoding=\"async\" alt=\"Plano medio de los Duques de Sussex y los Pr\u00edncipes de Gales en 2017\" fetchpriority=\"auto\" class=\"image ho-image\"\/>\u00a9 Getty ImagesTres im\u00e1genes de Harry y Meghan antes de salir de la realeza brit\u00e1nica<\/p>\n<p id=\"ePWKVRbm-v\" data-wc=\"99\">De lo que no hay se\u00f1al alguna es de un posible encuentro entre el pr\u00edncipe Harry y su hermano, el pr\u00edncipe Guillermo. El lunes, nada m\u00e1s aterrizar en el aeropuerto de Heathrow, el pr\u00edncipe Harry se traslad\u00f3 a Windsor para depositar una corona de flores en la tumba de su abuela, la reina Isabel II, en el tercer aniversario de su muerte. A menos de 10 minutos de distancia, <a class=\"hm-link ho-link\" href=\"https:\/\/www.hola.com\/realeza\/casa_inglesa\/20250909854792\/principe-guillermo-principe-harry-continuan-sus-agndas-por-separado\/\" data-mrf-recirculation=\"article-body-link\" rel=\"nofollow noopener\" target=\"_blank\">el pr\u00edncipe Guillermo y Kate Middleton asist\u00edan a una reuni\u00f3n del Instituto de Mujeres en honor a la memoria de la difunta Reina<\/a>. La ocasi\u00f3n era evidente, la voluntad no.\u00a0<\/p>\n","protected":false},"excerpt":{"rendered":"Desde primera hora de este pasado e hist\u00f3rico (al menos para las relaciones entre el pr\u00edncipe Harry y&hellip;\n","protected":false},"author":2,"featured_media":107839,"comment_status":"","ping_status":"","sticky":false,"template":"","format":"standard","meta":{"footnotes":""},"categories":[91],"tags":[146,147,25,24,12939,1027,6856,22286,23],"class_list":{"0":"post-107838","1":"post","2":"type-post","3":"status-publish","4":"format-standard","5":"has-post-thumbnail","7":"category-entretenimiento","8":"tag-entertainment","9":"tag-entretenimiento","10":"tag-es","11":"tag-espana","12":"tag-harry-de-inglaterra","13":"tag-realeza","14":"tag-realeza-inglesa","15":"tag-rey-carlos-iii","16":"tag-spain"},"share_on_mastodon":{"url":"","error":""},"_links":{"self":[{"href":"https:\/\/www.europesays.com\/es\/wp-json\/wp\/v2\/posts\/107838","targetHints":{"allow":["GET"]}}],"collection":[{"href":"https:\/\/www.europesays.com\/es\/wp-json\/wp\/v2\/posts"}],"about":[{"href":"https:\/\/www.europesays.com\/es\/wp-json\/wp\/v2\/types\/post"}],"author":[{"embeddable":true,"href":"https:\/\/www.europesays.com\/es\/wp-json\/wp\/v2\/users\/2"}],"replies":[{"embeddable":true,"href":"https:\/\/www.europesays.com\/es\/wp-json\/wp\/v2\/comments?post=107838"}],"version-history":[{"count":0,"href":"https:\/\/www.europesays.com\/es\/wp-json\/wp\/v2\/posts\/107838\/revisions"}],"wp:featuredmedia":[{"embeddable":true,"href":"https:\/\/www.europesays.com\/es\/wp-json\/wp\/v2\/media\/107839"}],"wp:attachment":[{"href":"https:\/\/www.europesays.com\/es\/wp-json\/wp\/v2\/media?parent=107838"}],"wp:term":[{"taxonomy":"category","embeddable":true,"href":"https:\/\/www.europesays.com\/es\/wp-json\/wp\/v2\/categories?post=107838"},{"taxonomy":"post_tag","embeddable":true,"href":"https:\/\/www.europesays.com\/es\/wp-json\/wp\/v2\/tags?post=107838"}],"curies":[{"name":"wp","href":"https:\/\/api.w.org\/{rel}","templated":true}]}}