{"id":107842,"date":"2025-09-11T13:28:07","date_gmt":"2025-09-11T13:28:07","guid":{"rendered":"https:\/\/www.europesays.com\/es\/107842\/"},"modified":"2025-09-11T13:28:07","modified_gmt":"2025-09-11T13:28:07","slug":"el-bce-vuelve-a-dejar-los-tipos-de-interes-en-pausa-y-confirma-el-cambio-de-ciclo-economia","status":"publish","type":"post","link":"https:\/\/www.europesays.com\/es\/107842\/","title":{"rendered":"El BCE vuelve a dejar los tipos de inter\u00e9s en pausa y confirma el cambio de ciclo | Econom\u00eda"},"content":{"rendered":"<p class=\"\">El Banco Central Europeo se siente c\u00f3modo con los tipos de inter\u00e9s en el 2%. La entidad con sede en Fr\u00e1ncfort ha optado este jueves por dejar el precio del dinero intacto en ese nivel, en una decisi\u00f3n tomada por unanimidad, constatando que han llegado a su fin los tiempos en que las reuniones se contaban por bajadas. \u201cLa inflaci\u00f3n se sit\u00faa actualmente en torno al objetivo del 2% a medio plazo y la valoraci\u00f3n del Consejo de Gobierno sobre las perspectivas de inflaci\u00f3n se mantiene pr\u00e1cticamente sin cambios\u201d, han justificado en un comunicado. Su presidenta, Christine Lagarde, intervendr\u00e1 a partir de las 14h45 horas.<\/p>\n<p class=\"\">El nuevo ciclo se antoja m\u00e1s l\u00edquido, menos predecible, sin un rumbo claro, con la puerta abierta a subidas y descensos, pero con aires de retoque, no de bandazos. El punto de partida no es negativo: <a href=\"https:\/\/elpais.com\/economia\/2025-09-02\/la-inflacion-de-la-eurozona-repunta-una-decima-en-agosto-hasta-el-21.html\" target=\"_self\" rel=\"nofollow noopener\" title=\"https:\/\/elpais.com\/economia\/2025-09-02\/la-inflacion-de-la-eurozona-repunta-una-decima-en-agosto-hasta-el-21.html\">la inflaci\u00f3n de la zona euro, del 2,1%<\/a>, est\u00e1 pr\u00e1cticamente donde quiere el BCE, y su camino hacia un aterrizaje suave ha sido mucho m\u00e1s pl\u00e1cido que el de la Reserva Federal, atascada entre tipos altos, incertidumbres econ\u00f3micas y presiones de Donald Trump. Ahora se trata de ver si el cr\u00e9dito barato relanza la inversi\u00f3n y el consumo en Europa sin recalentar los precios. De comprobar hasta qu\u00e9 punto la fortaleza del euro frente al d\u00f3lar puede deshinchar la inflaci\u00f3n al abaratar las importaciones de energ\u00eda. Y de recalibrar los impactos de crisis abiertas como la de Francia o la escalada de tensi\u00f3n con Rusia.<\/p>\n<p class=\"\">Al contrario de lo que sucediera en septiembre, diciembre y marzo, cuando los economistas del BCE rebajaron sus proyecciones de crecimiento econ\u00f3mico, esta vez las han mejorado. Esperan que el PIB de la zona euro repunte un 1,2% en 2025, frente al 0,9% anterior, y un 1% en 2026 (antes 1,1%). Para 2027 lo dejan intacto en el 1,3%.<\/p>\n<p class=\"\">El escenario de precios tambi\u00e9n sufre una ligera variaci\u00f3n, muy levemente al alza a corto plazo, y a la baja en el largo: la inflaci\u00f3n media para este a\u00f1o ser\u00eda del 2,1% (del 2% en la proyecci\u00f3n anterior), mientras que para 2026 se quedar\u00eda en el 1,7% (tambi\u00e9n por encima del 1,6% previo), y en 2027 se situar\u00eda en el 1,9%, una d\u00e9cima m\u00e1s abajo.<\/p>\n<p class=\"\">Los mercados conced\u00edan un 0% de posibilidades a una rebaja del precio del dinero. Y una vez m\u00e1s, el Consejo de Gobierno no ha encontrado motivos para llevarles la contraria. Contenida la incertidumbre comercial <a href=\"https:\/\/elpais.com\/economia\/2025-07-29\/que-han-pactado-la-ue-y-ee-uu-en-su-acuerdo-comercial.html\" target=\"_self\" rel=\"nofollow noopener\" title=\"https:\/\/elpais.com\/economia\/2025-07-29\/que-han-pactado-la-ue-y-ee-uu-en-su-acuerdo-comercial.html\">tras la firma del tratado entre Bruselas y Washington<\/a>, que pr\u00e1cticamente ha monopolizado las preocupaciones de las instituciones econ\u00f3micas, BCE incluido, desde la toma de posesi\u00f3n de Trump hasta finales de julio, el panorama se presenta m\u00e1s despejado, aunque otros asuntos toman el relevo. <\/p>\n<p class=\"\">Entre los m\u00e1s inquietantes est\u00e1 Francia, la segunda econom\u00eda del euro, incapaz de emprender las reformas necesarias para reducir su abultado d\u00e9ficit. Sumida en una inestabilidad pol\u00edtica que <a href=\"https:\/\/elpais.com\/internacional\/2025-09-07\/francia-flirtea-con-una-crisis-de-regimen.html\" target=\"_self\" rel=\"nofollow noopener\" title=\"https:\/\/elpais.com\/internacional\/2025-09-07\/francia-flirtea-con-una-crisis-de-regimen.html\">se ha cobrado la cabeza de cuatro primeros ministros en poco m\u00e1s de a\u00f1o y medio<\/a>, este viernes podr\u00eda ver rebajada la calificaci\u00f3n de su deuda por parte de la agencia Fitch.<\/p>\n<p class=\"\">Si los problemas en Francia presionan hacia el lado de futuras rebajas de tipos para abaratar los costes de financiaci\u00f3n \u2014aunque esa tarea no entra dentro del mandato del BCE\u2014, el \u00faltimo dato de salarios negociados, conocido a finales de agosto, empuja en sentido contrario. Los sueldos aumentaron en la zona euro un 3,95% interanual en el segundo trimestre, por encima del 2,46% de los tres primeros meses del a\u00f1o. Y Fr\u00e1ncfort sigue de cerca su evoluci\u00f3n para que su repunte no se traduzca en precios m\u00e1s elevados que hagan desandar el camino hacia la desinflaci\u00f3n. <\/p>\n<p class=\"\">M\u00e1s all\u00e1 de la estad\u00edstica puntual, la herramienta de rastreo de salarios del BCE, que solo cubre los convenios colectivos activos, es m\u00e1s tranquilizadora: se\u00f1ala que el crecimiento de las n\u00f3minas se ralentizar\u00e1 en 2025 al 3,2%, desde el 4,6% del a\u00f1o pasado, lo que aleja la tesis de una espiral salarios-precios. La pegajosa inflaci\u00f3n de servicios, otro de los indicadores clave para el BCE, tambi\u00e9n da noticias moderadamente positivas: en agosto se desaceler\u00f3 una d\u00e9cima, hasta el 3,1%.<\/p>\n<p class=\"\">[Noticia de \u00faltima hora. Habr\u00e1 actualizaci\u00f3n en breve]<\/p>\n","protected":false},"excerpt":{"rendered":"El Banco Central Europeo se siente c\u00f3modo con los tipos de inter\u00e9s en el 2%. La entidad con&hellip;\n","protected":false},"author":2,"featured_media":26696,"comment_status":"","ping_status":"","sticky":false,"template":"","format":"standard","meta":{"footnotes":""},"categories":[80],"tags":[1842,82,1844,8065,534,95,94,25,24,10584,7186,1847,23,26914,26915,1846],"class_list":{"0":"post-107842","1":"post","2":"type-post","3":"status-publish","4":"format-standard","5":"has-post-thumbnail","7":"category-economia","8":"tag-bce","9":"tag-business","10":"tag-christine-lagarde","11":"tag-crecimiento-economico","12":"tag-dinero","13":"tag-economia","14":"tag-economy","15":"tag-es","16":"tag-espana","17":"tag-euribor","18":"tag-hipotecas","19":"tag-inflacion","20":"tag-spain","21":"tag-tipos-cambio","22":"tag-tipos-hipotecarios","23":"tag-tipos-interes"},"share_on_mastodon":{"url":"","error":""},"_links":{"self":[{"href":"https:\/\/www.europesays.com\/es\/wp-json\/wp\/v2\/posts\/107842","targetHints":{"allow":["GET"]}}],"collection":[{"href":"https:\/\/www.europesays.com\/es\/wp-json\/wp\/v2\/posts"}],"about":[{"href":"https:\/\/www.europesays.com\/es\/wp-json\/wp\/v2\/types\/post"}],"author":[{"embeddable":true,"href":"https:\/\/www.europesays.com\/es\/wp-json\/wp\/v2\/users\/2"}],"replies":[{"embeddable":true,"href":"https:\/\/www.europesays.com\/es\/wp-json\/wp\/v2\/comments?post=107842"}],"version-history":[{"count":0,"href":"https:\/\/www.europesays.com\/es\/wp-json\/wp\/v2\/posts\/107842\/revisions"}],"wp:featuredmedia":[{"embeddable":true,"href":"https:\/\/www.europesays.com\/es\/wp-json\/wp\/v2\/media\/26696"}],"wp:attachment":[{"href":"https:\/\/www.europesays.com\/es\/wp-json\/wp\/v2\/media?parent=107842"}],"wp:term":[{"taxonomy":"category","embeddable":true,"href":"https:\/\/www.europesays.com\/es\/wp-json\/wp\/v2\/categories?post=107842"},{"taxonomy":"post_tag","embeddable":true,"href":"https:\/\/www.europesays.com\/es\/wp-json\/wp\/v2\/tags?post=107842"}],"curies":[{"name":"wp","href":"https:\/\/api.w.org\/{rel}","templated":true}]}}