{"id":107849,"date":"2025-09-11T13:32:07","date_gmt":"2025-09-11T13:32:07","guid":{"rendered":"https:\/\/www.europesays.com\/es\/107849\/"},"modified":"2025-09-11T13:32:07","modified_gmt":"2025-09-11T13:32:07","slug":"raul-neira-analizo-el-rendimiento-del-handbol-en-la-final-nacional-de-los-juegos-deportivos-escolares","status":"publish","type":"post","link":"https:\/\/www.europesays.com\/es\/107849\/","title":{"rendered":"Ra\u00fal Neira analiz\u00f3 el rendimiento del h\u00e1ndbol en la Final Nacional de los Juegos Deportivos Escolares"},"content":{"rendered":"<ul class=\"navbar-nav d-flex align-items-center\" style=\"width:100%\">\n<li class=\"nav-item option2\">\n<a class=\"nav-link\" aria-current=\"page\" href=\"https:\/\/www.latribuna.cl\/\" title=\"\" rel=\"nofollow noopener\" target=\"_blank\">Home<\/a>\n<\/li>\n<li class=\"btn-group\">\n<a id=\"parent-3\" class=\"nav-link dropdown-toggle\" data-bs-toggle=\"dropdown\" data-bs-auto-close=\"true\" aria-expanded=\"false\" aria-current=\"page\" href=\"https:\/\/www.latribuna.cl\/categoria\/comunas\/\" title=\"\" rel=\"nofollow noopener\" target=\"_blank\">Comunas<\/a><\/p>\n<ul class=\"dropdown-menu\">\n<li>\n<a class=\"dropdown-item\" aria-current=\"page\" href=\"https:\/\/www.latribuna.cl\/categoria\/alto-bio-bio\/\" title=\"\" rel=\"nofollow noopener\" target=\"_blank\">Alto Bio Bio<\/a>\n<\/li>\n<li>\n<a class=\"dropdown-item\" aria-current=\"page\" href=\"https:\/\/www.latribuna.cl\/categoria\/antuco\/\" title=\"\" rel=\"nofollow noopener\" target=\"_blank\">Antuco<\/a>\n<\/li>\n<li>\n<a class=\"dropdown-item\" aria-current=\"page\" href=\"https:\/\/www.latribuna.cl\/categoria\/cabrero\/\" title=\"\" rel=\"nofollow noopener\" target=\"_blank\">Cabrero<\/a>\n<\/li>\n<li>\n<a class=\"dropdown-item\" aria-current=\"page\" href=\"https:\/\/www.latribuna.cl\/categoria\/laja\/\" title=\"\" rel=\"nofollow noopener\" target=\"_blank\">Laja<\/a>\n<\/li>\n<li>\n<a class=\"dropdown-item\" aria-current=\"page\" href=\"https:\/\/www.latribuna.cl\/categoria\/los-angeles\/\" title=\"\" rel=\"nofollow noopener\" target=\"_blank\">Los \u00c1ngeles<\/a>\n<\/li>\n<li>\n<a class=\"dropdown-item\" aria-current=\"page\" href=\"https:\/\/www.latribuna.cl\/categoria\/mulchen\/\" title=\"\" rel=\"nofollow noopener\" target=\"_blank\">Mulch\u00e9n<\/a>\n<\/li>\n<li>\n<a class=\"dropdown-item\" aria-current=\"page\" href=\"https:\/\/www.latribuna.cl\/categoria\/nacimiento\/\" title=\"\" rel=\"nofollow noopener\" target=\"_blank\">Nacimiento<\/a>\n<\/li>\n<li>\n<a class=\"dropdown-item\" aria-current=\"page\" href=\"https:\/\/www.latribuna.cl\/categoria\/negrete\/\" title=\"\" rel=\"nofollow noopener\" target=\"_blank\">Negrete<\/a>\n<\/li>\n<li>\n<a class=\"dropdown-item\" aria-current=\"page\" href=\"https:\/\/www.latribuna.cl\/categoria\/quilaco\/\" title=\"\" rel=\"nofollow noopener\" target=\"_blank\">Quilaco<\/a>\n<\/li>\n<li>\n<a class=\"dropdown-item\" aria-current=\"page\" href=\"https:\/\/www.latribuna.cl\/categoria\/quilleco\/\" title=\"\" rel=\"nofollow noopener\" target=\"_blank\">Quilleco<\/a>\n<\/li>\n<li>\n<a class=\"dropdown-item\" aria-current=\"page\" href=\"https:\/\/www.latribuna.cl\/categoria\/santa-barbara\/\" title=\"\" rel=\"nofollow noopener\" target=\"_blank\">Santa B\u00e1rbara<\/a>\n<\/li>\n<li>\n<a class=\"dropdown-item\" aria-current=\"page\" href=\"https:\/\/www.latribuna.cl\/categoria\/san-rosendo\/\" title=\"\" rel=\"nofollow noopener\" target=\"_blank\">San Rosendo<\/a>\n<\/li>\n<li>\n<a class=\"dropdown-item\" aria-current=\"page\" href=\"https:\/\/www.latribuna.cl\/categoria\/tucapel\/\" title=\"\" rel=\"nofollow noopener\" target=\"_blank\">Tucapel<\/a>\n<\/li>\n<li>\n<a class=\"dropdown-item\" aria-current=\"page\" href=\"https:\/\/www.latribuna.cl\/categoria\/yumbel\/\" title=\"\" rel=\"nofollow noopener\" target=\"_blank\">Yumbel<\/a>\n<\/li>\n<\/ul>\n<\/li>\n<li class=\"nav-item option18\">\n<a class=\"nav-link\" aria-current=\"page\" href=\"https:\/\/www.latribuna.cl\/categoria\/internacional\/\" title=\"\" rel=\"nofollow noopener\" target=\"_blank\">Internacional<\/a>\n<\/li>\n<li class=\"nav-item option19\">\n<a class=\"nav-link\" aria-current=\"page\" href=\"https:\/\/www.latribuna.cl\/categoria\/nacional\/\" title=\"\" rel=\"nofollow noopener\" target=\"_blank\">Nacional<\/a>\n<\/li>\n<li class=\"nav-item option20\">\n<a class=\"nav-link\" aria-current=\"page\" href=\"https:\/\/www.latribuna.cl\/categoria\/editorial\/\" title=\"\" rel=\"nofollow noopener\" target=\"_blank\">Editorial<\/a>\n<\/li>\n<li class=\"nav-item option21\">\n<a class=\"nav-link\" aria-current=\"page\" href=\"https:\/\/www.latribuna.cl\/categoria\/identidad\/\" title=\"\" rel=\"nofollow noopener\" target=\"_blank\">Identidad<\/a>\n<\/li>\n<li class=\"nav-item option22\">\n<a class=\"nav-link\" aria-current=\"page\" href=\"https:\/\/www.latribuna.cl\/categoria\/cronica-ciudadana\/\" title=\"\" rel=\"nofollow noopener\" target=\"_blank\">Cr\u00f3nica Ciudadana<\/a>\n<\/li>\n<li class=\"nav-item option23\">\n<a class=\"nav-link\" aria-current=\"page\" href=\"https:\/\/www.latribuna.cl\/panoramas\/\" title=\"\" rel=\"nofollow noopener\" target=\"_blank\">Panoramas<\/a>\n<\/li>\n<li class=\"btn-group\">\n<a id=\"parent-24\" class=\"nav-link dropdown-toggle\" data-bs-toggle=\"dropdown\" data-bs-auto-close=\"true\" aria-expanded=\"false\" aria-current=\"page\" href=\"#\" title=\"\">M\u00e1s&#8230;<\/a><\/p>\n<ul class=\"dropdown-menu\">\n<li>\n<a class=\"dropdown-item\" aria-current=\"page\" href=\"https:\/\/www.latribuna.cl\/categoria\/policial\/\" title=\"\" rel=\"nofollow noopener\" target=\"_blank\">Policial y Judicial<\/a>\n<\/li>\n<li>\n<a class=\"dropdown-item\" aria-current=\"page\" href=\"https:\/\/www.latribuna.cl\/categoria\/politica\/\" title=\"\" rel=\"nofollow noopener\" target=\"_blank\">Pol\u00edtica<\/a>\n<\/li>\n<li>\n<a class=\"dropdown-item\" aria-current=\"page\" href=\"https:\/\/www.latribuna.cl\/categoria\/agroforestal\/\" title=\"\" rel=\"nofollow noopener\" target=\"_blank\">Agroforestal<\/a>\n<\/li>\n<li>\n<a class=\"dropdown-item\" aria-current=\"page\" href=\"https:\/\/www.latribuna.cl\/categoria\/bienestar\/\" title=\"\" rel=\"nofollow noopener\" target=\"_blank\">Bienestar<\/a>\n<\/li>\n<li>\n<a class=\"dropdown-item\" aria-current=\"page\" href=\"https:\/\/www.latribuna.cl\/categoria\/deportes\/\" title=\"\" rel=\"nofollow noopener\" target=\"_blank\">Deportes<\/a>\n<\/li>\n<li>\n<a class=\"dropdown-item\" aria-current=\"page\" href=\"https:\/\/www.latribuna.cl\/categoria\/cultura\/\" title=\"\" rel=\"nofollow noopener\" target=\"_blank\">Cultura<\/a>\n<\/li>\n<li>\n<a class=\"dropdown-item\" aria-current=\"page\" href=\"https:\/\/www.latribuna.cl\/categoria\/desarrollo\/\" title=\"\" rel=\"nofollow noopener\" target=\"_blank\">Desarrollo<\/a>\n<\/li>\n<li>\n<a class=\"dropdown-item\" aria-current=\"page\" href=\"https:\/\/www.latribuna.cl\/categoria\/economia\/\" title=\"\" rel=\"nofollow noopener\" target=\"_blank\">Econom\u00eda<\/a>\n<\/li>\n<li>\n<a class=\"dropdown-item\" aria-current=\"page\" href=\"https:\/\/www.latribuna.cl\/categoria\/educacion\/\" title=\"\" rel=\"nofollow noopener\" target=\"_blank\">Educaci\u00f3n<\/a>\n<\/li>\n<li>\n<a class=\"dropdown-item\" aria-current=\"page\" href=\"https:\/\/www.latribuna.cl\/categoria\/equidad-de-genero\/\" title=\"\" rel=\"nofollow noopener\" target=\"_blank\">Equidad de G\u00e9nero<\/a>\n<\/li>\n<li>\n<a class=\"dropdown-item\" aria-current=\"page\" href=\"https:\/\/www.latribuna.cl\/categoria\/tribuna-investiga\/\" title=\"\" rel=\"nofollow noopener\" target=\"_blank\">Tribuna investiga<\/a>\n<\/li>\n<li>\n<a class=\"dropdown-item\" aria-current=\"page\" href=\"https:\/\/www.latribuna.cl\/categoria\/medio-ambiente\/\" title=\"\" rel=\"nofollow noopener\" target=\"_blank\">Medio Ambiente<\/a>\n<\/li>\n<li>\n<a class=\"dropdown-item\" aria-current=\"page\" href=\"https:\/\/www.latribuna.cl\/categoria\/opinion\/\" title=\"\" rel=\"nofollow noopener\" target=\"_blank\">Opini\u00f3n<\/a>\n<\/li>\n<li>\n<a class=\"dropdown-item\" aria-current=\"page\" href=\"https:\/\/www.latribuna.cl\/categoria\/publicontenido\/\" title=\"\" rel=\"nofollow noopener\" target=\"_blank\">Publicontenido<\/a>\n<\/li>\n<li>\n<a class=\"dropdown-item\" aria-current=\"page\" href=\"https:\/\/www.latribuna.cl\/categoria\/salud\/\" title=\"\" rel=\"nofollow noopener\" target=\"_blank\">Salud<\/a>\n<\/li>\n<li class=\"nav-item option39\">\n<a class=\"dropdown-item\" aria-current=\"page\" href=\"https:\/\/www.latribuna.cl\/categoria\/vida-social\/\" title=\"\" rel=\"nofollow noopener\" target=\"_blank\">Vida social<\/a>\n<\/li>\n<\/ul>\n<\/li>\n<\/ul>\n","protected":false},"excerpt":{"rendered":"Home Comunas Alto Bio Bio Antuco Cabrero Laja Los \u00c1ngeles Mulch\u00e9n Nacimiento Negrete Quilaco Quilleco Santa B\u00e1rbara San&hellip;\n","protected":false},"author":2,"featured_media":107850,"comment_status":"","ping_status":"","sticky":false,"template":"","format":"standard","meta":{"footnotes":""},"categories":[278],"tags":[376,37223,168,25,24,375,20326,20103,20104,37225,37224,23,167],"class_list":{"0":"post-107849","1":"post","2":"type-post","3":"status-publish","4":"format-standard","5":"has-post-thumbnail","7":"category-balonmano","8":"tag-balonmano","9":"tag-biobio","10":"tag-deportes","11":"tag-es","12":"tag-espana","13":"tag-handball","14":"tag-handbol","15":"tag-juegos-deportivos-escolares","16":"tag-liceo-aleman-del-verbo-divino","17":"tag-raul-neira","18":"tag-seleccion-ideal","19":"tag-spain","20":"tag-sports"},"share_on_mastodon":{"url":"","error":""},"_links":{"self":[{"href":"https:\/\/www.europesays.com\/es\/wp-json\/wp\/v2\/posts\/107849","targetHints":{"allow":["GET"]}}],"collection":[{"href":"https:\/\/www.europesays.com\/es\/wp-json\/wp\/v2\/posts"}],"about":[{"href":"https:\/\/www.europesays.com\/es\/wp-json\/wp\/v2\/types\/post"}],"author":[{"embeddable":true,"href":"https:\/\/www.europesays.com\/es\/wp-json\/wp\/v2\/users\/2"}],"replies":[{"embeddable":true,"href":"https:\/\/www.europesays.com\/es\/wp-json\/wp\/v2\/comments?post=107849"}],"version-history":[{"count":0,"href":"https:\/\/www.europesays.com\/es\/wp-json\/wp\/v2\/posts\/107849\/revisions"}],"wp:featuredmedia":[{"embeddable":true,"href":"https:\/\/www.europesays.com\/es\/wp-json\/wp\/v2\/media\/107850"}],"wp:attachment":[{"href":"https:\/\/www.europesays.com\/es\/wp-json\/wp\/v2\/media?parent=107849"}],"wp:term":[{"taxonomy":"category","embeddable":true,"href":"https:\/\/www.europesays.com\/es\/wp-json\/wp\/v2\/categories?post=107849"},{"taxonomy":"post_tag","embeddable":true,"href":"https:\/\/www.europesays.com\/es\/wp-json\/wp\/v2\/tags?post=107849"}],"curies":[{"name":"wp","href":"https:\/\/api.w.org\/{rel}","templated":true}]}}