{"id":107851,"date":"2025-09-11T13:33:14","date_gmt":"2025-09-11T13:33:14","guid":{"rendered":"https:\/\/www.europesays.com\/es\/107851\/"},"modified":"2025-09-11T13:33:14","modified_gmt":"2025-09-11T13:33:14","slug":"albacete-rinde-un-sentido-homenaje-a-sus-toreros","status":"publish","type":"post","link":"https:\/\/www.europesays.com\/es\/107851\/","title":{"rendered":"Albacete rinde un sentido homenaje a sus toreros"},"content":{"rendered":"<p>El d\u00eda 11 de septiembre se instaur\u00f3 en la ciudad de Albacete como el D\u00eda de la Tauromaquia, una cita muy significativa para la afici\u00f3n ya que se conmemora en la fecha en la que el desaparecido diestro albacete\u00f1o D\u00e1maso Gonz\u00e1lez cumplir\u00eda a\u00f1os. As\u00ed, ante la Puerta Grande de \u2018La Chata\u2019 ten\u00eda lugar este reconocimiento a la figura de todos los toreros de Albacete en un acto programado por la Plataforma Todos Somos Cultura.<\/p>\n<p>Un acto que comenzaba con una ofrenda a las estatuas de Chicuelo II y D\u00e1maso Gonz\u00e1lez en la que participaban familiares de ambos reconocidos toreros. As\u00ed, depositaban a los pies de las estatuas que tienen los mencionados diestros albacete\u00f1os en los alrededores de la Plaza de Toros de Albacete unos ramos de flores.<\/p>\n<p><img loading=\"lazy\" decoding=\"async\" width=\"1200\" height=\"800\" src=\"https:\/\/www.europesays.com\/es\/wp-content\/uploads\/2025\/09\/1200IMAGE-2025-09-11-142224.jpg\" alt=\"\" class=\"wp-image-1063847\"  \/>D\u00eda de la Tauromaquia en Albacete \/ Foto: Miguel Fuentes<\/p>\n<p>\u201cAlbacete es tierra de toros, toreros y de afici\u00f3n por la tauromaquia\u201d, reconoc\u00eda desde la Plataforma Todos Somos Cultura, Lola Hern\u00e1ndez, quien subrayaba que \u201cel coraz\u00f3n de nuestra ciudad y de la provincia late al ritmo de la embestida de un capote\u201d. De este modo, desarrollaba que \u201cla Fiesta Nacional se transmite de generaci\u00f3n en generaci\u00f3n\u201d, pidiendo que \u201clleven a los ni\u00f1os y a todo aquel que no conozca este maravilloso mundo, al campo, donde todo comienza, donde nace y se cr\u00eda el animal m\u00e1s bello del mundo: el toro de lidia\u201d.<\/p>\n<p>Una petici\u00f3n a la que sumaba \u201cconocer el toro en las calles y en las plazas\u201d, destacaba que \u201clos taurinos tenemos el deber y la obligaci\u00f3n de defender siempre con argumentos la tauromaquia\u201d. Pon\u00eda de relieve Lola Hern\u00e1ndez que \u201cAlbacete celebra este D\u00eda de la Tauromaquia con 74 matadores de toros y hoy rendimos homenaje a todos ellos\u201d.<\/p>\n<p><img loading=\"lazy\" decoding=\"async\" width=\"1200\" height=\"1798\" src=\"https:\/\/www.europesays.com\/es\/wp-content\/uploads\/2025\/09\/1200IMAGE-2025-09-11-142217.jpg\" alt=\"\" class=\"wp-image-1063843\"  \/>D\u00eda de la Tauromaquia en Albacete \/ Foto: Miguel Fuentes<\/p>\n<p>Pon\u00edan de relieve desde la Plataforma Todos Somos Cultura que \u201cuno de los grandes toreros y quiz\u00e1s el m\u00e1s importante de que ha dado Albacete ha sido Chicuelo, con una corta pero brillante trayectoria, llegando a cortar siete orejas en dos tardes en Las Ventas\u201d. Adem\u00e1s, pon\u00edan de relieve sobre el figura de D\u00e1maso Gonz\u00e1lez que \u201clleg\u00f3 a liderar el escalaf\u00f3n taurino de la \u00e9poca, compitiendo con Luis Miguel Domingu\u00edn, Antonio Ord\u00f3\u00f1ez o Domingo Ortega, paseando en nombre de Albacete por toda Espa\u00f1a y Am\u00e9rica\u201d, a\u00f1adiendo que \u201choy 11 de septiembre, el maestro D\u00e1maso Gonz\u00e1lez cumplir\u00eda 77 a\u00f1os y forma parte de la historia del toreo, dej\u00e1ndonos un important\u00edsimo legado\u201d. De este modo, reivindicaban \u201cuna calle, avenida o plaza con el nombre de quien tantas tardes pase\u00f3 con orgullo por plazas de Am\u00e9rica Latina y Espa\u00f1a el nombre de Albacete, y no es otro que el maestro D\u00e1maso Gonz\u00e1lez, el \u2018Rey del Temple\u2019\u201d.<\/p>\n<p><img loading=\"lazy\" decoding=\"async\" width=\"1200\" height=\"1798\" src=\"https:\/\/www.europesays.com\/es\/wp-content\/uploads\/2025\/09\/1200IMAGE-2025-09-11-142214.jpg\" alt=\"\" class=\"wp-image-1063841\"  \/>D\u00eda de la Tauromaquia en Albacete \/ Foto: Miguel Fuentes<\/p>\n<p><strong>Apoyo a la tauromaquia en Albacete<\/strong><\/p>\n<p>Participaban en esta importante cita para homenajear a la tauromaquia en Albacete el alcalde de la ciudad, Manuel Serrano; y el presidente de la Diputaci\u00f3n provincial, Santiago Caba\u00f1ero. Adem\u00e1s, se acercaban hasta la Puerta Grande de la Plaza de Toros numerosos aficionados y personas vinculadas al mundo del toro para sumarse a esta iniciativa.<\/p>\n<p>\u201cLa Feria de Albacete es patrimonio nacional\u201d, pon\u00eda de relieve Manuel Serrano, una cita que sosten\u00eda en alcalde de la ciudad que \u201cno se entender\u00eda sin la Feria Taurina\u201d. En este punto, incid\u00eda en que \u201clos toros, en cualquier versi\u00f3n, bien en la calle o bien en una plaza de toros, forman parte del arraigo, de la tradici\u00f3n, del acervo, de la identidad y del pueblo\u201d.<\/p>\n<p><img loading=\"lazy\" decoding=\"async\" width=\"1200\" height=\"801\" src=\"https:\/\/www.europesays.com\/es\/wp-content\/uploads\/2025\/09\/1200IMAGE-2025-09-11-142222.jpg\" alt=\"\" class=\"wp-image-1063846\"  \/>D\u00eda de la Tauromaquia en Albacete \/ Foto: Miguel Fuentes<\/p>\n<p>Al respecto, manifestaba Serrano que la tauromaquia en Albacete \u201chan supuesto y van a suponer mucho m\u00e1s\u201d. Y es que subraya que \u201cpodemos decir la de Albacete que es una de las mejores ferias taurinas del panorama nacional\u201d, insistiendo en que \u201csolo hay que ver el cartel que cuelga de la Puerta Grande de la Plaza de Toros de Albacete\u201d. Un cartel que reconoc\u00eda el alcalde \u201ces el cartel que merece la mejor afici\u00f3n de Albacete\u201d.<\/p>\n<p>Un 11 de septiembre que \u201cha quedado instaurado para siempre en Albacete como el D\u00eda de la Tauromaquia, el d\u00eda de la gente del toro, el d\u00eda de los profesionales, de banderilleros, de apoderados, de toreros y, en definitiva, un gran d\u00eda para la ciudad de Albacete\u201d, sosten\u00eda Manuel Serrano. Aplaudiendo la labor de todo este importante colectivo para la ciudad y la provincia de Albacete.<\/p>\n<p><img loading=\"lazy\" decoding=\"async\" width=\"1200\" height=\"1798\" src=\"https:\/\/www.europesays.com\/es\/wp-content\/uploads\/2025\/09\/1200IMAGE-2025-09-11-142219.jpg\" alt=\"\" class=\"wp-image-1063844\"  \/>D\u00eda de la Tauromaquia en Albacete \/ Foto: Miguel Fuentes<\/p>\n<p>Por su parte, el presidente de la Diputaci\u00f3n de Albacete, Santiago Caba\u00f1ero, tambi\u00e9n se sumaba a este homenaje al mundo de la tauromaquia y a los diestros D\u00e1maso Gonz\u00e1lez y Chicuelo II. \u201cEsta es una provincia taurina, lo decimos con orgullo, lo decimos desde el sentimiento, pero tambi\u00e9n lo decimos desde el conocimiento y desde la objetividad de poder decir que en m\u00e1s de la mitad de los municipios de la provincia se celebran festejos taurinos en sus diferentes modalidades\u201d, pon\u00eda de relieve el presidente de la instituci\u00f3n provincial.<\/p>\n<p>Al respecto, subrayaba Caba\u00f1ero que la de Albacete \u201ces un provincia taurina\u201d, incidiendo en que la tauromaquia \u201ces parte de nuestra identidad\u201d. De este modo, consideraba que \u201ctenemos que defender la tauromaquia sin complejos, tenemos que defender las corridas de toros\u201d.<\/p>\n<p>En este punto, incid\u00eda en que \u201ctenemos que empezar a recordar que las becerradas, las novilladas, las corridas de toros, las veredas, el toro en la calle, el toro en cord\u00f3n, los bous al carrer, el toro enmaromao, el toro de cuerda, el toro embolado, no se podr\u00edan producir, no se practicar\u00edan si no hubiese corridas de toros, si no hubiese ganaderos que se dedicaran a criar reses bravas para lidiarse en plazas de toros\u201d. \u201cCreo que lo tenemos que defender sin hipocres\u00edas, con certezas, diciendo las cosas como son\u201d, subrayaba Caba\u00f1ero, a lo que a\u00f1ad\u00eda que \u201cno puedo entender que en algunos territorios se proh\u00edban las corridas de toros, pero se sigan practicando otras modalidades de festejos taurinos con el toro bravo\u201d.\u00a0<\/p>\n<p><img loading=\"lazy\" decoding=\"async\" width=\"1200\" height=\"1798\" src=\"https:\/\/www.europesays.com\/es\/wp-content\/uploads\/2025\/09\/1200IMAGE-2025-09-11-142221.jpg\" alt=\"\" class=\"wp-image-1063845\"  \/>D\u00eda de la Tauromaquia en Albacete \/ Foto: Miguel Fuentes<\/p>\n<p>En concreto, pon\u00eda de relieve el presidente de la Diputaci\u00f3n de Albacete que \u201cesta es una afici\u00f3n que uno la tiene, uno la tiene, que te gusta o no te gusta y que no est\u00e1 obligado nadie a que le guste y le deje de gustar\u201d. Pero expresaba que \u201clos que nos gusta, los que la disfrutamos, pues la reivindicamos desde cualquier altavoz que podamos hacerlo\u201d.<\/p>\n<p>En el marco del D\u00eda de la Tauromaquia adelantaba Santiago Caba\u00f1ero que la Diputaci\u00f3n conceder\u00e1 \u201cantes de que finalice el a\u00f1o 2025, la Medalla de Oro de la Provincia de Albacete a D\u00e1maso Gonz\u00e1lez\u201d, poniendo de relieve que es un reconocimiento que \u201cse merec\u00eda y es de justicia cumplir con no solo un gran torero, sino con una magn\u00edfica persona que ha trabajado en pro de los mandos visitados siempre de esta provincia\u201d . Un nombramiento que tuvo que verse aplazado debido a la DANA que asol\u00f3 Letur en octubre del pasado a\u00f1o.<\/p>\n<p>La Feria de Albacete celebraba el D\u00eda de la Tauromaquia recordando las figuras de los desaparecidos D\u00e1maso Gonz\u00e1lez y Chicuelo II, pero poniendo tambi\u00e9n en valor a los grandes profesionales con los que cuenta esta tierra y aplaudiendo a la cantera que se forma en la Escuela Taurina de Albacete.<\/p>\n<p>\/Fotos: Miguel Fuentes\/<\/p>\n","protected":false},"excerpt":{"rendered":"El d\u00eda 11 de septiembre se instaur\u00f3 en la ciudad de Albacete como el D\u00eda de la Tauromaquia,&hellip;\n","protected":false},"author":2,"featured_media":107852,"comment_status":"","ping_status":"","sticky":false,"template":"","format":"standard","meta":{"footnotes":""},"categories":[277],"tags":[2545,373,168,25,24,23,167,374],"class_list":{"0":"post-107851","1":"post","2":"type-post","3":"status-publish","4":"format-standard","5":"has-post-thumbnail","7":"category-toreo","8":"tag-albacete","9":"tag-bullfighting","10":"tag-deportes","11":"tag-es","12":"tag-espana","13":"tag-spain","14":"tag-sports","15":"tag-toreo"},"share_on_mastodon":{"url":"","error":""},"_links":{"self":[{"href":"https:\/\/www.europesays.com\/es\/wp-json\/wp\/v2\/posts\/107851","targetHints":{"allow":["GET"]}}],"collection":[{"href":"https:\/\/www.europesays.com\/es\/wp-json\/wp\/v2\/posts"}],"about":[{"href":"https:\/\/www.europesays.com\/es\/wp-json\/wp\/v2\/types\/post"}],"author":[{"embeddable":true,"href":"https:\/\/www.europesays.com\/es\/wp-json\/wp\/v2\/users\/2"}],"replies":[{"embeddable":true,"href":"https:\/\/www.europesays.com\/es\/wp-json\/wp\/v2\/comments?post=107851"}],"version-history":[{"count":0,"href":"https:\/\/www.europesays.com\/es\/wp-json\/wp\/v2\/posts\/107851\/revisions"}],"wp:featuredmedia":[{"embeddable":true,"href":"https:\/\/www.europesays.com\/es\/wp-json\/wp\/v2\/media\/107852"}],"wp:attachment":[{"href":"https:\/\/www.europesays.com\/es\/wp-json\/wp\/v2\/media?parent=107851"}],"wp:term":[{"taxonomy":"category","embeddable":true,"href":"https:\/\/www.europesays.com\/es\/wp-json\/wp\/v2\/categories?post=107851"},{"taxonomy":"post_tag","embeddable":true,"href":"https:\/\/www.europesays.com\/es\/wp-json\/wp\/v2\/tags?post=107851"}],"curies":[{"name":"wp","href":"https:\/\/api.w.org\/{rel}","templated":true}]}}