{"id":107853,"date":"2025-09-11T13:36:13","date_gmt":"2025-09-11T13:36:13","guid":{"rendered":"https:\/\/www.europesays.com\/es\/107853\/"},"modified":"2025-09-11T13:36:13","modified_gmt":"2025-09-11T13:36:13","slug":"asi-es-la-vida-actual-de-ivan-helguera","status":"publish","type":"post","link":"https:\/\/www.europesays.com\/es\/107853\/","title":{"rendered":"as\u00ed es la vida actual de Iv\u00e1n Helguera"},"content":{"rendered":"<p id=\"eLHKurwx9uz\" data-wc=\"115\"><strong>Iv\u00e1n Helguera<\/strong> colg\u00f3 las botas a finales de 2008 tras jugar durante siete temporadas en el Real Madrid, equipo con el que gan\u00f3 tres ligas, dos Supercopas de Espa\u00f1a, dos Champions, una Supercopa de Europa y una Intercontinental. Desde entonces, lleva una vida muy tranquila junto a <strong>su mujer, la que fuera periodista deportiva Lorena Casado, y sus dos hijos, Lucca y Enzo, de 19 y 17 a\u00f1os<\/strong>. Aunque prefiere evitar los focos, anoche hizo una excepci\u00f3n: acudi\u00f3 al estreno de <a class=\"hm-link ho-link\" href=\"https:\/\/www.hola.com\/viajes\/20250909854747\/escenarios-reales-pelicula-cautivo-amenabar\/\" data-mrf-recirculation=\"article-body-link\" rel=\"nofollow noopener\" target=\"_blank\">El cautivo, la nueva pel\u00edcula de Alejandro Amen\u00e1bar<\/a>, y pos\u00f3 as\u00ed de sonriente para los fot\u00f3grafos. Lo hizo acompa\u00f1ado de su esposa y de <strong>su primog\u00e9nito, que apunta maneras como joven promesa del tenis<\/strong>.\u00a0<\/p>\n<p> <img src=\"https:\/\/www.europesays.com\/es\/wp-content\/uploads\/2025\/09\/665984f5e947-dlu590573091.jpg\"   width=\"682\" height=\"1024\" loading=\"lazy\" decoding=\"async\" alt=\"Iv\u00e1n Helguera con su mujer y sus hijos en el estreno de El cautivo en Madrid. 10 de septiembre de 2025\" fetchpriority=\"auto\" class=\"image ho-image\"\/>\u00a9 GTRES<\/p>\n<p class=\"\" id=\"ehqiyyMttIJ\" data-wc=\"95\">Tras retirarse del f\u00fatbol, Helguera comenz\u00f3 una nueva vida como agente inmobiliario, aprovechando los conocimientos en finanzas de su mujer. \u00ab<strong>Buscamos terrenos, vendemos edificios, tenemos hoteles&#8230;un poco de todo y no nos va nada mal<\/strong>\u00ab, cont\u00f3 recientemente en el podcast\u00a0Offsiders. \u00abHay que intentar diversificar y a la vez pasarlo bien\u00bb, a\u00f1adi\u00f3. Adem\u00e1s, asegur\u00f3 que \u00abno es tan dif\u00edcil ganar dinero como la gente se cree, lo que pasa es que tenemos un d\u00e9ficit importante en Espa\u00f1a sobre el aprendizaje de la econom\u00eda\u00bb. Para triunfar en esta profesi\u00f3n, explic\u00f3, estudi\u00f3 \u201cdos a\u00f1os sobre las bolsas\u201d.\u00a0<\/p>\n<p> <img src=\"https:\/\/www.europesays.com\/es\/wp-content\/uploads\/2025\/09\/e1494066c7a6-dlu590573092.jpg\"   width=\"1024\" height=\"682\" loading=\"lazy\" decoding=\"async\" alt=\"Iv\u00e1n Helguera con su mujer y sus hijos en el estreno de El cautivo en Madrid. 10 de septiembre de 2025\" fetchpriority=\"auto\" class=\"image ho-image\"\/>\u00a9 GTRES<\/p>\n<p class=\"\" id=\"eai3GUiQJk\" data-wc=\"45\">Al lado de Lorena, el exfutbolista ha construido la vida que siempre so\u00f1\u00f3. Se casaron el 9 de julio de 2004 en la iglesia de San Pedro Ap\u00f3stol, en la localidad c\u00e1ntabra de Noja, y celebraron el banquete en el Palacio del Marqu\u00e9s de Albaic\u00edn.<\/p>\n<p> <img src=\"https:\/\/www.europesays.com\/es\/wp-content\/uploads\/2025\/09\/ea1f20a5914c-europapress225414bodaivanhelgueralorenacasadonojacantabria.jpg\"   width=\"759\" height=\"1024\" loading=\"lazy\" decoding=\"async\" alt=\"(Foto de ARCHIVO)&#10;BODA IVAN HELGUERA Y LORENA CASADO EN NOJA CANTABRIA&#10;&#10;Europa Press Reportajes \/ Europa Press&#10;&#10;12\/7\/2004\" fetchpriority=\"auto\" class=\"image ho-image\"\/>\u00a9 Europa Press<\/p>\n<p class=\"\" id=\"e6R-3DF5Xt\" data-wc=\"25\">Al enlace acudieron m\u00e1s de 300 invitados, entre ellos, los entonces futbolistas Manolo Sanch\u00eds, Emilio Butrague\u00f1o, Aitor Karanka, Michel Salgado o el franc\u00e9s Claude Makelele.\u00a0<\/p>\n<p> <img src=\"https:\/\/www.europesays.com\/es\/wp-content\/uploads\/2025\/09\/fdbd687abe0c-europapress225416bodaivanhelgueralorenacasadonojacantabria.jpg\"   width=\"1024\" height=\"710\" loading=\"lazy\" decoding=\"async\" alt=\"BODA IVAN HELGUERA Y LORENA CASADO EN NOJA CANTABRIA&#10;&#10;Europa Press Reportajes \/ Europa Press&#10;&#10;12\/7\/2004\" fetchpriority=\"auto\" class=\"image ho-image\"\/>\u00a9 Europa Press<\/p>\n<p id=\"ewO1ccnM9KV\" data-wc=\"90\">Una vez convertidos en marido y mujer, la felicidad del matrimonio aument\u00f3 con la llegada de sus dos hijos, a quienes han inculcado la pasi\u00f3n por el deporte, aunque ellos se han decantado por la raqueta en lugar del bal\u00f3n. \u00ab<strong>Juegan al tenis, lo hacen bien y, bueno, es un deporte complicado, pero les gusta<\/strong>\u201d, expres\u00f3 con orgullo Helguera en declaraciones a Europa Press. \u201cLa verdad es que ya tienen una edad en la que podr\u00edan estar haciendo otras cosas y, sin embargo, practican deporte; para m\u00ed eso es maravilloso\u201d.\u00a0<\/p>\n<p> <img src=\"https:\/\/www.europesays.com\/es\/wp-content\/uploads\/2025\/09\/a456f6f2084f-europapress806116ivanhelgueradisfrutavidafamiliar.jpg\"   width=\"658\" height=\"1024\" loading=\"lazy\" decoding=\"async\" alt=\"IV\u00c1N HELGUERA DISFRUTA DE SU VIDA FAMILIAR&#10;17\/2\/2013\" fetchpriority=\"auto\" class=\"image ho-image\"\/>\u00a9 Europa Press<\/p>\n<p id=\"eco98MFaSJw\" data-wc=\"137\"><strong>Helguera ha reconocido que se sufre mucho como padre de dos j\u00f3venes tenistas<\/strong> e incluso, a veces, cuando juegan, tiene que marcharse de la pista. Pese a ello, se muestra realista y su \u00fanico objetivo es que ambos disfruten. \u00abEllos quieren competir y lo hacen bien, pero yo lo \u00fanico que quiero es que hagan deporte. A todos nos gusta ganar y que nuestros hijos sean unos fen\u00f3menos y puedan llegar arriba, pero en el tenis es muy complicado\u00bb, declar\u00f3 en una entrevista con La Provincia. \u00ab<strong>Yo consegu\u00ed mi sue\u00f1o, ser futbolista profesional y jugar en un equipo tan grande como el Real Madrid. Ahora les toca a mis hijos<\/strong>, que los dos juegan al tenis, luchar por conseguir sus sue\u00f1os y, si no, pues que disfruten del deporte\u00bb, a\u00f1adi\u00f3 en declaraciones a La Tribuna de Albacete.<\/p>\n","protected":false},"excerpt":{"rendered":"Iv\u00e1n Helguera colg\u00f3 las botas a finales de 2008 tras jugar durante siete temporadas en el Real Madrid,&hellip;\n","protected":false},"author":2,"featured_media":107854,"comment_status":"","ping_status":"","sticky":false,"template":"","format":"standard","meta":{"footnotes":""},"categories":[274],"tags":[517,168,253,25,24,256,23,167,327,326],"class_list":{"0":"post-107853","1":"post","2":"type-post","3":"status-publish","4":"format-standard","5":"has-post-thumbnail","7":"category-tenis","8":"tag-actualidad","9":"tag-deportes","10":"tag-discover","11":"tag-es","12":"tag-espana","13":"tag-famosos","14":"tag-spain","15":"tag-sports","16":"tag-tenis","17":"tag-tennis"},"share_on_mastodon":{"url":"","error":""},"_links":{"self":[{"href":"https:\/\/www.europesays.com\/es\/wp-json\/wp\/v2\/posts\/107853","targetHints":{"allow":["GET"]}}],"collection":[{"href":"https:\/\/www.europesays.com\/es\/wp-json\/wp\/v2\/posts"}],"about":[{"href":"https:\/\/www.europesays.com\/es\/wp-json\/wp\/v2\/types\/post"}],"author":[{"embeddable":true,"href":"https:\/\/www.europesays.com\/es\/wp-json\/wp\/v2\/users\/2"}],"replies":[{"embeddable":true,"href":"https:\/\/www.europesays.com\/es\/wp-json\/wp\/v2\/comments?post=107853"}],"version-history":[{"count":0,"href":"https:\/\/www.europesays.com\/es\/wp-json\/wp\/v2\/posts\/107853\/revisions"}],"wp:featuredmedia":[{"embeddable":true,"href":"https:\/\/www.europesays.com\/es\/wp-json\/wp\/v2\/media\/107854"}],"wp:attachment":[{"href":"https:\/\/www.europesays.com\/es\/wp-json\/wp\/v2\/media?parent=107853"}],"wp:term":[{"taxonomy":"category","embeddable":true,"href":"https:\/\/www.europesays.com\/es\/wp-json\/wp\/v2\/categories?post=107853"},{"taxonomy":"post_tag","embeddable":true,"href":"https:\/\/www.europesays.com\/es\/wp-json\/wp\/v2\/tags?post=107853"}],"curies":[{"name":"wp","href":"https:\/\/api.w.org\/{rel}","templated":true}]}}