{"id":107855,"date":"2025-09-11T13:37:06","date_gmt":"2025-09-11T13:37:06","guid":{"rendered":"https:\/\/www.europesays.com\/es\/107855\/"},"modified":"2025-09-11T13:37:06","modified_gmt":"2025-09-11T13:37:06","slug":"vuelta-a-espana-2025-hoy-en-directo-etapa-18-contrarreloj-individual-valladolid-valladolid-en-vivo-online-diario-as","status":"publish","type":"post","link":"https:\/\/www.europesays.com\/es\/107855\/","title":{"rendered":"Vuelta a Espa\u00f1a 2025 hoy en directo: etapa 18, contrarreloj individual Valladolid &#8211; Valladolid, en vivo online &#8211; Diario AS"},"content":{"rendered":"<ol>\n<li><a href=\"https:\/\/news.google.com\/rss\/articles\/CBMi3wFBVV95cUxQeXB0X3JxUTVVSFJTZTJKMm81R19xYnRVMHcwNUhTZDVFVXBwWTdmTzFVMUMxUHA3c1JKbFpRTGQ3OTFSVzdNbFNieEtiakFJajNzcFFpS3RFZm1NUmVCRFh2WlBxM2hWTTA1eW5EM0k4NGRTZWZnMjZRUmphX21QaXpLaGFuTlBHX1oxRXFLZGo1aGpDZDM5SFBRd19xMUN5VGdBR0VLNmR3UEl1Z3lDZGNnUlBrcm9FTm83RVZwaDNsSDdBSDIza1dVQ0lHNVpFM2tDY0x3V0s2NmRHNFFZ0gHzAUFVX3lxTE1HS0JjY3RSa0hGMk02TDhFQ2xndkpIaHZheTlpbjl3QzNLaHBMVEFxUk9oNXJWS0xYWkh3VXlHWE92YjdZU0h0MEZ5STB0SVFLN09IQUxEdFNiQngtRUdYbnlRbGxjUDlDVEtxUk04T01sbjdxdDgzV05TZWRxc1A3YXJYc3p1Sk5xOG1vRHFNNFR3OFc3ZkJCb09nblVFTmZFN3BOSm5yei13MGhqNnowOVA2WDdNa2FPenhHaElESElvOEtXSVZ2OWpLdVJaWGM0TmIwZTFTa3U1MXoydlZKOS1PeTZVWG0xZGp1TWttSTNpOA?oc=5\" target=\"_blank\" rel=\"nofollow noopener\">Vuelta a Espa\u00f1a 2025 hoy en directo: etapa 18, contrarreloj individual Valladolid &#8211; Valladolid, en vivo online<\/a>&nbsp;&nbsp;Diario AS<\/li>\n<li><a href=\"https:\/\/news.google.com\/rss\/articles\/CBMitAFBVV95cUxPWGNCUURDdFU1WXlWdGI1Ui14WHNwTXBHclVHYVBoNkpHNTAwb1pEQjlpa3I0WWNuWDdDV3RmX2dQSEhZVjlBa2lJUUljTjViS2dVZnFEVEhWNzdGcklUTEpmdjZXRnF1bllGV3VBdDFmZDJHYTM3R2loZUx2MFdvSkxsN2lkQ25OQ1ZLRW9VcVh2QUE0YVEzN25NSlZEaWU5bFZldXhDdW9WNGxld1JnNUxMX3g?oc=5\" target=\"_blank\" rel=\"nofollow noopener\">Etapa de la Vuelta a Espa\u00f1a en Valladolid hoy: recorrido completo, cortes de tr\u00e1fico y cambios en el transporte p\u00fablico<\/a>&nbsp;&nbsp;ABC<\/li>\n<li><a href=\"https:\/\/news.google.com\/rss\/articles\/CBMiswFBVV95cUxONVBwV2M5NWhCcDAwOWtCcjFIV3B6WnBrYnR5RS1lMnJ6cmhlOTRSRnFUdkd6c1JyVHNSLThoT0NRVWZqRlpXSkEyX0RpNFhpV2tVLS1pejdSVWxiWFFaNUhMa0xoalpTcU9Pa0N0SlRqOVVWOXFKR3ZsRHl2Mm1FQl9mQ1FkbkVEQnhzbXVTelpidDcwVDNfRUxFS3NCMDdwcDUwSENHaHpQczZ4aUVOaVNwUdIBswFBVV95cUxNS2QzZVFJNW54bzcxQTczT3YtRW02dTM3aWY0Qmg3OFFEeGRRaE41ai0xeVNnbWt2M3Q2SUNUTHBBMmxTV2pSTm40c1VJTnhMWksweF9pS3FTY2F3MmFpZUtNdkVRUkRnQTZVTlFrUEs0X0JVcG5ManpDWl9GZXVzNHpTdXQ2Q0ZOaGxhSlhBLXo0UUp6dl9YLWVFNjhqR25xN2ZDWU1BaFh5S2lrWnhSZmlBdw?oc=5\" target=\"_blank\" rel=\"nofollow noopener\">Pol\u00e9mica en la salida de la crono de Valladolid: \u00abVerg\u00fcenza, otra m\u00e1s de Marlaska\u00bb<\/a>&nbsp;&nbsp;MARCA<\/li>\n<li><a href=\"https:\/\/news.google.com\/rss\/articles\/CBMi5AFBVV95cUxQUFlQb016eWZqWkl6Y3Y5U19pdkpJYnZ5NnEwdDRpLW4xRHBUR3IybEVKOGo5UWtqMmQ5aWV2eFhJY19nejNEN01yMEV4MFZNclZUVVdNNmlCNk92WkpFai1iNmM0UGFLVTlxa1lDSGpZSUhwa2NuREtseG9tek9VRWtqQy1FdnZVNTNaVE5GcFI0cl8tcjRhYlJkTEtyYzg3d1NDbk85Qk9QczJXSS1Vd0RJSmlTeDFEdEJMSXRIT0pzZEZERW93eFFiaWZpN2NSTjhwdi1mSTh2YXZSdWFPcVJvbFPSAeQBQVVfeXFMT3Q0ck5UY0tjaXpLbWVlaUw0T0tKTmpZQ1Q5YnVreFJuYnpjQzRZNUJLeHFkYmJYWUUtWnR4TTdueVNXenQwMVFLdTZBSmo0YVRHY0RDRWZ0SFJDZmxqRDdRV3hsRE5JWmdZLVRLVUk3bWkzY2tGRVEzdGVTOFVubFFvY0dNUlpVa2kyY2tTcGg4V0tvZjZ3a3VCTTFVQnYtejd5dEZhTDJyeHVTSzJLOUxXSmlUZE1VZXg2a1kyYVh4bGdBZDN5R3ZhRUttLTI4Uk5rMEt4VVZ3RzRMOEFHRlpJdHEy?oc=5\" target=\"_blank\" rel=\"nofollow noopener\">Valladolid se blinda con m\u00e1s de 1.000 efectivos de seguridad ante el temor a protestas propalestinas en la Vuelta<\/a>&nbsp;&nbsp;RTVE.es<\/li>\n<li><a href=\"https:\/\/news.google.com\/rss\/articles\/CBMiwAFBVV95cUxNcGFxR25qQUVEdHVoeGNCX2hPcHZZU0NsQzlOV2xpR2l1RXlpN2NwQ2dmWEFORVlCNDFucV9FRjczbGZrUWQwZjltRUtlOHFlTm5HT2FoYkJtV3JMeEV3ZkR3Uk5WTHdRWjNBMno5UVNWbkJmYU5VSVZ1bERGOVVaOW1Ca2h0N18zVVBlNFBEcUVzZ19CT2MwVTZLQWFKMGZFSHN2LURxcFlwZS1ReG1jMWF0SGw0ZGxtcnhSbnB1V2g?oc=5\" target=\"_blank\" rel=\"nofollow noopener\">La organizaci\u00f3n de la Vuelta acorta la contrarreloj de Valladolid por seguridad | Ciclismo | Deportes<\/a>&nbsp;&nbsp;EL PA\u00cdS<\/li>\n<\/ol>\n","protected":false},"excerpt":{"rendered":"Vuelta a Espa\u00f1a 2025 hoy en directo: etapa 18, contrarreloj individual Valladolid &#8211; Valladolid, en vivo online&nbsp;&nbsp;Diario AS&hellip;\n","protected":false},"author":2,"featured_media":107856,"comment_status":"","ping_status":"","sticky":false,"template":"","format":"standard","meta":{"footnotes":""},"categories":[273],"tags":[313,312,168,25,24,23,167],"class_list":{"0":"post-107855","1":"post","2":"type-post","3":"status-publish","4":"format-standard","5":"has-post-thumbnail","7":"category-ciclismo","8":"tag-ciclismo","9":"tag-cycling","10":"tag-deportes","11":"tag-es","12":"tag-espana","13":"tag-spain","14":"tag-sports"},"share_on_mastodon":{"url":"","error":""},"_links":{"self":[{"href":"https:\/\/www.europesays.com\/es\/wp-json\/wp\/v2\/posts\/107855","targetHints":{"allow":["GET"]}}],"collection":[{"href":"https:\/\/www.europesays.com\/es\/wp-json\/wp\/v2\/posts"}],"about":[{"href":"https:\/\/www.europesays.com\/es\/wp-json\/wp\/v2\/types\/post"}],"author":[{"embeddable":true,"href":"https:\/\/www.europesays.com\/es\/wp-json\/wp\/v2\/users\/2"}],"replies":[{"embeddable":true,"href":"https:\/\/www.europesays.com\/es\/wp-json\/wp\/v2\/comments?post=107855"}],"version-history":[{"count":0,"href":"https:\/\/www.europesays.com\/es\/wp-json\/wp\/v2\/posts\/107855\/revisions"}],"wp:featuredmedia":[{"embeddable":true,"href":"https:\/\/www.europesays.com\/es\/wp-json\/wp\/v2\/media\/107856"}],"wp:attachment":[{"href":"https:\/\/www.europesays.com\/es\/wp-json\/wp\/v2\/media?parent=107855"}],"wp:term":[{"taxonomy":"category","embeddable":true,"href":"https:\/\/www.europesays.com\/es\/wp-json\/wp\/v2\/categories?post=107855"},{"taxonomy":"post_tag","embeddable":true,"href":"https:\/\/www.europesays.com\/es\/wp-json\/wp\/v2\/tags?post=107855"}],"curies":[{"name":"wp","href":"https:\/\/api.w.org\/{rel}","templated":true}]}}