{"id":107859,"date":"2025-09-11T13:39:22","date_gmt":"2025-09-11T13:39:22","guid":{"rendered":"https:\/\/www.europesays.com\/es\/107859\/"},"modified":"2025-09-11T13:39:22","modified_gmt":"2025-09-11T13:39:22","slug":"el-hestia-menorca-echa-a-andar-cargado-de-ilusion","status":"publish","type":"post","link":"https:\/\/www.europesays.com\/es\/107859\/","title":{"rendered":"El Hestia Menorca echa a andar cargado de ilusi\u00f3n"},"content":{"rendered":"<p>La <strong>temporada 2025\/26 del nuevo e ilusionante <a href=\"https:\/\/www.menorca.info\/etiqueta\/Hestia+Menorca.html?utm_source=Inline-tag&amp;utm_medium=internal\" rel=\"nofollow noopener\" target=\"_blank\">Hestia Menorca<\/a><\/strong> es toda una realidad. Con toda la plantilla ya establecida en la Isla tras la llegada de las \u00faltimas piezas en los \u00faltimos d\u00edas de agosto y el regreso de V\u00edctor Arteaga el pasado 1 de septiembre, el <strong>Pavell\u00f3 Menorca<\/strong> \u2014con su reluciente nuevo parquet\u2014 ha sido el escenario de los <strong>primeros entrenamientos del grupo<\/strong>.<\/p>\n<p>La puesta a punto de cara a la presentaci\u00f3n ante la afici\u00f3n menorquina, que tendr\u00e1 lugar <strong>este s\u00e1bado (19.30h) frente al Joventut de Badalona<\/strong>, ha empezado con alguna que otra doble sesi\u00f3n durante las fiestas de Gr\u00e0cia. Y es que <strong>no hay tiempo que perder<\/strong> en un curso que despierta tanto optimismo entre la hinchada, algo de lo que es consciente cada una de las personas que integran el club.<\/p>\n<p><img loading=\"lazy\" decoding=\"async\" src=\"https:\/\/www.europesays.com\/es\/wp-content\/uploads\/2025\/09\/3469275.jpg\" border=\"0\" alt=\"gg100925002 (29).jpg\" width=\"1365\" height=\"2048\"\/>&#13;<br \/>\n&#13;<\/p>\n<p style=\"margin-bottom: 0cm; line-height: 100%;\">V\u00edctor Arteaga y Adams Sola<\/p>\n<p>&#13;<br \/>\n&#13;<\/p>\n<p>Continuidad asegurada<\/p>\n<p>Es el caso del<strong> canterano de la Penya, <a href=\"https:\/\/www.menorca.info\/etiqueta\/Pol+Molins.html?utm_source=Inline-tag&amp;utm_medium=internal\" rel=\"nofollow noopener\" target=\"_blank\">Pol Molins<\/a><\/strong>, quien se estrenar\u00e1 <strong>midi\u00e9ndose a su \u00eddolo Ricky Rubio<\/strong> \u2014de El Masnou, como \u00e9l\u2014 y al equipo que le vio crecer. No obstante, podr\u00eda no haber sido as\u00ed. En alg\u00fan momento del verano parec\u00eda <strong>ponerse en duda la continuidad<\/strong> del que ya es uno de los veteranos del Hestia debido a la demora en la firma de su renovaci\u00f3n, algo que para \u00e9l estuvo claro desde un primer momento. \u00abRealmente desde el principio (del verano) ya lo hab\u00edamos empezado a hablar, pero despu\u00e9s se acab\u00f3 alargando por otros temas. <strong>Ambas partes est\u00e1bamos muy contentas y quer\u00edamos seguir<\/strong>\u00bb, expresa el jugador catal\u00e1n.<\/p>\n<p>El hecho de que Molins haya estado pr\u00e1cticamente <strong>\u00abtodo el verano\u00bb en la Isla entren\u00e1ndose por su cuenta<\/strong> en Bintalfa tambi\u00e9n le proporcionaba al club la certeza de saber que estar\u00eda disponible en cualquier momento para negociar y tratar su renovaci\u00f3n. \u00ab<strong>Menorca es como mi segunda casa<\/strong>. Durante el verano voy y vengo para hacer alguna semana en El Masnou y ver a mi familia. Aunque suene raro, ellos prefieren visitarme en la Isla durante el invierno\u00bb, comenta entre risas.<\/p>\n<p><img loading=\"lazy\" decoding=\"async\" src=\"https:\/\/www.europesays.com\/es\/wp-content\/uploads\/2025\/09\/3469273.jpg\" border=\"0\" alt=\"gg100925002 (2).jpg\" width=\"1365\" height=\"2048\"\/>&#13;<br \/>\n&#13;<\/p>\n<p style=\"margin-bottom: 0cm; line-height: 100%;\">Pol Molins<\/p>\n<p>&#13;<br \/>\n&#13;<\/p>\n<p>Pese a que su intenci\u00f3n de <strong>permanecer en Bintalfa un a\u00f1o m\u00e1s<\/strong> la manifest\u00f3 nada m\u00e1s acabar la temporada, lo cierto es que la confecci\u00f3n de la nueva plantilla tambi\u00e9n le ha invitado a reafirmar esta voluntad. \u00abTen\u00eda claro que quer\u00eda seguir aqu\u00ed pese a no saber a\u00fan d\u00f3nde estar\u00eda el equipo, pero obviamente creo que <strong>hay una muy buena plantilla<\/strong>. Se ha hecho muy buen trabajo este verano. Si ves los fichajes y los nombres, est\u00e1 claro que se trata de <strong>un paso adelante para el proyecto<\/strong>. Ahora todos nos tenemos que adaptar porque estamos en este proceso de conocernos y, poco a poco, ir afianzando nuestro juego. A ver hasta d\u00f3nde nos lleva la competici\u00f3n\u00bb, transmite.<\/p>\n<p>\u00bfPensar en playoffs?<\/p>\n<p>Aunque Molins no se moja a la hora de marcarse un objetivo \u00abhasta que comience la liga\u00bb, su entrenador, <strong><a href=\"https:\/\/www.menorca.info\/etiqueta\/Javi+Zamora.html?utm_source=Inline-tag&amp;utm_medium=internal\" rel=\"nofollow noopener\" target=\"_blank\">Javi Zamora<\/a>, opta por rebajar el sufl\u00e9 y fijar la permanencia como objetivo<\/strong> n\u00famero uno.<\/p>\n<p>\u00abEs una pregunta que ha surgido en estas \u00faltimas semanas e igual no me estoy explicando del todo bien. El principal objetivo del equipo es <strong>mantenerse en <a href=\"https:\/\/www.menorca.info\/etiqueta\/Primera+FEB.html?utm_source=Inline-tag&amp;utm_medium=internal\" rel=\"nofollow noopener\" target=\"_blank\">Primera FEB<\/a><\/strong>, lo cual me parece muy ambicioso teniendo en cuenta el crecimiento de la liga y que somos un proyecto muy humilde dentro de la misma. Pero lo que est\u00e1 claro es que <strong>la diferencia entre permanecer en la liga y una posici\u00f3n de playoffs ha estado en dos o tres partidos<\/strong> en muchas temporadas. Por tanto, lo que estoy verbalizando es que lo principal y el objetivo fundamental del equipo es la permanencia\u00bb, aclara dejando entreabierta una peque\u00f1a puerta para poder so\u00f1ar. \u00abA partir de ah\u00ed, una vez que se consiga, espero que podamos so\u00f1ar en grande y <strong>tratar de asomar la cabeza en posiciones un poco m\u00e1s altas<\/strong>\u00bb, asevera.<\/p>\n<p>Si para su pupilo se hab\u00eda hecho \u00abun <strong>muy buen trabajo durante el verano<\/strong>\u00bb, Zamora no le da mayor importancia y lo considera \u00ab<strong>como cualquier otro<\/strong>\u00bb pese a la inusual antelaci\u00f3n con la que se ha cerrado el grueso de los fichajes, juntos antes de que partiera a la isla griega de Creta para dirigir a Espa\u00f1a en el Europeo U20. \u00abHa sido de<strong> mucho trabajo de an\u00e1lisis de todo lo anterior<\/strong> y, sobre todo, con <strong>mucha ilusi\u00f3n de cara al futuro<\/strong> construyendo un nuevo proyecto y una nueva plantilla\u00bb, matiza.<\/p>\n<p>En dicha construcci\u00f3n encajaba el nombre de un<strong> Edgar Vicedo, al que Zamora ve como \u00abun jugador con mucha presencia f\u00edsica y mucho talento\u00bb<\/strong> y cuyo \u00abperiodo de adaptaci\u00f3n ser\u00e1 relativamente corto\u00bb al haber coincidido ya \u00abmuchos a\u00f1os\u00bb con el propio entrenador, co<strong>n Adams Sola o con un V\u00edctor Arteaga<\/strong> que ha llegado \u00abmuy fino y en perfecta forma despu\u00e9s de no haber parado y de haber estado compitiendo durante el verano\u00bb en Venezuela primero y en M\u00e9xico despu\u00e9s. \u00abV\u00edctor es un<strong> jugador muy importante para m\u00ed a todos los niveles<\/strong>. Es un referente en el equipo y espero que pueda seguir siendo un jugador importante. Ser\u00e1 uno m\u00e1s de la plantilla, con mucha experiencia obviamente, en una liga que ya conoce a la perfecci\u00f3n. Espero que cumpla con su papel\u00bb, se\u00f1ala el t\u00e9cnico madrile\u00f1o.<\/p>\n<p>La idea del preparador y a la vez director deportivo del B\u00e0squet Menorca es que las nuevas caras y las ya conocidas <strong>se unan bajo un estilo de juego basado en la defensa<\/strong>, algo que viene siendo habitual en los equipos de Javi Zamora en los \u00faltimos a\u00f1os. \u00abVamos a intentar basar nuestro juego en una defensa<strong> que muestre coraz\u00f3n, disciplina y esfuerzo<\/strong>, pudiendo ser un equipo que crezca desde atr\u00e1s y pueda jugar <strong>valiente y agresivo en ataque<\/strong>\u00bb, destaca respondiendo a su vez al <strong>gran entusiasmo que despierta una l\u00ednea de tiradores<\/strong> que muchos se animan a calificar como una de las mejores de toda la liga.<\/p>\n<p>        El apunte        <\/p>\n<p>                        Un compromiso a partir del cual ayudar al crecimiento del b\u00e1squet menorqu\u00edn<\/p>\n","protected":false},"excerpt":{"rendered":"La temporada 2025\/26 del nuevo e ilusionante Hestia Menorca es toda una realidad. Con toda la plantilla ya&hellip;\n","protected":false},"author":2,"featured_media":107860,"comment_status":"","ping_status":"","sticky":false,"template":"","format":"standard","meta":{"footnotes":""},"categories":[269],"tags":[299,298,168,25,24,4078,37226,24403,3917,23,167],"class_list":{"0":"post-107859","1":"post","2":"type-post","3":"status-publish","4":"format-standard","5":"has-post-thumbnail","7":"category-baloncesto","8":"tag-baloncesto","9":"tag-basketball","10":"tag-deportes","11":"tag-es","12":"tag-espana","13":"tag-hestia-menorca","14":"tag-javi-zamora","15":"tag-pol-molins","16":"tag-primera-feb","17":"tag-spain","18":"tag-sports"},"share_on_mastodon":{"url":"","error":""},"_links":{"self":[{"href":"https:\/\/www.europesays.com\/es\/wp-json\/wp\/v2\/posts\/107859","targetHints":{"allow":["GET"]}}],"collection":[{"href":"https:\/\/www.europesays.com\/es\/wp-json\/wp\/v2\/posts"}],"about":[{"href":"https:\/\/www.europesays.com\/es\/wp-json\/wp\/v2\/types\/post"}],"author":[{"embeddable":true,"href":"https:\/\/www.europesays.com\/es\/wp-json\/wp\/v2\/users\/2"}],"replies":[{"embeddable":true,"href":"https:\/\/www.europesays.com\/es\/wp-json\/wp\/v2\/comments?post=107859"}],"version-history":[{"count":0,"href":"https:\/\/www.europesays.com\/es\/wp-json\/wp\/v2\/posts\/107859\/revisions"}],"wp:featuredmedia":[{"embeddable":true,"href":"https:\/\/www.europesays.com\/es\/wp-json\/wp\/v2\/media\/107860"}],"wp:attachment":[{"href":"https:\/\/www.europesays.com\/es\/wp-json\/wp\/v2\/media?parent=107859"}],"wp:term":[{"taxonomy":"category","embeddable":true,"href":"https:\/\/www.europesays.com\/es\/wp-json\/wp\/v2\/categories?post=107859"},{"taxonomy":"post_tag","embeddable":true,"href":"https:\/\/www.europesays.com\/es\/wp-json\/wp\/v2\/tags?post=107859"}],"curies":[{"name":"wp","href":"https:\/\/api.w.org\/{rel}","templated":true}]}}