{"id":107885,"date":"2025-09-11T13:52:07","date_gmt":"2025-09-11T13:52:07","guid":{"rendered":"https:\/\/www.europesays.com\/es\/107885\/"},"modified":"2025-09-11T13:52:07","modified_gmt":"2025-09-11T13:52:07","slug":"el-fbi-desvela-que-ha-hallado-el-rifle-de-alta-capacidad-que-uso-el-asesino-del-activista-trumpista-charlie-kirk-aun-a-la-fuga-internacional","status":"publish","type":"post","link":"https:\/\/www.europesays.com\/es\/107885\/","title":{"rendered":"El FBI desvela que ha hallado el \u201crifle de alta capacidad\u201d que us\u00f3 el asesino del activista trumpista Charlie Kirk, a\u00fan a la fuga | Internacional"},"content":{"rendered":"<p class=\"\">La b\u00fasqueda del sospechoso del <a href=\"https:\/\/elpais.com\/internacional\/2025-09-11\/el-asesinato-del-activista-trumpista-charlie-kirk-resucita-el-fantasma-de-la-violencia-politica-en-estados-unidos.html\" target=\"_self\" rel=\"nofollow noopener\" title=\"https:\/\/elpais.com\/internacional\/2025-09-11\/el-asesinato-del-activista-trumpista-charlie-kirk-resucita-el-fantasma-de-la-violencia-politica-en-estados-unidos.html\">asesinato del activista conservador Charlie Kirk<\/a> contin\u00faa sin descanso este jueves. El FBI anunci\u00f3 en una conferencia de prensa en Salt Lake City (Utah) que el hombre que dispar\u00f3 a Kirk desde la distancia una bala que le dio en el cuello y que lo mat\u00f3 inmediatamente lo hizo, seg\u00fan las primeras conclusiones de la investigaci\u00f3n, con un \u201crifle de alta capacidad\u201d que ha sido hallado \u201cen un bosque cercano\u201d al lugar del crimen. <\/p>\n<p class=\"\">Aliado estrecho y amigo personal del presidente de Estados Unidos, Donald Trump, Kirk se hallaba el mi\u00e9rcoles al mediod\u00eda, hora local, al principio de un acto p\u00fablico, protegido solo por una carpa, debatiendo con los centenares de asistentes a uno de los eventos que organizaba regularmente en campus de todo el pa\u00eds. La muerte le lleg\u00f3 en la universidad de Utah Valley, en la localidad de <a href=\"https:\/\/elpais.com\/internacional\/2025-09-11\/quien-mato-a-charlie-kirk-el-icono-de-la-juventud-trumpista-en-ee-uu.html\" target=\"_blank\" rel=\"noreferrer nofollow noopener\" title=\"https:\/\/elpais.com\/internacional\/2025-09-11\/quien-mato-a-charlie-kirk-el-icono-de-la-juventud-trumpista-en-ee-uu.html\">Orem, cerca de Salt Lake <\/a><a href=\"https:\/\/elpais.com\/internacional\/2025-09-11\/quien-mato-a-charlie-kirk-el-icono-de-la-juventud-trumpista-en-ee-uu.html\" target=\"_blank\" rel=\"noreferrer nofollow noopener\" title=\"https:\/\/elpais.com\/internacional\/2025-09-11\/quien-mato-a-charlie-kirk-el-icono-de-la-juventud-trumpista-en-ee-uu.html\">City. Ten\u00eda 31 a\u00f1os.<\/a> <\/p>\n<p class=\"\">En la conferencia de prensa, un portavoz del FBI dijo que disponen de im\u00e1genes, que de momento no piensan hacer p\u00fablicas, en las que se ve \u201cclaramente\u201d al individuo, que vest\u00eda vaqueros y camiseta e iba con la cara tapada. \u201cAparenta estar en edad universitaria\u201d, agreg\u00f3 el portavoz. No descartan que fuera alumno de Utah Valley. <\/p>\n<p class=\"\">Tambi\u00e9n afirm\u00f3 que estaban peinando los alrededores de la universidad, \u201ctocando puertas en varios vecindarios\u201d para dar con \u00e9l. De momento, 19 horas despu\u00e9s del tr\u00e1gico suceso, esa operaci\u00f3n no ha dado sus frutos. \u201cSi nuestra b\u00fasqueda sigue sin dar resultados, entonces facilitaremos esas im\u00e1genes a los medios de comunicacion para que las divulguen.<\/p>\n<p class=\"\">Despu\u00e9s, Robert Bohls, el agente encargado de la investigaci\u00f3n habl\u00f3 sobre el arma empleada. Tambi\u00e9n dijo que contaban con 130 pistas facilitadas por la \u201ccomunidad\u201d, cuya colaboraci\u00f3n agradeci\u00f3. Tambi\u00e9n, a\u00f1adi\u00f3 Bohls, disponen de huellas del sospechoso. El FBI, adem\u00e1s, confirm\u00f3 que hab\u00edan mapeado los movimientos del sospechoso desde que se dirigi\u00f3 al edificio desde cuyo tejado dispar\u00f3, hasta que, despu\u00e9s de perpetrar su crimen, sali\u00f3 huyendo del lugar de los hechos.<\/p>\n<p class=\"\">Kirk muri\u00f3 en cuesti\u00f3n de minutos, mientras lo llevaban a un hospital cercano. El asesinato lo captaron decenas de tel\u00e9fonos m\u00f3viles, pero ninguna de esas lentes estaba enfocando en ese momento al lugar en el que estaba apostado el asesino, seg\u00fan las primeras investigaciones, un tejado a unos 50 metros de distancia, desde donde pudo apuntar c\u00f3modamente a su objetivo. Algunos v\u00eddeos divulgados en redes sobre los momentos inmediatamente posteriores al disparo s\u00ed muestran a quien parece ser el autor correr a toda velocidad sobre el tejado desde el que presuntamente dispar\u00f3.<\/p>\n<p class=\"\">Kirk, fiero defensor de la Segunda Enmienda, que garantiza el derecho a portar armas, se hallaba a mitad de una discusi\u00f3n sobre la recurrencia de los asesinatos masivos en Estados Unidos. <\/p>\n<p>Confusi\u00f3n en las primeras horas<\/p>\n<p class=\"\">La universidad dijo r\u00e1pido que un sospechoso hab\u00eda sido detenido. Al rato, la polic\u00eda desminti\u00f3 a las autoridades acad\u00e9micas: hab\u00eda un arrestado, s\u00ed, pero por \u201cobstrucci\u00f3n de la justicia\u201d, que hab\u00eda quedado r\u00e1pidamente en libertad. La confusi\u00f3n continu\u00f3 cuando, horas despu\u00e9s, Kash Patel dijo en X que hab\u00edan dado con el tipo al que andaban buscando. \u201cEl sujeto del horrible tiroteo que hoy se cobr\u00f3 la vida de Charlie Kirk se encuentra ahora bajo custodia. Gracias a las autoridades locales y estatales en Utah por su colaboraci\u00f3n con el FBI\u201d, escribi\u00f3. El bochorno lleg\u00f3 al rato, con el anuncio de que el segundo sospechoso tampoco era el asesino de Kirk.<\/p>\n<p class=\"\">El sospechoso, una vez den con \u00e9l, se enfrenta a la pena de muerte en el Estado de Utah, seg\u00fan record\u00f3 su gobernador, el republicano Spencer Cox, en una emocionada conferencia de prensa concedida el mi\u00e9rcoles, pocas horas despu\u00e9s del asesinato. Cox tambi\u00e9n descart\u00f3 que hubiera m\u00e1s personas implicadas. Si lo juzgaran por un delito de terrorismo, entonces entrar\u00eda en el sistema penal federal, y el Fiscal\u00eda General tambi\u00e9n podr\u00eda perseguir una condena a la pena capital. Teniendo en cuenta la estrecha relaci\u00f3n de Trump con Kirk, no hay duda de que llegado el caso, as\u00ed ser\u00e1.<\/p>\n","protected":false},"excerpt":{"rendered":"La b\u00fasqueda del sospechoso del asesinato del activista conservador Charlie Kirk contin\u00faa sin descanso este jueves. El FBI&hellip;\n","protected":false},"author":2,"featured_media":107886,"comment_status":"","ping_status":"","sticky":false,"template":"","format":"standard","meta":{"footnotes":""},"categories":[42],"tags":[1154,17,18,352,629,13,14,11,61,62,63,64,19,20,9,10,15,16,30471,17918,12,21,22,8145,8144,65,66,67],"class_list":{"0":"post-107885","1":"post","2":"type-post","3":"status-publish","4":"format-standard","5":"has-post-thumbnail","7":"category-internacional","8":"tag-asesinatos","9":"tag-breaking-news","10":"tag-breakingnews","11":"tag-donald-trump","12":"tag-estados-unidos","13":"tag-featured-news","14":"tag-featurednews","15":"tag-headlines","16":"tag-internacional","17":"tag-international","18":"tag-international-news","19":"tag-internationalnews","20":"tag-latest-news","21":"tag-latestnews","22":"tag-news","23":"tag-noticias","24":"tag-noticias-destacadas","25":"tag-noticiasdestacadas","26":"tag-partido-democrata-ee-uu","27":"tag-partido-republicano-ee-uu","28":"tag-titulares","29":"tag-ultimas-noticias","30":"tag-ultimasnoticias","31":"tag-universidades-privadas","32":"tag-universidades-publicas","33":"tag-world","34":"tag-world-news","35":"tag-worldnews"},"share_on_mastodon":{"url":"","error":""},"_links":{"self":[{"href":"https:\/\/www.europesays.com\/es\/wp-json\/wp\/v2\/posts\/107885","targetHints":{"allow":["GET"]}}],"collection":[{"href":"https:\/\/www.europesays.com\/es\/wp-json\/wp\/v2\/posts"}],"about":[{"href":"https:\/\/www.europesays.com\/es\/wp-json\/wp\/v2\/types\/post"}],"author":[{"embeddable":true,"href":"https:\/\/www.europesays.com\/es\/wp-json\/wp\/v2\/users\/2"}],"replies":[{"embeddable":true,"href":"https:\/\/www.europesays.com\/es\/wp-json\/wp\/v2\/comments?post=107885"}],"version-history":[{"count":0,"href":"https:\/\/www.europesays.com\/es\/wp-json\/wp\/v2\/posts\/107885\/revisions"}],"wp:featuredmedia":[{"embeddable":true,"href":"https:\/\/www.europesays.com\/es\/wp-json\/wp\/v2\/media\/107886"}],"wp:attachment":[{"href":"https:\/\/www.europesays.com\/es\/wp-json\/wp\/v2\/media?parent=107885"}],"wp:term":[{"taxonomy":"category","embeddable":true,"href":"https:\/\/www.europesays.com\/es\/wp-json\/wp\/v2\/categories?post=107885"},{"taxonomy":"post_tag","embeddable":true,"href":"https:\/\/www.europesays.com\/es\/wp-json\/wp\/v2\/tags?post=107885"}],"curies":[{"name":"wp","href":"https:\/\/api.w.org\/{rel}","templated":true}]}}