{"id":107893,"date":"2025-09-11T13:56:12","date_gmt":"2025-09-11T13:56:12","guid":{"rendered":"https:\/\/www.europesays.com\/es\/107893\/"},"modified":"2025-09-11T13:56:12","modified_gmt":"2025-09-11T13:56:12","slug":"la-feria-de-albacete-celebra-el-dia-de-la-tauromaquia-con-homenajes","status":"publish","type":"post","link":"https:\/\/www.europesays.com\/es\/107893\/","title":{"rendered":"La Feria de Albacete celebra el D\u00eda de la Tauromaquia, con homenajes"},"content":{"rendered":"<p>\t\t\t\t\t2<\/p>\n<p>El alcalde Manuel Serrano ha presidido el acto central con motivo del D\u00eda de la Tauromaquia, donde se ha hecho un homenaje floral a los toreros D\u00e1maso Gonz\u00e1lez y Chicuelo II y se han entregado trofeos a los alumnos de la Escuela Taurina. Junto a una amplia representaci\u00f3n del \u00e1mbito taurino, estaban presentes el concejal de Asuntos Taurinos Alberto Reina y otros miembros de la Corporaci\u00f3n, adem\u00e1s del presidente de la Diputaci\u00f3n Santiago Caba\u00f1ero,<\/p>\n<p>Serrano ha agradecido a la Plataforma \u2018Todos somos cultura\u2019 su colaboraci\u00f3n para organizar este homenaje, y tambi\u00e9n su labor durante todo el a\u00f1o para la defensa y promoci\u00f3n de la fiesta nacional. Adem\u00e1s ha recordado que \u201ccelebramos este D\u00eda de la Tauromaquia por segundo a\u00f1o consecutivo, coincidiendo con la fecha de nacimiento del maestro D\u00e1maso, para que la Feria contribuya a reivindicar a Albacete como una ciudad taurina, orgullosa de su tradici\u00f3n y de su historia vinculada al mundo de los toros. Porque los toros son cultura, son arte, y sobre todo son Feria. La Feria va bien porque los toros van bien\u201d.<\/p>\n<p>El alcalde ha dicho que \u201cestamos en el ecuador de la Feria que tanto nos une y tanto orgullo supone para Albacete, una Feria que no se entender\u00eda sin la feria taurina. Los toros, en la calle o en una plaza de toros, forman parte de la tradici\u00f3n y de la identidad de un pueblo como el nuestro. Para Albacete los toros han supuesto mucho, y van a suponer mucho m\u00e1s\u201d.<\/p>\n<p>El D\u00eda de la Tauromaquia es \u201cel d\u00eda de la gente de los toros, de aficionados, de toreros, de ganaderos\u201d, y Serrano ha puesto en valor que \u201ctenemos una de las mejores ferias taurinas del panorama nacional, no hay m\u00e1s que ver los carteles del abono, que est\u00e1n al nivel que merece la afici\u00f3n\u201d.<\/p>\n<p>El acalde ha afirmado que \u201cen este D\u00eda ofrecemos un reconocimiento a lo mejor de nuestra historia y sus protagonistas, con los ramos de flores en los monumentos a Chicuelo II y D\u00e1maso Gonz\u00e1lez, dos grandes embajadores de Albacete como personas y como toreros\u201d.<\/p>\n<p>Adem\u00e1s, ha a\u00f1adido, \u201ctambi\u00e9n queremos echar una mirada al futuro, y por eso entregamos trofeos y diplomas a los alumnos destacados de la Escuela Taurina o que han participado en las clases pr\u00e1cticas. Todos ellos son la esperanza de la fiesta, el vivero donde se forjan los maestros del toreo del ma\u00f1ana. El maestro Sebasti\u00e1n Cort\u00e9s, que pronunci\u00f3 el preg\u00f3n taurino el pasado d\u00eda 3 en el Teatro Circo, ha sido uno de los grandes art\u00edfices de esa Escuela Taurina, donde se forjan buenos toreros y buenas personas\u201d.<\/p>\n<p><a href=\"https:\/\/www.europesays.com\/es\/wp-content\/uploads\/2025\/09\/25-09-11-taurina3.jpg\" data-rel=\"penci-gallery-image-content\"><img fetchpriority=\"high\" decoding=\"async\" width=\"1620\" height=\"1080\" data-id=\"189125\" src=\"https:\/\/www.europesays.com\/es\/wp-content\/uploads\/2025\/09\/25-09-11-taurina3.jpg\" alt=\"\" class=\"wp-image-189125\"  \/><\/a><\/p>\n<p><a href=\"https:\/\/www.europesays.com\/es\/wp-content\/uploads\/2025\/09\/25-09-11-taurina5.jpg\" data-rel=\"penci-gallery-image-content\"><img loading=\"lazy\" decoding=\"async\" width=\"1620\" height=\"1080\" data-id=\"189124\" src=\"https:\/\/www.europesays.com\/es\/wp-content\/uploads\/2025\/09\/25-09-11-taurina5.jpg\" alt=\"\" class=\"wp-image-189124\"  \/><\/a><\/p>\n<p><a href=\"https:\/\/www.europesays.com\/es\/wp-content\/uploads\/2025\/09\/25-09-11-taurina4.jpg\" data-rel=\"penci-gallery-image-content\"><img loading=\"lazy\" decoding=\"async\" width=\"1620\" height=\"1080\" data-id=\"189123\" src=\"https:\/\/www.europesays.com\/es\/wp-content\/uploads\/2025\/09\/25-09-11-taurina4.jpg\" alt=\"\" class=\"wp-image-189123\"  \/><\/a><\/p>\n<p><a href=\"https:\/\/www.europesays.com\/es\/wp-content\/uploads\/2025\/09\/25-09-11-taurina6.jpg\" data-rel=\"penci-gallery-image-content\"><img loading=\"lazy\" decoding=\"async\" width=\"1620\" height=\"1080\" data-id=\"189122\" src=\"https:\/\/www.europesays.com\/es\/wp-content\/uploads\/2025\/09\/25-09-11-taurina6.jpg\" alt=\"El alcalde Manuel Serrano ha presidido el acto central con motivo del D\u00eda de la Tauromaquia, donde se ha hecho un homenaje floral a los toreros D\u00e1maso Gonz\u00e1lez y Chicuelo II y se han entregado trofeos a los alumnos de la Escuela Taurina.\" class=\"wp-image-189122\"  \/><\/a><\/p>\n","protected":false},"excerpt":{"rendered":"2 El alcalde Manuel Serrano ha presidido el acto central con motivo del D\u00eda de la Tauromaquia, donde&hellip;\n","protected":false},"author":2,"featured_media":107894,"comment_status":"","ping_status":"","sticky":false,"template":"","format":"standard","meta":{"footnotes":""},"categories":[277],"tags":[2545,1250,373,168,37231,25,24,20181,23,167,374],"class_list":{"0":"post-107893","1":"post","2":"type-post","3":"status-publish","4":"format-standard","5":"has-post-thumbnail","7":"category-toreo","8":"tag-albacete","9":"tag-ayuntamiento","10":"tag-bullfighting","11":"tag-deportes","12":"tag-dia-tauromaquia","13":"tag-es","14":"tag-espana","15":"tag-manuel-serrano","16":"tag-spain","17":"tag-sports","18":"tag-toreo"},"share_on_mastodon":{"url":"","error":""},"_links":{"self":[{"href":"https:\/\/www.europesays.com\/es\/wp-json\/wp\/v2\/posts\/107893","targetHints":{"allow":["GET"]}}],"collection":[{"href":"https:\/\/www.europesays.com\/es\/wp-json\/wp\/v2\/posts"}],"about":[{"href":"https:\/\/www.europesays.com\/es\/wp-json\/wp\/v2\/types\/post"}],"author":[{"embeddable":true,"href":"https:\/\/www.europesays.com\/es\/wp-json\/wp\/v2\/users\/2"}],"replies":[{"embeddable":true,"href":"https:\/\/www.europesays.com\/es\/wp-json\/wp\/v2\/comments?post=107893"}],"version-history":[{"count":0,"href":"https:\/\/www.europesays.com\/es\/wp-json\/wp\/v2\/posts\/107893\/revisions"}],"wp:featuredmedia":[{"embeddable":true,"href":"https:\/\/www.europesays.com\/es\/wp-json\/wp\/v2\/media\/107894"}],"wp:attachment":[{"href":"https:\/\/www.europesays.com\/es\/wp-json\/wp\/v2\/media?parent=107893"}],"wp:term":[{"taxonomy":"category","embeddable":true,"href":"https:\/\/www.europesays.com\/es\/wp-json\/wp\/v2\/categories?post=107893"},{"taxonomy":"post_tag","embeddable":true,"href":"https:\/\/www.europesays.com\/es\/wp-json\/wp\/v2\/tags?post=107893"}],"curies":[{"name":"wp","href":"https:\/\/api.w.org\/{rel}","templated":true}]}}