{"id":10793,"date":"2025-07-29T03:43:09","date_gmt":"2025-07-29T03:43:09","guid":{"rendered":"https:\/\/www.europesays.com\/es\/10793\/"},"modified":"2025-07-29T03:43:09","modified_gmt":"2025-07-29T03:43:09","slug":"la-nueva-pelicula-de-avatar-la-leyenda-de-aang-tendra-la-mejor-animacion-del-cine-no-hay-nada-igual-vandal","status":"publish","type":"post","link":"https:\/\/www.europesays.com\/es\/10793\/","title":{"rendered":"La nueva pel\u00edcula de &#039;Avatar: La leyenda de Aang&#039; tendr\u00e1 la mejor animaci\u00f3n del cine: &#039;No hay nada igual&#039; &#8211; Vandal"},"content":{"rendered":"<ol>\n<li><a href=\"https:\/\/news.google.com\/rss\/articles\/CBMi6wFBVV95cUxQakJLaEhfcXpWaXpaUldiek5qU0owVEZacHZqZFhWMXcwSjR5RmxEMTJOVXdKOWt3R0Q1LW9hSjdkM1V4WUtBY0xjc0NkcnM3TEIxdUpiRUlUZ1lGbjNLdmNtV1daWC04MXFVc09EdHVXVmNBMVc2cEw1ckpJLXV3XzdmbGNQal9xeDhnUno1a0RBWnRRdmd2djgwQzA4a1RyTWE4WnNoOElaTldYcUJqYUMyQWVnaXFRVjhqV0lIQTdZa2dfZ1BQbXRqbVpYTDNpU09jNHNwOFV4VWtmWGlGS3NOUGhTa25qczN30gHwAUFVX3lxTFB6UWRCaTNLcDNhZzZQYlRvZHVZOWc4OHNXVkFnNk0wQ0YzNmZSTXZZSTZ2WEhGVGxzSmZNZVplM24tRmR0dVpKMVA0OW40Nl8tUGRzT2N4N3Z2VWgzMDRxc3dEdHhkcTRXWUdRd19RRG5YSF9kMnY4Qk95TE1mYmZENTVFX1pnV1kycEFFRE91bVJmQ1pVVTE2X3FXblgtQWw3ZTJybkU0ak9sYld1VEVWMDllVVd5Q2N0UmMtMnB3R1lvLWI4Q1FON0NwOVQ1MTIya1NnaXJScDFLZktNbnpMelVBYUI2TmFiOUlmNUxhVQ?oc=5\" target=\"_blank\" rel=\"nofollow noopener\">La nueva pel\u00edcula de &#8216;Avatar: La leyenda de Aang&#8217; tendr\u00e1 la mejor animaci\u00f3n del cine: &#8216;No hay nada igual&#8217;<\/a>&nbsp;&nbsp;Vandal<\/li>\n<li><a href=\"https:\/\/news.google.com\/rss\/articles\/CBMiqwFBVV95cUxQNW9KbkpCdm84X0VtUFZEb1dNQlMtZUdzWE9iVmFKOEUtZXphME9sbldJTXdTNzFhOGtMSTkya3dKQ0RoNUFOM2o1RjhQY2hvbzNVVTNuRzdFUHhsWkp0Z2NjdXdaekgyYmFkWDE1aVVrUFhwQlJiYWNDb0dJbjlpRVJpcXFIVnNHQ1ZTQWZ3SnNhWnlHZllsaWExMnQwWVdqYllmQk5lcFV6WlE?oc=5\" target=\"_blank\" rel=\"nofollow noopener\">Avatar Studios anuncia su nueva serie tras Avatar: La leyenda de Aang y Korra<\/a>&nbsp;&nbsp;HobbyConsolas<\/li>\n<li><a href=\"https:\/\/news.google.com\/rss\/articles\/CBMi4AFBVV95cUxQTEhlUUE1djhaUFBTY01LYWxIbnVJb3pPRkstOUhVTENRY3RDalVFS2x5ZF82MHdaclV3SHc5eXhGdEJYYklEOEZBVVUxSHhtUlJyUDc2QUFtNUFLNUxzZzl0elhCREwtV29QOVlGamVzejl6U2gxT0F4cU1ZbG50VXVCRHBGM2tDWEdpc3MxMzJTQXZEaW9aSW1NRXptMTNpaEE5dHE3eENuUU42S3BTUmlqRjZhalNjc3VVZnl0bjNad2lIWGdMOHdIeHRIQ2tZMzl2eTByMTlOV05WTDVCOdIB-wFBVV95cUxOTUU1WkVmc2ZhOTNLcUZ2NGhjeVRoX2dEUkRseW1iZ2dIaDlVVmxzbFFQZVN6NzdjVHd1dUtHc2Fub3B3aU5wVUY5cGVINGpPbnBHaGVvU2h2bTM4eDhoMnZrSGZzbXlNMC1aeVhzMmpZUUpvOTZfOXVRaHpNcENmQm1kZ0VzNDY2Y1ljTTBQQmtMLWNhVFRzRmhsZEdlVTVidUttcmZCZEhvN2NrcW8zYlk0X00xTzRTTWhtN0FXSExRM2tuaVItcjFoVVFmR0xsbTNNQUVBMVgxZmFxQzg0SHpPeklvekZoZS1ydjU5R0tnM1dKclF5Y00ySQ?oc=5\" target=\"_blank\" rel=\"nofollow noopener\">\u201cAvatar: Seven Heavens\u201d Nickelodeon muestra el primer adelanto de la secuela de \u201cLa Leyenda de Aang\u201d<\/a>&nbsp;&nbsp;Infobae<\/li>\n<li><a href=\"https:\/\/news.google.com\/rss\/articles\/CBMiowFBVV95cUxNcTNJUHd6cERaaWxaWm1HLW1GQXRiU21qOWtpNFB4VkdWYUQ2XzZWbm1XNUVsV1RhRU54a2hUWDhkS1JVZkw4UFRTV2ZXV0U5b0huVkhGbDJwaVBFckJSdWhvb1pvaEJTY0N1RW1pN0R6SDlHX09WbndYVG41emd3YmhtSVBNdGluYWV4NlJjaVZNMjFfUWxVRzY5UDlTYjhnR1dN?oc=5\" target=\"_blank\" rel=\"nofollow noopener\">Avatar: Seven Havens: todo sobre la nueva serie de Nickelodeon<\/a>&nbsp;&nbsp;GQ M\u00e9xico y Latinoam\u00e9rica<\/li>\n<li><a href=\"https:\/\/news.google.com\/rss\/articles\/CBMizwFBVV95cUxNcXJSLWF5VFA1aURsSjZ0VjJMM0tJYV83TGVBZTNUVHlCeW5hU0tIcUdyX2UxNFc5RVY1SVVjSnZaY0dMcDFFMTNqWkR4ZjdTc3IwQ0o1SjZIYUdxQi1GV2R1ZXhZVEtUc3k2WUlQZHdaTENuOWpjOVJySGswcDE0S0p6VTQ3VlI5Y1ZSSmt0VmNoWV8wSmlIWGtCVU9OOFJiNkU5ODRYVVFyOHJ6YWtRQXpHQ0djdmRCck54Z2JZbldLeVFOeEtyVllva21qeFE?oc=5\" target=\"_blank\" rel=\"nofollow noopener\">Todo lo que sabemos sobre Seven Havens: la nueva era del Avatar est\u00e1 por comenzar<\/a>&nbsp;&nbsp;El Sol de M\u00e9xico<\/li>\n<\/ol>\n","protected":false},"excerpt":{"rendered":"La nueva pel\u00edcula de &#8216;Avatar: La leyenda de Aang&#8217; tendr\u00e1 la mejor animaci\u00f3n del cine: &#8216;No hay nada&hellip;\n","protected":false},"author":2,"featured_media":10794,"comment_status":"","ping_status":"","sticky":false,"template":"","format":"standard","meta":{"footnotes":""},"categories":[169],"tags":[177,146,147,25,24,2065,176,175,23],"class_list":{"0":"post-10793","1":"post","2":"type-post","3":"status-publish","4":"format-standard","5":"has-post-thumbnail","7":"category-cine","8":"tag-cine","9":"tag-entertainment","10":"tag-entretenimiento","11":"tag-es","12":"tag-espana","13":"tag-faltan-tags","14":"tag-film","15":"tag-movies","16":"tag-spain"},"share_on_mastodon":{"url":"","error":""},"_links":{"self":[{"href":"https:\/\/www.europesays.com\/es\/wp-json\/wp\/v2\/posts\/10793","targetHints":{"allow":["GET"]}}],"collection":[{"href":"https:\/\/www.europesays.com\/es\/wp-json\/wp\/v2\/posts"}],"about":[{"href":"https:\/\/www.europesays.com\/es\/wp-json\/wp\/v2\/types\/post"}],"author":[{"embeddable":true,"href":"https:\/\/www.europesays.com\/es\/wp-json\/wp\/v2\/users\/2"}],"replies":[{"embeddable":true,"href":"https:\/\/www.europesays.com\/es\/wp-json\/wp\/v2\/comments?post=10793"}],"version-history":[{"count":0,"href":"https:\/\/www.europesays.com\/es\/wp-json\/wp\/v2\/posts\/10793\/revisions"}],"wp:featuredmedia":[{"embeddable":true,"href":"https:\/\/www.europesays.com\/es\/wp-json\/wp\/v2\/media\/10794"}],"wp:attachment":[{"href":"https:\/\/www.europesays.com\/es\/wp-json\/wp\/v2\/media?parent=10793"}],"wp:term":[{"taxonomy":"category","embeddable":true,"href":"https:\/\/www.europesays.com\/es\/wp-json\/wp\/v2\/categories?post=10793"},{"taxonomy":"post_tag","embeddable":true,"href":"https:\/\/www.europesays.com\/es\/wp-json\/wp\/v2\/tags?post=10793"}],"curies":[{"name":"wp","href":"https:\/\/api.w.org\/{rel}","templated":true}]}}