{"id":107931,"date":"2025-09-11T14:20:13","date_gmt":"2025-09-11T14:20:13","guid":{"rendered":"https:\/\/www.europesays.com\/es\/107931\/"},"modified":"2025-09-11T14:20:13","modified_gmt":"2025-09-11T14:20:13","slug":"topuria-presenta-wow-22-cada-dia-es-mucho-mas-probable-que-venga-la-ufc-a-espana","status":"publish","type":"post","link":"https:\/\/www.europesays.com\/es\/107931\/","title":{"rendered":"Topuria presenta WOW 22: \u201cCada d\u00eda es mucho m\u00e1s probable que venga la UFC a Espa\u00f1a\u201d"},"content":{"rendered":"<p class=\"\">WOW regresa este s\u00e1bado (19:00 horas, Movistar+ y UFC Fight Pass) en el Madrid Arena. <a href=\"https:\/\/as.com\/noticias\/ilia-topuria\/\" target=\"_self\" rel=\"nofollow noopener\" title=\"https:\/\/as.com\/noticias\/ilia-topuria\/\"><b>Ilia Topuria<\/b><\/a>, doble campe\u00f3n de la UFC, fue el encargado de moderar la rueda de prensa del WOW 22, con <b>la presencia tambi\u00e9n de Dani B\u00e1rez<\/b>, presentando a los protagonistas del evento y respondiendo preguntas, tanto de la compa\u00f1\u00eda como sobre \u00e9l mismo. \u201cMe gusta ayudarles a conseguir sus objetivos, <b>y si su sue\u00f1o es llegar a la UFC, pues yo contento<\/b>. Es parte de nuestro objetivo, hacer que lleguen lo antes posibles\u201d, dijo el hispanogeorgiano ante el p\u00fablico.<\/p>\n<p class=\"\">Uno de los grandes nombres de WOW, <b>Hecher Sosa, est\u00e1 en Las Vegas y este martes debutar\u00e1 en el Dana White\u2019s Contender Series, <\/b>en busca de un contrato en la empresa. Unos meses atr\u00e1s, <a href=\"https:\/\/as.com\/masdeporte\/polideportivo\/wow-y-topuria-vuelven-a-conquistar-madrid-y-las-mma-espanolas-n\/\" target=\"_self\" rel=\"nofollow noopener\" title=\"https:\/\/as.com\/masdeporte\/polideportivo\/wow-y-topuria-vuelven-a-conquistar-madrid-y-las-mma-espanolas-n\/\">se ci\u00f1\u00f3 el cintur\u00f3n del peso gallo<\/a> en el debut de los t\u00edtulos en la compa\u00f1\u00eda de la que es accionista El Matador. \u201cEl objetivo es que WOW sirva para que los atletas puedan conseguir sus sue\u00f1os. El nuestro es crecer para que no tengan que salir de aqu\u00ed. <b>Hace a\u00f1os, para llegar a UFC, no pod\u00edas hacerlo desde Espa\u00f1a. No hab\u00eda una plataforma para llegar. <\/b>Estamos optimizando el tiempo\u201d, continu\u00f3. <\/p>\n<p><img decoding=\"async\" src=\"https:\/\/www.europesays.com\/es\/wp-content\/uploads\/2025\/09\/TSEZ77TGLREFHD6K3F7XOMZCZU.jpeg\" alt=\"Topuria presenta WOW 22: \u201cCada d\u00eda es mucho m\u00e1s probable que venga la UFC a Espa\u00f1a\u201d\" height=\"3416\" width=\"5120\"   loading=\"lazy\"\/>Ilia Topuria modera la rueda de prensa de WOW 22 en Madrid.Inma Flores<\/p>\n<p class=\"\">Si Hecher consigue entrar en la compa\u00f1\u00eda, ya ser\u00edan <b>cinco los espa\u00f1oles:<\/b> Ilia y Aleksandre Topuria, Joel \u00c1lvarez, Dani B\u00e1rez y el canario. Y, para El Matador, el evento en nuestras fronteras es cuesti\u00f3n de tiempo. \u201c<b>Cada d\u00eda es mucho m\u00e1s probable que venga la UFC a Espa\u00f1a. <\/b>Ya no es simplemente por m\u00ed, estamos sumando a muchos peleadores a la carrera. Un evento hist\u00f3rico que no tengo ninguna duda que va a suceder\u201d, sentenci\u00f3. <\/p>\n<p>El futuro de Topuria<\/p>\n<p class=\"\">Son muchos los rumores sobre <b>qui\u00e9n ser\u00e1 el pr\u00f3ximo oponente de Topuria,<\/b> desde Arman Tsarukyan, n\u00famero uno del ranking, o el excontendiente Justin Gaethje. \u201cNo tengo ni idea, la verdad. Estamos en ello, ajustando el calendario del a\u00f1o que viene, as\u00ed que no puedo dar una respuesta<b>. De momento no tengo a ninguno en mente<\/b>\u201d, respondi\u00f3 el hispanogeorgiano sobre sus pr\u00f3ximos pasos. Aunque,<a href=\"https:\/\/as.com\/masdeporte\/polideportivo\/aleksandre-topuria-regresa-a-la-jaula-el-22-de-noviembre-en-el-ufc-qatar-n\/\" target=\"_self\" rel=\"nofollow noopener\" title=\"https:\/\/as.com\/masdeporte\/polideportivo\/aleksandre-topuria-regresa-a-la-jaula-el-22-de-noviembre-en-el-ufc-qatar-n\/\"> si su hermano pelea en noviembre en Qatar<\/a>, probablemente la primera defensa del cintur\u00f3n del peso ligero se vaya ya al pr\u00f3ximo a\u00f1o.<\/p>\n<p class=\"\">Durante estos d\u00edas,<b> Ilia ha estado en boca de todos despu\u00e9s de decir que noquear\u00eda en el primer asalto a Terence Crawford<\/b>, campe\u00f3n del mundo de boxeo en cuatro divisiones que se enfrentar\u00e1 el s\u00e1bado a Canelo \u00c1lvarez. <a href=\"https:\/\/as.com\/masdeporte\/polideportivo\/crawford-responde-a-topuria-ese-tio-estaba-borracho-n\/\" target=\"_self\" rel=\"nofollow noopener\" title=\"https:\/\/as.com\/masdeporte\/polideportivo\/crawford-responde-a-topuria-ese-tio-estaba-borracho-n\/\">El estadounidense le respondi\u00f3 diciendo que si estaba borracho.<\/a> \u201cCuando quiera poner a prueba su t\u00e9cnica y habilidades, aqu\u00ed estoy. Hay muchos boxeadores que nos critican y nos quieren poner por debajo. <b>Conozco a muchos que han probado en boxeo, pero no conozco a muchos boxeadores que hayan probado sus habilidades en MMA. <\/b>Cualquiera que quiera, aqu\u00ed estamos\u201d, contest\u00f3 Topuria. El hispanogeorgiano ya ha mencionado su intenci\u00f3n de debutar en boxeo profesional. \u201cEs algo que esta en mis objetivos, por lo que me encantar\u00eda hacerlo y si es con alguien como Crawford, mejor\u201d, revel\u00f3.<\/p>\n<p>Un WOW de campeones<\/p>\n<p class=\"\">WOW 22 traer\u00e1 el <b>cintur\u00f3n del peso semipesado de la compa\u00f1\u00eda, que lo disputar\u00e1n Enoc Solves y Darwin Rodr\u00edguez<\/b>. \u201cEl combate va a ser bastante explosivo, sobre todo en los primeros compases. Vamos a ir con todo los dos\u201d, apunt\u00f3 Darwin. Un choque de armas tomar. \u201cYo no hab\u00eda dado mis primeros pasos en las MMA cuando ya estaba viendo las peleas de Enoc\u201d, dijo Topuria. Entre ambos se respiraba un ambiente de respeto y cordialidad. \u201cPara cualquier persona que ha estado peleando bajo un solo foco, ahora tener muchos, la televisi\u00f3n e Ilia Topuria&#8230; Es un regalo. <b>En los \u00faltimos ocho a\u00f1os solo tengo una derrota, con el campe\u00f3n del mundo en Rusia, y porque me avisaron con pocos d\u00edas de antelaci\u00f3n.<\/b> Lo siento por Darwin\u201d, a\u00f1adi\u00f3 Enoc.<\/p>\n<p class=\"\">Tambi\u00e9n regresar\u00e1 a la jaula uno de los favoritos del p\u00fablico: <b>Miguel \u00c1ngel <\/b><b>Colombo <\/b><b>Lozano<\/b>. El luchador de origen colombiano <a href=\"https:\/\/as.com\/masdeporte\/polideportivo\/wow-revoluciona-las-mma-topuria-abascal-y-peleadores-de-ufc-en-madrid-n\/\" target=\"_self\" rel=\"nofollow noopener\" title=\"https:\/\/as.com\/masdeporte\/polideportivo\/wow-revoluciona-las-mma-topuria-abascal-y-peleadores-de-ufc-en-madrid-n\/\">cay\u00f3 a manos del daguestan\u00ed Umakhan Ibragimov por un duro KO<\/a> en el primer asalto. \u201cEsta derrota me ha hecho aprender a vivir en el momento, no pensar en lo que viene despu\u00e9s. No he cambiado mucho la preparaci\u00f3n, porque las otras siete victorias que tuve no fueron por suerte\u201d, asegur\u00f3 Colombo. Ahora, <b>buscar\u00e1 la redenci\u00f3n en una pelea con e<\/b><b>l brasile\u00f1o Everton Cruz<\/b>.<\/p>\n<p class=\"\">Tambi\u00e9n se unir\u00e1n a la fiesta<b> Sebas Santana<\/b>, peleador de PFL, y el estadounidense <b>Ethan Burmingham<\/b>, invicto de cinco victorias, todas acabadas en el primer asalto. Y abrir\u00e1n la cartelera estelar Andrea Meneses y la inglesa Hayley Valentine en el peso \u00e1tomo. \u201cEstamos barajando ir a Francia, Reino Unido, M\u00e9xico&#8230; Espero pronto tener noticias\u201d, concluy\u00f3 Topuria, sobre la expansi\u00f3n de WOW.<\/p>\n<p>Noticias relacionadas<a href=\"https:\/\/as.com\/masdeporte\/polideportivo\/crawford-responde-a-topuria-ese-tio-estaba-borracho-n\/\" class=\"s_m_w\" title=\"El campe\u00f3n de boxeo en cuatro divisiones, que enfrentar\u00e1 a Canelo \u00c1lvarez este fin de semana, se r\u00ede del comentario del hispanogeorgiano. \u201cMuchos chicos de las MMA beben mucho\u201d. \" data-tb-link=\"\" rel=\"nofollow noopener\" target=\"_blank\"><img decoding=\"async\" src=\"https:\/\/www.europesays.com\/es\/wp-content\/uploads\/2025\/09\/LF3TBYQZ35P23PVBBS3CHNTSZU.jpg\" alt=\"Crawford responde a Topuria: \u201cEse t\u00edo estaba borracho\u201d \" class=\"\" height=\"1\" width=\"1\"   loading=\"lazy\" data-tb-thumbnail=\"\"\/><\/a><a href=\"https:\/\/as.com\/masdeporte\/polideportivo\/dana-white-magnate-de-ufc-detras-del-canelo-vs-crawford-cual-es-su-papel-en-el-futuro-del-boxeo-n\/\" class=\"s_m_w\" title=\"El CEO de la compa\u00f1\u00eda de MMA lleg\u00f3 a un acuerdo con Turki Al-Sheikh para crear una nueva promoci\u00f3n de boxeo que simule el funcionamiento de la UFC. \" data-tb-link=\"\" rel=\"nofollow noopener\" target=\"_blank\"><img decoding=\"async\" src=\"https:\/\/www.europesays.com\/es\/wp-content\/uploads\/2025\/09\/YW3R5BRDK2KGDASFLH2MXUMDRM.jpg\" alt=\"Dana White, magnate de UFC, detr\u00e1s del Canelo vs Crawford: \u00bfcu\u00e1l es su papel en el futuro del boxeo? \" class=\"\" height=\"1\" width=\"1\"   loading=\"lazy\" data-tb-thumbnail=\"\"\/><\/a><\/p>\n<p class=\"\"><b>\u00a1Tus opiniones importan!<\/b> Comenta en los art\u00edculos y suscr\u00edbete gratis a nuestra <a href=\"https:\/\/asfan.as.com\/newsletters\/\" target=\"_blank\" rel=\"nofollow noopener\" title=\"https:\/\/asfan.as.com\/newsletters\/\">newsletter<\/a> y a las alertas informativas en la <a href=\"https:\/\/as.com\/aplicacion-de-as-n\/\" target=\"_blank\" rel=\"nofollow noopener\" title=\"https:\/\/as.com\/aplicacion-de-as-n\/\">App<\/a> o el canal de <a href=\"https:\/\/www.whatsapp.com\/channel\/0029VaAasdA7j6g745nz9M10\" target=\"_blank\" rel=\"nofollow noopener\" title=\"https:\/\/www.whatsapp.com\/channel\/0029VaAasdA7j6g745nz9M10\">WhatsApp<\/a>. <\/p>\n<p class=\"\">\u00bfBuscas licenciar contenido? Haz clic <a href=\"https:\/\/profesional.elpais.com\/soluciones-sindicacion?utm_medium=interno&amp;utm_source=crosslinking&amp;utm_campaign=sindicacion_as_pie_articulos\" target=\"_blank\" rel=\"nofollow noopener\" title=\"https:\/\/profesional.elpais.com\/soluciones-sindicacion?utm_medium=interno&amp;utm_source=crosslinking&amp;utm_campaign=sindicacion_as_pie_articulos\">aqu\u00ed<\/a><\/p>\n","protected":false},"excerpt":{"rendered":"WOW regresa este s\u00e1bado (19:00 horas, Movistar+ y UFC Fight Pass) en el Madrid Arena. Ilia Topuria, doble&hellip;\n","protected":false},"author":2,"featured_media":107932,"comment_status":"","ping_status":"","sticky":false,"template":"","format":"standard","meta":{"footnotes":""},"categories":[276],"tags":[168,25,24,23,167,343],"class_list":{"0":"post-107931","1":"post","2":"type-post","3":"status-publish","4":"format-standard","5":"has-post-thumbnail","7":"category-ufc","8":"tag-deportes","9":"tag-es","10":"tag-espana","11":"tag-spain","12":"tag-sports","13":"tag-ufc"},"share_on_mastodon":{"url":"","error":""},"_links":{"self":[{"href":"https:\/\/www.europesays.com\/es\/wp-json\/wp\/v2\/posts\/107931","targetHints":{"allow":["GET"]}}],"collection":[{"href":"https:\/\/www.europesays.com\/es\/wp-json\/wp\/v2\/posts"}],"about":[{"href":"https:\/\/www.europesays.com\/es\/wp-json\/wp\/v2\/types\/post"}],"author":[{"embeddable":true,"href":"https:\/\/www.europesays.com\/es\/wp-json\/wp\/v2\/users\/2"}],"replies":[{"embeddable":true,"href":"https:\/\/www.europesays.com\/es\/wp-json\/wp\/v2\/comments?post=107931"}],"version-history":[{"count":0,"href":"https:\/\/www.europesays.com\/es\/wp-json\/wp\/v2\/posts\/107931\/revisions"}],"wp:featuredmedia":[{"embeddable":true,"href":"https:\/\/www.europesays.com\/es\/wp-json\/wp\/v2\/media\/107932"}],"wp:attachment":[{"href":"https:\/\/www.europesays.com\/es\/wp-json\/wp\/v2\/media?parent=107931"}],"wp:term":[{"taxonomy":"category","embeddable":true,"href":"https:\/\/www.europesays.com\/es\/wp-json\/wp\/v2\/categories?post=107931"},{"taxonomy":"post_tag","embeddable":true,"href":"https:\/\/www.europesays.com\/es\/wp-json\/wp\/v2\/tags?post=107931"}],"curies":[{"name":"wp","href":"https:\/\/api.w.org\/{rel}","templated":true}]}}