{"id":107949,"date":"2025-09-11T14:30:08","date_gmt":"2025-09-11T14:30:08","guid":{"rendered":"https:\/\/www.europesays.com\/es\/107949\/"},"modified":"2025-09-11T14:30:08","modified_gmt":"2025-09-11T14:30:08","slug":"la-agencia-ensalzo-el-brillo-de-la-ficcion-en-abierto-convertida-en-el-punto-de-inflexion-que-telecinco-necesita","status":"publish","type":"post","link":"https:\/\/www.europesays.com\/es\/107949\/","title":{"rendered":"&#8216;La Agencia&#8217; ensalz\u00f3 el brillo de la ficci\u00f3n en abierto, convertida en el punto de inflexi\u00f3n que Telecinco necesita"},"content":{"rendered":"<p class=\"article-text\">\n        <strong>La Agencia <\/strong>abri\u00f3 anoche sus puertas en <strong>Telecinco<\/strong>, elev\u00e1ndola como su gran apuesta de ficci\u00f3n para el arranque de la temporada. Con un estreno que busc\u00f3<strong> combinar el glamour con el costumbrismo<\/strong> m\u00e1s patrio, la nueva serie se present\u00f3 ante los espectadores como un intento para revitalizar tanto la imagen como el prime time de la cadena. Y lo cierto es que su primer pase en abierto <strong>cumpli\u00f3 con las expectativas<\/strong>.\n    <\/p>\n<p>    <a href=\"https:\/\/www.eldiario.es\/entrevistas\/javier-gutierrez-la-agencia-telecinco-serie-riesgo-duracion-si-llega-funcionar-sera-malabarismo-mediaset_1_12589132.html\" data-mrf-recirculation=\"saber-mas\" data-dl-event=\"saber-mas\" rel=\"nofollow noopener\" target=\"_blank\"><\/p>\n<p class=\"know-more__title\">ENTREVISTA | Javier Guti\u00e9rrez abre &#8216;La Agencia&#8217; con el \u00abriesgo\u00bb de su duraci\u00f3n: \u00abSi esto llega a funcionar ser\u00e1 un malabarismo\u00bb<\/p>\n<p>            <img decoding=\"async\" class=\"lazy\" loading=\"lazy\" data-src=\"https:\/\/static.eldiario.es\/clip\/5094fea3-e10f-4af0-a4b7-37f957117279_16-9-aspect-ratio_default_0.jpg\" src=\"data:image\/svg+xml,%3Csvg xmlns=\" http:=\"\" viewbox=\"0 0 880 495\" alt=\"Javier Guti\u00e9rrez abre 'La Agencia' con el &quot;riesgo&quot; de su duraci\u00f3n: &quot;Si esto llega a funcionar ser\u00e1 un malabarismo&quot;\"\/><\/p>\n<p>                        <\/a><\/p>\n<p class=\"article-text\">\n        Producida por <strong>Mediaset Espa\u00f1a<\/strong> en colaboraci\u00f3n con <strong>Good Mood<\/strong> y con el sello de <strong>Daniel \u00c9cija<\/strong>, La Agencia se present\u00f3 ante la audiencia este mi\u00e9rcoles, 10 de septiembre. Por toda la industria es conocido que la ficci\u00f3n en abierto no atraviesa su mejor momento, con Telecinco adem\u00e1s sumida en su particular proceso de reconstrucci\u00f3n, pero la serie que nos ocupa rindi\u00f3 correctamente <a href=\"https:\/\/www.eldiario.es\/vertele\/audiencias-tv\/miercoles-10-septiembre-2025-the-equalizer-2-lidera-juego-de-pelotas-pierde-fuerza-la-agencia-cumple-estreno_1_12594220.html\" data-mrf-recirculation=\"links-noticia\" class=\"link\" rel=\"nofollow noopener\" target=\"_blank\">en audiencias<\/a>: alcanz\u00f3 un <strong>10,9% de cuota de pantalla y roz\u00f3 el mill\u00f3n de espectadores<\/strong>.\n    <\/p>\n<p class=\"article-text\">\n        La fragmentaci\u00f3n de la oferta y los cambios de h\u00e1bitos en el consumo televisivo modificaron por completo el panorama medi\u00e1tico de nuestro pa\u00eds. Anta\u00f1o, lo habitual era que las familias se reuniesen alrededor del sof\u00e1 para disfrutar de una serie como La Agencia, copada por grandes rostros de la interpretaci\u00f3n de nuestro pa\u00eds. Ahora, las m\u00faltiples ventanas y la libre elecci\u00f3n horaria condicionan por completo el baremo para hablar de &#8216;\u00e9xito&#8217;. <strong>Si este producto mantiene \u00edndices similares, la apuesta arrojar\u00e1 resultados positivos<\/strong>.\n    <\/p>\n<p>    &#8216;La Agencia&#8217; tiene gancho (visual y narrativo)<\/p>\n<p class=\"article-text\">\n        Pero m\u00e1s all\u00e1 del contexto, La Agencia demostr\u00f3 ayer su firme intenci\u00f3n de elevarse como un producto de referencia. Posiblemente, la principal baza con la que jug\u00f3 tiene que ver con su <strong>gancho visual y narrativo<\/strong>. La identidad visual de la serie es claramente reconocible por su <strong>cuidada fotograf\u00eda<\/strong>, el dise\u00f1o de la escenograf\u00eda y hasta el vestuario. En tiempos de infinidad de contenidos, <strong>una est\u00e9tica cuidada es fundamental <\/strong>para atraer a la audiencia.\n    <\/p>\n<p class=\"article-text\">\n        Llegados a este punto, un factor clave a destacar tiene que ver con su <strong>estilo<\/strong>. La Agencia te lleva inevitablemente a <strong>\u00e9xitos pasados de nuestra televisi\u00f3n<\/strong>, pero logra no caer en la comparaci\u00f3n directa. Un simple vistazo a la sede de la ficticia Rebecca Talent evoca a las redacciones tan m\u00edticas como las de <strong>Periodistas <\/strong><strong>o <\/strong><strong>B&amp;B<\/strong>. Tambi\u00e9n el costumbrismo impregnado en sus tramas, amplificado por las grandes actuaciones de <a href=\"https:\/\/www.eldiario.es\/vertele\/entrevistas\/javier-gutierrez-la-agencia-telecinco-serie-riesgo-duracion-si-llega-funcionar-sera-malabarismo-mediaset_1_12589132.html\" data-mrf-recirculation=\"links-noticia\" class=\"link\" rel=\"nofollow noopener\" target=\"_blank\"><strong>Javier Guti\u00e9rrez<\/strong><\/a> o <strong>Manuela Velasco<\/strong>, te lleva inevitablemente al aclamado surrealismo de <strong>Paquita Salas<\/strong>.\n    <\/p>\n<p class=\"article-text\">\n        Cuando hablamos de comedia, <strong>el ritmo es fundamental<\/strong>. La Agencia tambi\u00e9n cumple en este sentido: mantiene al espectador pegado a ese <strong>juego de poder<\/strong> habitual en la industria de la interpretaci\u00f3n. Y hablando de &#8216;juegos&#8217;, en una serie como esta no pod\u00eda faltar el<strong> jaleo en las relaciones personales<\/strong> de todos sus personajes. Hay tensi\u00f3n, hay emoci\u00f3n, hay costumbrismo, hay drama\u2026 todos estos elementos logran un gran equilibrio que hace las veces de im\u00e1n con el espectador.\n    <\/p>\n<p>    Comedia con mensaje y trasfondo social<\/p>\n<p class=\"article-text\">\n        \u00bfQu\u00e9 m\u00e1s ingredientes hacen falta para que una serie logre colocarse en el radar de los espectadores tras un primer pase? Efectivamente, un <strong>mensaje y trasfondo social<\/strong>. La intervenci\u00f3n de <strong>Bel\u00e9n Rueda<\/strong> en La Agencia toca directamente un punto de rabiosa actualidad:<strong> el edadismo y el papel de la mujer en el panorama medi\u00e1tico<\/strong>. Este debate est\u00e1 presente y, unido a una grande de la industria como ella, llega exactamente donde tiene que llegar.\n    <\/p>\n<p>    <a href=\"https:\/\/www.eldiario.es\/vertele\/series\/oasis-serie-ana-garces-bambu-netflix-protagonista-victoria-kantch_1_12592386.html\" data-mrf-recirculation=\"saber-mas-abajo\" data-dl-event=\"saber-mas-abajo\" rel=\"nofollow noopener\" target=\"_blank\"><\/p>\n<p class=\"know-more__title\">&#8216;Oasis&#8217;, la nueva serie de Bamb\u00fa para Netflix, desvela a su otra protagonista junto a Ana Garc\u00e9s<\/p>\n<p>            <img decoding=\"async\" class=\"lazy\" loading=\"lazy\" data-src=\"https:\/\/static.eldiario.es\/clip\/74720208-8252-4f81-a7c0-c8cb49c1f18c_16-9-aspect-ratio_default_0.jpg\" src=\"data:image\/svg+xml,%3Csvg xmlns=\" http:=\"\" viewbox=\"0 0 880 495\" alt=\"'Oasis', la nueva serie de Bamb\u00fa para Netflix, desvela a su otra protagonista junto a Ana Garc\u00e9s\"\/><\/p>\n<p>                        <\/a><\/p>\n<p class=\"article-text\">\n        Como se ha referido en p\u00e1rrafos anteriores, <strong>La Agencia<\/strong><strong> es muy importante para Telecinco<\/strong>. La cadena viene de vivir en agosto su <a href=\"https:\/\/www.eldiario.es\/vertele\/audiencias-tv\/agosto-2025-mes-antena-3-lidera-telecinco-peor-historia-la-1-bate-record-12-anos-lasexta-cuatro_1_12564327.html\" data-mrf-recirculation=\"links-noticia\" class=\"link\" rel=\"nofollow noopener\" target=\"_blank\">peor mes hist\u00f3rico<\/a>, y esta serie es toda una declaraci\u00f3n de intenciones. Albergar en su prime time un buen producto con actores de primera l\u00ednea es clave para reposicionarse entre los espectadores. Ahora, queda por ver c\u00f3mo avanza su rendimiento en abierto y su capacidad para atraer fieles a su reci\u00e9n estrenada Mediaset Infinity.\n    <\/p>\n","protected":false},"excerpt":{"rendered":"La Agencia abri\u00f3 anoche sus puertas en Telecinco, elev\u00e1ndola como su gran apuesta de ficci\u00f3n para el arranque&hellip;\n","protected":false},"author":2,"featured_media":107950,"comment_status":"","ping_status":"","sticky":false,"template":"","format":"standard","meta":{"footnotes":""},"categories":[171],"tags":[146,147,25,24,37238,29714,955,156,23,692,214],"class_list":{"0":"post-107949","1":"post","2":"type-post","3":"status-publish","4":"format-standard","5":"has-post-thumbnail","7":"category-tv","8":"tag-entertainment","9":"tag-entretenimiento","10":"tag-es","11":"tag-espana","12":"tag-ficcion-abierto","13":"tag-la-agencia","14":"tag-mediaset","15":"tag-serie","16":"tag-spain","17":"tag-telecinco","18":"tag-tv"},"share_on_mastodon":{"url":"","error":""},"_links":{"self":[{"href":"https:\/\/www.europesays.com\/es\/wp-json\/wp\/v2\/posts\/107949","targetHints":{"allow":["GET"]}}],"collection":[{"href":"https:\/\/www.europesays.com\/es\/wp-json\/wp\/v2\/posts"}],"about":[{"href":"https:\/\/www.europesays.com\/es\/wp-json\/wp\/v2\/types\/post"}],"author":[{"embeddable":true,"href":"https:\/\/www.europesays.com\/es\/wp-json\/wp\/v2\/users\/2"}],"replies":[{"embeddable":true,"href":"https:\/\/www.europesays.com\/es\/wp-json\/wp\/v2\/comments?post=107949"}],"version-history":[{"count":0,"href":"https:\/\/www.europesays.com\/es\/wp-json\/wp\/v2\/posts\/107949\/revisions"}],"wp:featuredmedia":[{"embeddable":true,"href":"https:\/\/www.europesays.com\/es\/wp-json\/wp\/v2\/media\/107950"}],"wp:attachment":[{"href":"https:\/\/www.europesays.com\/es\/wp-json\/wp\/v2\/media?parent=107949"}],"wp:term":[{"taxonomy":"category","embeddable":true,"href":"https:\/\/www.europesays.com\/es\/wp-json\/wp\/v2\/categories?post=107949"},{"taxonomy":"post_tag","embeddable":true,"href":"https:\/\/www.europesays.com\/es\/wp-json\/wp\/v2\/tags?post=107949"}],"curies":[{"name":"wp","href":"https:\/\/api.w.org\/{rel}","templated":true}]}}